{"id":963,"date":"2025-09-24T11:10:35","date_gmt":"2025-09-24T09:10:35","guid":{"rendered":"https:\/\/sportowyfyrtel.pl\/5\/?p=963"},"modified":"2025-09-24T19:46:48","modified_gmt":"2025-09-24T17:46:48","slug":"tanczcie-razem-z-nami-zapraszamy-do-udzialu-w-zajeciach-dla-dzieci-na-terenie-good-vibes-studio-tanca-przy-ul-swit-34-2","status":"publish","type":"post","link":"https:\/\/sportowyfyrtel.pl\/5\/2025\/09\/24\/tanczcie-razem-z-nami-zapraszamy-do-udzialu-w-zajeciach-dla-dzieci-na-terenie-good-vibes-studio-tanca-przy-ul-swit-34-2\/","title":{"rendered":"Ta\u0144czcie razem z nami! Zapraszamy do udzia\u0142u w zaj\u0119ciach dla dzieci na terenie Good Vibes Studio Ta\u0144ca przy ul. \u015awit 34!"},"content":{"rendered":"<p>Czo\u0142em Fyrtel nr 5! Nie zwalniamy tempa i zapraszamy dzieci, m\u0142odzie\u017c, doros\u0142ych i senior\u00f3w zamieszkuj\u0105cych rejon Grunwald P\u00f3\u0142noc, Grunwald Po\u0142udnie, a tak\u017ce Stary Grunwald do wsp\u00f3lnego aktywno\u015bci w ramach tegorocznej edycji programu Nasz Sportowy Fyrtel (Grunwald \u2013 M\u00f3j Sportowy Azyl ze sportowym AWF-em)! Do\u0142\u0105cz do nas i zadbaj o form\u0119 cia\u0142a oraz ducha w trakcie kolejnych darmowych zaj\u0119\u0107, kt\u00f3re w wyniku wsp\u00f3\u0142pracy z Radami Osiedla po raz kolejny ale mamy nadziej\u0119 nie ostatni go\u015bci\u0107 b\u0119d\u0105 na terenie Waszej dzielnicy w 2025 roku!<\/p>\n<hr \/>\n<h3><strong>STREET DANCE DLA DZIECI W WIEKU 7 \u2013 12 LAT<\/strong><\/h3>\n<p>Zaj\u0119cia typu Street Dance dla dzieci w wieku 7-12 lat w ramach programu Nasz Sportowy Fyrtel to dynamiczna i pe\u0142na energii forma aktywno\u015bci, kt\u00f3ra \u0142\u0105czy r\u00f3\u017cne style ta\u0144ca ulicznego, takie jak hip-hop, breakdance, popping czy locking. To doskona\u0142a okazja, by dzieci mog\u0142y rozwija\u0107 koordynacj\u0119 ruchow\u0105, poczucie rytmu oraz kreatywno\u015b\u0107 w swobodnym i przyjaznym \u015brodowisku. Treningi opieraj\u0105 si\u0119 na nauce podstawowych krok\u00f3w i sekwencji tanecznych, kt\u00f3re s\u0105 dostosowane do wieku i mo\u017cliwo\u015bci uczestnik\u00f3w, dzi\u0119ki czemu ka\u017cde dziecko mo\u017ce czu\u0107 si\u0119 pewnie i komfortowo. Street Dance to nie tylko \u015bwietna forma aktywno\u015bci fizycznej, ale r\u00f3wnie\u017c spos\u00f3b na budowanie pewno\u015bci siebie, wyra\u017canie emocji poprzez taniec oraz nauka pracy zespo\u0142owej. Regularny udzia\u0142 w zaj\u0119ciach pomaga w rozwijaniu sprawno\u015bci i gibko\u015bci, poprawia kondycj\u0119 oraz wzmacnia mi\u0119\u015bnie, a przy tym pozwala dzieciom czerpa\u0107 rado\u015b\u0107 z ruchu i muzyki. Dzi\u0119ki kreatywnemu podej\u015bciu do nauki ta\u0144ca dzieci mog\u0105 odkrywa\u0107 w\u0142asny styl, uczy\u0107 si\u0119 improwizacji oraz rozwija\u0107 zdolno\u015bci motoryczne w spos\u00f3b naturalny i bez presji. Zaj\u0119cia prowadzone s\u0105 w przyjaznej atmosferze, pe\u0142nej pozytywnej energii i dobrej zabawy, co sprawia, \u017ce dzieci ch\u0119tnie anga\u017cuj\u0105 si\u0119 w aktywno\u015b\u0107 i z rado\u015bci\u0105 uczestnicz\u0105 w zaj\u0119ciach. Dodatkowo, Street Dance uczy samodyscypliny i wytrwa\u0142o\u015bci, pomagaj\u0105c dzieciom rozwija\u0107 umiej\u0119tno\u015b\u0107 koncentracji i systematycznej pracy nad sob\u0105. To idealna propozycja dla wszystkich, kt\u00f3rzy chc\u0105 nie tylko ta\u0144czy\u0107, ale tak\u017ce rozwija\u0107 pasj\u0119 do muzyki i ruchu w inspiruj\u0105cym otoczeniu.<\/p>\n<p><strong>Lokalizacja:<\/strong>\u00a0Good Vibes Studio Ta\u0144ca przy ul. \u015awit 34<br \/>\n<strong>Termin:<\/strong>\u00a0wtorki w godzinach 17:15 \u2013 18:15<br \/>\n<strong>Zapisy: <\/strong>w formie SMS pod nr tel. 452419618 (od dnia 15 wrze\u015bnia (poniedzia\u0142ek) od godziny 9:00 rozpoczn\u0105 si\u0119 zapisy dla os\u00f3b, kt\u00f3re nie uczestniczy\u0142y wcze\u015bniej w danych zaj\u0119ciach w bie\u017c\u0105cym roku lub znajdowali si\u0119 na listach rezerwowych czy oczekuj\u0105cych, od dnia 17 wrze\u015bnia (\u015broda) od godziny 9:00 zapisy dla pozosta\u0142ych os\u00f3b w tym uczestnicz\u0105cych w poszczeg\u00f3lnych zaj\u0119ciach w ramach wiosenno \u2013 letniej ods\u0142ony projektu w bie\u017c\u0105cym roku, zapisy z\u0142o\u017cone przed terminem rozpocz\u0119cia rekrutacji nie b\u0119d\u0105 uwzgl\u0119dnione!)<strong><br \/>\nStart:<\/strong> 15 wrze\u015bnia<\/p>\n<p>&nbsp;<\/p>\n<h3><strong>CHEERLEADERKI DLA DZIECI W WIEKU 7 \u2013 12 LAT<\/strong><\/h3>\n<p>Zaj\u0119cia Cheerleaderki dla dzieci w wieku 7-12 lat w ramach programu Nasz Sportowy Fyrtel to doskona\u0142e po\u0142\u0105czenie ta\u0144ca, gimnastyki i element\u00f3w akrobatyki, kt\u00f3re rozwija sprawno\u015b\u0107 fizyczn\u0105, koordynacj\u0119 i poczucie rytmu. Podczas zaj\u0119\u0107 dzieci ucz\u0105 si\u0119 dynamicznych uk\u0142ad\u00f3w choreograficznych z wykorzystaniem pompon\u00f3w, efektownych skok\u00f3w oraz prostych element\u00f3w akrobatycznych, kt\u00f3re wzmacniaj\u0105 cia\u0142o i poprawiaj\u0105 elastyczno\u015b\u0107. Dzi\u0119ki r\u00f3\u017cnorodnym \u0107wiczeniom rozwijaj\u0105 si\u0142\u0119, zwinno\u015b\u0107 i wytrzyma\u0142o\u015b\u0107, jednocze\u015bnie ucz\u0105c si\u0119 pracy zespo\u0142owej, dyscypliny i wsp\u00f3\u0142pracy z r\u00f3wie\u015bnikami. Cheerleading to nie tylko sport, ale tak\u017ce forma ekspresji artystycznej, kt\u00f3ra pozwala dzieciom na wyra\u017canie emocji poprzez ruch, muzyk\u0119 i synchronizacj\u0119 grupow\u0105. Regularne uczestnictwo w zaj\u0119ciach pomaga w budowaniu pewno\u015bci siebie, poprawia koncentracj\u0119 oraz uczy systematyczno\u015bci i odpowiedzialno\u015bci. Treningi odbywaj\u0105 si\u0119 w atmosferze rado\u015bci i pozytywnej energii, co sprawia, \u017ce dzieci ch\u0119tnie anga\u017cuj\u0105 si\u0119 w \u0107wiczenia, jednocze\u015bnie rozwijaj\u0105c kreatywno\u015b\u0107 i pasj\u0119 do aktywno\u015bci fizycznej. Dzi\u0119ki wsparciu trener\u00f3w ka\u017cde dziecko ma szans\u0119 na indywidualny rozw\u00f3j, a sukcesy zespo\u0142owe wzmacniaj\u0105 poczucie przynale\u017cno\u015bci i motywacj\u0119 do dalszej pracy. Cheerleading to \u015bwietna forma aktywno\u015bci, kt\u00f3ra \u0142\u0105czy sport z zabaw\u0105, wspiera rozw\u00f3j motoryczny i uczy dzieci zdrowej rywalizacji w duchu fair play.<\/p>\n<p><strong>Lokalizacja:<\/strong>\u00a0Good Vibes Studio Ta\u0144ca przy ul. \u015awit 34<br \/>\n<strong>Termin:<\/strong>\u00a0czwartki w godzinach 17:15 \u2013 18:15<br \/>\n<strong>Zapisy: <\/strong>w formie SMS pod nr tel. 452419618 (od dnia 15 wrze\u015bnia (poniedzia\u0142ek) od godziny 9:00 rozpoczn\u0105 si\u0119 zapisy dla os\u00f3b, kt\u00f3re nie uczestniczy\u0142y wcze\u015bniej w danych zaj\u0119ciach w bie\u017c\u0105cym roku lub znajdowali si\u0119 na listach rezerwowych czy oczekuj\u0105cych, od dnia 17 wrze\u015bnia (\u015broda) od godziny 9:00 zapisy dla pozosta\u0142ych os\u00f3b w tym uczestnicz\u0105cych w poszczeg\u00f3lnych zaj\u0119ciach w ramach wiosenno \u2013 letniej ods\u0142ony projektu w bie\u017c\u0105cym roku, zapisy z\u0142o\u017cone przed terminem rozpocz\u0119cia rekrutacji nie b\u0119d\u0105 uwzgl\u0119dnione!)<strong><br \/>\nStart:<\/strong> 15 wrze\u015bnia<\/p>\n<hr \/>\n<p><strong>Uwaga! Pomimo braku wystarczaj\u0105cej liczby g\u0142os\u00f3w w Pozna\u0144skim Bud\u017cecie Obywatelskim realizowa\u0107 b\u0119dziemy zaj\u0119cia sportowo \u2013 rekreacyjne czy inne wydarzenia w ramach projektu Grunwald \u2013 M\u00f3j Sportowy Azyl ze sportowym AWF-em jednak pami\u0119tajcie, \u017ce ilo\u015b\u0107 zaj\u0119\u0107 na terenie rejonu nr 5 b\u0119dzie znacznie ograniczona wzgl\u0119dem pozosta\u0142ych rejon\u00f3w, poniewa\u017c realizowa\u0107 b\u0119dziemy tylko cz\u0119\u015b\u0107 programu. W przypadku ch\u0119ci rozszerzenia oferty darmowych zaj\u0119\u0107 sportowo \u2013 rekreacyjnych dla mieszka\u0144c\u00f3w rejonu Grunwald P\u00f3\u0142noc, Grunwald Po\u0142udnie czy Stary Grunwald ju\u017c teraz ponownie zach\u0119camy do g\u0142osowania na projekt Nasz Sportowy Fyrtel w Pozna\u0144skim Bud\u017cecie Obywatelskiem 2026 bo tylko od Waszego poparcia zale\u017cy dalsza realizacji projektu, a przede wszystkim ilo\u015b\u0107 bezp\u0142atnych aktywno\u015bci.<\/strong><\/p>\n<hr \/>\n<p><strong>Program Nasz Sportowy Fyrtel (Grunwald \u2013 M\u00f3j Sportowy Azyl ze sportowym AWF-em) na terenie rejonu nr 5 przeznaczony jest tylko i wy\u0142\u0105cznie mieszka\u0144com dzielnicy Grunwald P\u00f3\u0142noc, Grunwald Po\u0142udnie, a tak\u017ce Stary Grunwald!<\/strong><\/p>\n<ul>\n<li><strong>Regulamin, kt\u00f3rego akceptacja jest niezb\u0119dna do udzia\u0142u w zaj\u0119ciach sportowo \u2013 rekreacyjnych, wydarzeniach czy innych aktywno\u015bciach w ramach programu znajdziesz\u00a0<a href=\"https:\/\/sportowyfyrtel.pl\/5\/regulamin\/\">TUTAJ<\/a>.<\/strong><\/li>\n<li><strong>O\u015bwiadczenie uczestnika, kt\u00f3rego wype\u0142nienie jest niezb\u0119dne do udzia\u0142u w zaj\u0119ciach, a kt\u00f3re nale\u017cy starannie i czytelnie wype\u0142ni\u0107, a nast\u0119pnie zwr\u00f3ci\u0107 trenerowi lub instruktorowi pobierzesz\u00a0<a href=\"https:\/\/sportowyfyrtel.pl\/5\/do-pobrania\/\">TUTAJ<\/a>.<\/strong><\/li>\n<li><strong>Plan zaj\u0119\u0107, kt\u00f3ry nale\u017cy \u015bledzi\u0107 \u017ceby sprawdzi\u0107 czy dane zaj\u0119cia nie zosta\u0142y odwo\u0142ane dost\u0119pny jest\u00a0<a href=\"https:\/\/sportowyfyrtel.pl\/5\/godziny-zajec\/\">TUTAJ<\/a>.<\/strong><\/li>\n<li><strong>Opis zaj\u0119\u0107, gdzie mo\u017cecie zapozna\u0107 si\u0119 r\u00f3wnie\u017c z informacjami o danych zaj\u0119ciach, lokalizacj\u0105, a tak\u017ce form\u0105 zapis\u00f3w czeka na Was\u00a0<a href=\"https:\/\/sportowyfyrtel.pl\/5\/opis-zajec\/\">TUTAJ<\/a>.<\/strong><\/li>\n<li><strong>Kliknijcie\u00a0<a href=\"https:\/\/www.facebook.com\/groups\/fyrtel5\">TUTAJ<\/a>, \u017ce do\u0142\u0105czy\u0107 do grupy na portalu Facebook dedykowanej uczestnikom zaj\u0119\u0107 na terenie rejonu nr 4, a jednocze\u015bnie mieszka\u0144com dzielnicy Grunwald P\u00f3\u0142noc, Grunwald Po\u0142udnie, a tak\u017ce Stary Grunwald, gdzie znajdziecie relacje z zaj\u0119\u0107 czy innych organizowanych aktywno\u015bci, zapowiedzi, komunikaty, a tak\u017ce og\u0142oszenia dotycz\u0105ce realizacji projektu w 2025 roku.<\/strong><\/li>\n<\/ul>\n<p><strong>Projekt finansowany ze \u015brodk\u00f3w Wydzia\u0142u Sportu Urz\u0119du Miasta Poznania w ramach Pozna\u0144skiego Bud\u017cetu Obywatelskiego 2025 dzi\u0119ki g\u0142osom mieszka\u0144c\u00f3w Poznania!<\/strong><\/p>\n<p><strong>Problemy, pytania i w\u0105tpliwo\u015bci kierujcie na adres e-mail: 5@sportowyfyrtel.pl.<\/strong><\/p>\n","protected":false},"excerpt":{"rendered":"<p>Czo\u0142em Fyrtel nr 5! Nie zwalniamy tempa i zapraszamy dzieci, m\u0142odzie\u017c, doros\u0142ych i senior\u00f3w zamieszkuj\u0105cych rejon Grunwald P\u00f3\u0142noc, Grunwald Po\u0142udnie, a tak\u017ce Stary Grunwald do wsp\u00f3lnego aktywno\u015bci w ramach tegorocznej edycji programu Nasz Sportowy Fyrtel (Grunwald \u2013 M\u00f3j Sportowy Azyl ze sportowym AWF-em)! Do\u0142\u0105cz do nas i zadbaj o form\u0119 cia\u0142a oraz ducha w trakcie [&#8230;]<\/p>\n<p><a class=\"btn btn-secondary understrap-read-more-link\" href=\"https:\/\/sportowyfyrtel.pl\/5\/2025\/09\/24\/tanczcie-razem-z-nami-zapraszamy-do-udzialu-w-zajeciach-dla-dzieci-na-terenie-good-vibes-studio-tanca-przy-ul-swit-34-2\/\">Czytaj dalej\u2026<\/a><\/p>\n","protected":false},"author":10,"featured_media":0,"comment_status":"closed","ping_status":"closed","sticky":false,"template":"","format":"standard","meta":{"footnotes":""},"categories":[1],"tags":[],"_links":{"self":[{"href":"https:\/\/sportowyfyrtel.pl\/5\/wp-json\/wp\/v2\/posts\/963"}],"collection":[{"href":"https:\/\/sportowyfyrtel.pl\/5\/wp-json\/wp\/v2\/posts"}],"about":[{"href":"https:\/\/sportowyfyrtel.pl\/5\/wp-json\/wp\/v2\/types\/post"}],"author":[{"embeddable":true,"href":"https:\/\/sportowyfyrtel.pl\/5\/wp-json\/wp\/v2\/users\/10"}],"replies":[{"embeddable":true,"href":"https:\/\/sportowyfyrtel.pl\/5\/wp-json\/wp\/v2\/comments?post=963"}],"version-history":[{"count":4,"href":"https:\/\/sportowyfyrtel.pl\/5\/wp-json\/wp\/v2\/posts\/963\/revisions"}],"predecessor-version":[{"id":1151,"href":"https:\/\/sportowyfyrtel.pl\/5\/wp-json\/wp\/v2\/posts\/963\/revisions\/1151"}],"wp:attachment":[{"href":"https:\/\/sportowyfyrtel.pl\/5\/wp-json\/wp\/v2\/media?parent=963"}],"wp:term":[{"taxonomy":"category","embeddable":true,"href":"https:\/\/sportowyfyrtel.pl\/5\/wp-json\/wp\/v2\/categories?post=963"},{"taxonomy":"post_tag","embeddable":true,"href":"https:\/\/sportowyfyrtel.pl\/5\/wp-json\/wp\/v2\/tags?post=963"}],"curies":[{"name":"wp","href":"https:\/\/api.w.org\/{rel}","templated":true}]}}