{"id":1297,"date":"2026-02-18T00:30:44","date_gmt":"2026-02-17T23:30:44","guid":{"rendered":"https:\/\/sportowyfyrtel.pl\/5\/?p=1297"},"modified":"2026-02-22T22:36:59","modified_gmt":"2026-02-22T21:36:59","slug":"czas-na-nowosci-rusza-salsation-kids-i-salsation-w-sali-na-terenie-szkoly-podstawowej-nr-74-przy-ul-trybunalskiej-17","status":"publish","type":"post","link":"https:\/\/sportowyfyrtel.pl\/5\/2026\/02\/18\/czas-na-nowosci-rusza-salsation-kids-i-salsation-w-sali-na-terenie-szkoly-podstawowej-nr-74-przy-ul-trybunalskiej-17\/","title":{"rendered":"Czas na nowo\u015bci! Rusza Salsation Kids i Salsation w sali na terenie Szko\u0142y Podstawowej nr 74 przy ul. Trybunalskiej 17!"},"content":{"rendered":"<p>Czo\u0142em Fyrtel nr 5!\u00a0 Zapraszamy dzieci, m\u0142odzie\u017c, doros\u0142ych i senior\u00f3w zamieszka\u0142ych na terenie dzielnic Grunwald P\u00f3\u0142noc, Grunwald Po\u0142udnie oraz Stary Grunwald do wsp\u00f3lnej aktywno\u015bci w poni\u017cszych zaj\u0119ciach sportowo \u2013 rekreacyjnych w ramach tegorocznej edycji programu Nasz Sportowy Fyrtel. Zapro\u015bcie rodzin\u0119, znajomych i s\u0105siad\u00f3w \u2014 do\u0142\u0105czcie do nas i zadbajcie o form\u0119 cia\u0142a oraz ducha podczas darmowych zaj\u0119\u0107 sportowo-rekreacyjnych, kt\u00f3re ponownie (i mamy nadziej\u0119 \u2014 nie ostatni!) zagoszcz\u0105 na terenie Waszych osiedli w 2026 roku.<\/p>\n<p>Pami\u0119tajcie, \u017ce to Wasz projekt \u2014 wybrany przez mieszka\u0144c\u00f3w i tworzony dla mieszka\u0144c\u00f3w. Jego realizacja zale\u017cy w du\u017cej mierze od Waszej obecno\u015bci i regularnego udzia\u0142u w zaj\u0119ciach (minimalna \u015brednia frekwencja to 10 os\u00f3b).<\/p>\n<p>Prosimy o stosowanie si\u0119 do wskazanej formy zapis\u00f3w oraz o uszanowanie czasu prywatnego trener\u00f3w i instruktor\u00f3w. Wiadomo\u015bci SMS oraz pr\u00f3by kontaktu telefonicznego w p\u00f3\u017anych godzinach wieczornych i nocnych zaburzaj\u0105 odpoczynek os\u00f3b, kt\u00f3re nast\u0119pnego dnia prowadz\u0105 dla Was zaj\u0119cia i chc\u0105 by\u0107 w pe\u0142ni gotowe do pracy. Warunkiem udzia\u0142u w zaj\u0119ciach jest zaakceptowanie regulaminu, czytelne i staranne wype\u0142nienie oraz podpisanie O\u015bwiadczenia uczestnika, przekazanie dokument\u00f3w trenerowi lub instruktorowi przed pierwszymi zaj\u0119ciami, a tak\u017ce zapisanie si\u0119 na zaj\u0119cia i uzyskanie potwierdzenia od prowadz\u0105cego o przyj\u0119ciu na list\u0119 uczestnik\u00f3w.<\/p>\n<p>\u015aled\u017acie nasze media spo\u0142eczno\u015bciowe i stron\u0119 internetow\u0105, \u017ceby by\u0107 na bie\u017c\u0105co z przygotowanymi zaj\u0119ciami, wydarzeniami czy atrakcjami! Do zobaczenia!<\/p>\n<hr \/>\n<h3><strong>SALSATION KIDS<\/strong><\/h3>\n<p>Zapraszamy wszystkie dzieci na niezwykle radosn\u0105 przygod\u0119 z ruchem, gdzie taniec staje si\u0119 najlepszym sposobem na budowanie pewno\u015bci siebie i zdrowych nawyk\u00f3w od najm\u0142odszych lat. Salsation Kids to nie tylko nauka krok\u00f3w, to przede wszystkim program rozwijaj\u0105cy muzykalno\u015b\u0107, koordynacj\u0119 ruchow\u0105 oraz \u015bwiadomo\u015b\u0107 w\u0142asnego cia\u0142a w spos\u00f3b ca\u0142kowicie bezstresowy i zabawowy. Podczas zaj\u0119\u0107 dzieci poznaj\u0105 r\u00f3\u017cnorodne rytmy, ucz\u0105c si\u0119 radosnych choreografii, kt\u00f3re poprawiaj\u0105 ich zwinno\u015b\u0107, gibko\u015b\u0107 oraz pami\u0119\u0107 ruchow\u0105, co ma ogromne znaczenie dla ich og\u00f3lnego rozwoju psychofizycznego. Ka\u017cde spotkanie to nowa dawka endorfin, kt\u00f3ra pozwala dzieciom pozytywnie roz\u0142adowa\u0107 energi\u0119 po lekcjach i wr\u00f3ci\u0107 do domu z u\u015bmiechem na twarzy. Pod okiem profesjonalnej instruktorki m\u0142odzi tancerze buduj\u0105 silne i sprawne cia\u0142o, ucz\u0105c si\u0119 jednocze\u015bnie, \u017ce aktywno\u015b\u0107 fizyczna to przede wszystkim czysta frajda i spos\u00f3b na nawi\u0105zanie wspania\u0142ych przyja\u017ani.<\/p>\n<p><strong>Lokalizacja:<\/strong> Szko\u0142a Podstawowa nr 74 przy ul. Trybunalskiej 17<br \/>\n<strong>Termin:<\/strong> pi\u0105tki w godzinach 17:45 \u2013 18:45<br \/>\n<strong>Zapisy:<\/strong> w formie SMS o tre\u015bci imi\u0119, nazwisko, numer fyrtla, nazwa zaj\u0119\u0107, lokalizacja zaj\u0119\u0107 pod nr tel. 503717391 (od dnia 24 lutego w godzinach 9:00 \u2013 19:00 dla os\u00f3b, kt\u00f3re nie uczestniczy\u0142y w danych zaj\u0119ciach w 2025 roku, od dnia 26 lutego w godzinach 9:00 \u2013 19:00 zapisy dla pozosta\u0142ych os\u00f3b, w tym r\u00f3wnie\u017c uczestnicz\u0105cych w danych zaj\u0119ciach w ramach wiosennej oraz letniej ods\u0142ony projektu w 2025 roku, odpowiedzi udzielone zostan\u0105 do 48 godzin po otrzymaniu wiadomo\u015bci SMS, zapisy z\u0142o\u017cone przed terminem rozpocz\u0119cia rekrutacji nie b\u0119d\u0105 uwzgl\u0119dnione!)<br \/>\n<strong>Start:<\/strong> 6 marca<\/p>\n<p>&nbsp;<\/p>\n<h3><strong>SALSATION<\/strong><\/h3>\n<p>Przygotuj si\u0119 na porywaj\u0105cy trening, kt\u00f3ry odmieni Twoje podej\u015bcie do fitnessu i sprawi, \u017ce pokochasz ruch w rytmie najgor\u0119tszych hit\u00f3w z ca\u0142ego \u015bwiata. Salsation to unikalny system taneczny, kt\u00f3ry w mistrzowski spos\u00f3b \u0142\u0105czy rado\u015b\u0107 p\u0142yn\u0105c\u0105 z muzyki z elementami treningu funkcjonalnego, co pozwala na jednoczesne modelowanie sylwetki i popraw\u0119 nastroju. Podczas zaj\u0119\u0107 ka\u017cda choreografia opowiada swoj\u0105 w\u0142asn\u0105 histori\u0119, anga\u017cuj\u0105c wszystkie partie mi\u0119\u015bniowe w spos\u00f3b p\u0142ynny, naturalny i ca\u0142kowicie bezpieczny dla Twoich staw\u00f3w. G\u0142\u00f3wn\u0105 korzy\u015bci\u0105 z regularnego udzia\u0142u jest niesamowite odstresowanie, uwolnienie ekspresji oraz poprawa mobilno\u015bci ca\u0142ego cia\u0142a, co bezpo\u015brednio przek\u0142ada si\u0119 na wi\u0119ksz\u0105 pewno\u015b\u0107 siebie i lepsz\u0105 postaw\u0119 na co dzie\u0144. To idealna okazja, by spali\u0107 setki kalorii w radosnej atmosferze, gdzie liczy si\u0119 jedynie wsp\u00f3lna zabawa i pozytywna energia p\u0142yn\u0105ca z grupy. Niezale\u017cnie od Twoich umiej\u0119tno\u015bci tanecznych, proste i logiczne sekwencje ruch\u00f3w sprawi\u0105, \u017ce ju\u017c od pierwszych minut poczujesz flow i wyjdziesz z zaj\u0119\u0107 na\u0142adowany optymizmem.<\/p>\n<p><strong>Lokalizacja:<\/strong> Szko\u0142a Podstawowa nr 74 przy ul. Trybunalskiej 17<br \/>\n<strong>Termin:<\/strong> pi\u0105tki w godzinach 18:45 \u2013 19:45<br \/>\n<strong>Zapisy:<\/strong> w formie SMS o tre\u015bci imi\u0119, nazwisko, numer fyrtla, nazwa zaj\u0119\u0107, lokalizacja zaj\u0119\u0107 pod nr tel. 503717391 (od dnia 24 lutego w godzinach 9:00 \u2013 19:00 dla os\u00f3b, kt\u00f3re nie uczestniczy\u0142y w danych zaj\u0119ciach w 2025 roku, od dnia 26 lutego w godzinach 9:00 \u2013 19:00 zapisy dla pozosta\u0142ych os\u00f3b, w tym r\u00f3wnie\u017c uczestnicz\u0105cych w danych zaj\u0119ciach w ramach wiosennej oraz letniej ods\u0142ony projektu w 2025 roku, odpowiedzi udzielone zostan\u0105 do 48 godzin po otrzymaniu wiadomo\u015bci SMS, zapisy z\u0142o\u017cone przed terminem rozpocz\u0119cia rekrutacji nie b\u0119d\u0105 uwzgl\u0119dnione!)<br \/>\n<strong>Start:<\/strong> 6 marca<\/p>\n<hr \/>\n<h3><strong>UWAGA!<\/strong><\/h3>\n<p><strong>Pomimo braku wystarczaj\u0105cej liczby g\u0142os\u00f3w w Pozna\u0144skim Bud\u017cecie Obywatelskim realizowa\u0107 b\u0119dziemy zaj\u0119cia sportowo \u2013 rekreacyjne czy inne wydarzenia w ramach projektu Grunwald \u2013 M\u00f3j Sportowy Azyl ze sportowym AWF-em jednak pami\u0119tajcie, \u017ce ilo\u015b\u0107 zaj\u0119\u0107 na terenie rejonu nr 5 b\u0119dzie znacznie ograniczona wzgl\u0119dem pozosta\u0142ych rejon\u00f3w, poniewa\u017c realizowa\u0107 b\u0119dziemy tylko cz\u0119\u015b\u0107 programu. W przypadku ch\u0119ci rozszerzenia oferty darmowych zaj\u0119\u0107 sportowo \u2013 rekreacyjnych dla mieszka\u0144c\u00f3w rejonu Grunwald P\u00f3\u0142noc, Grunwald Po\u0142udnie czy Stary Grunwald ju\u017c teraz ponownie zach\u0119camy do g\u0142osowania na projekt Nasz Sportowy Fyrtel w Pozna\u0144skim Bud\u017cecie Obywatelskiem 2027 bo tylko od Waszego poparcia zale\u017cy dalsza realizacji projektu, a przede wszystkim ilo\u015b\u0107 bezp\u0142atnych aktywno\u015bci.<\/strong><\/p>\n<hr \/>\n<h3><strong>ZAPOZNAJ SI\u0118!<\/strong><\/h3>\n<p><strong>Program Nasz Sportowy Fyrtel na terenie rejonu nr 5 przeznaczony jest tylko i wy\u0142\u0105cznie dla mieszka\u0144c\u00f3w Miasta Poznania zamieszka\u0142ych w obr\u0119bie dzielnicy Grunwald P\u00f3\u0142noc, Grunwald Po\u0142udnie i Stary Grunwald!<\/strong><\/p>\n<ul>\n<li><strong>Regulamin, kt\u00f3rego akceptacja jest niezb\u0119dna do udzia\u0142u w zaj\u0119ciach sportowo \u2013 rekreacyjnych, wydarzeniach czy innych aktywno\u015bciach w ramach projektu Nasz Sportowy Fyrtel znajdziesz\u00a0<a href=\"https:\/\/sportowyfyrtel.pl\/5\/regulamin\/\">TUTAJ<\/a>.<\/strong><\/li>\n<li><strong>O\u015bwiadczenie uczestnika, kt\u00f3rego wype\u0142nienie jest niezb\u0119dne do udzia\u0142u w naszych zaj\u0119ciach, a kt\u00f3re nale\u017cy starannie i czytelnie wype\u0142ni\u0107, a nast\u0119pnie zwr\u00f3ci\u0107 trenerowi lub instruktorowi pobierzesz\u00a0<a href=\"https:\/\/sportowyfyrtel.pl\/5\/do-pobrania\/\">TUTAJ<\/a>.<\/strong><\/li>\n<li><strong>Plan zaj\u0119\u0107, kt\u00f3ry nale\u017cy \u015bledzi\u0107 \u017ceby sprawdzi\u0107 czy dane zaj\u0119cia nie zosta\u0142y odwo\u0142ane dost\u0119pny jest\u00a0<a href=\"https:\/\/sportowyfyrtel.pl\/5\/godziny-zajec\/\">TUTAJ<\/a>.<\/strong><\/li>\n<li><strong>Opis zaj\u0119\u0107, gdzie mo\u017cecie zapozna\u0107 si\u0119 r\u00f3wnie\u017c z informacjami o danych zaj\u0119ciach, lokalizacj\u0105, a tak\u017ce form\u0105 zapis\u00f3w czeka na Was\u00a0<a href=\"https:\/\/sportowyfyrtel.pl\/5\/opis-zajec\/\">TUTAJ<\/a>.<\/strong><\/li>\n<li><strong>Kliknijcie\u00a0<a href=\"https:\/\/www.facebook.com\/groups\/fyrtel5\">TUTAJ<\/a>, \u017ce do\u0142\u0105czy\u0107 do grupy na portalu Facebook dedykowanej mieszka\u0144com dzielnicy Grunwald, gdzie znajdziecie relacje z zaj\u0119\u0107 czy innych organizowanych aktywno\u015bci, zapowiedzi, komunikaty, a tak\u017ce og\u0142oszenia dotycz\u0105ce realizacji projektu w 2026 roku.<\/strong><\/li>\n<li><strong>Je\u017celi nadal macie jakiekolwiek w\u0105tpliwo\u015bci to zapoznajcie si\u0119 z nasz\u0105 sekcj\u0105 Pyta\u0144 i odpowiedzi, kt\u00f3ra jest dla dost\u0119pna\u00a0<a href=\"https:\/\/sportowyfyrtel.pl\/faq\/\">TUTAJ<\/a>.<\/strong><\/li>\n<\/ul>\n<p><strong>Projekt finansowany ze \u015brodk\u00f3w Wydzia\u0142u Sportu Urz\u0119du Miasta Poznania w ramach Pozna\u0144skiego Bud\u017cetu Obywatelskiego 2026 dzi\u0119ki g\u0142osom mieszka\u0144c\u00f3w Poznania!<\/strong><\/p>\n<p><strong>Problemy czy pytania kierujcie na adres e-mail: 5@sportowyfyrtel.pl, a my postaramy si\u0119 Wam pom\u00f3c najszybciej mo\u017cemy!<\/strong><\/p>\n","protected":false},"excerpt":{"rendered":"<p>Czo\u0142em Fyrtel nr 5!\u00a0 Zapraszamy dzieci, m\u0142odzie\u017c, doros\u0142ych i senior\u00f3w zamieszka\u0142ych na terenie dzielnic Grunwald P\u00f3\u0142noc, Grunwald Po\u0142udnie oraz Stary Grunwald do wsp\u00f3lnej aktywno\u015bci w poni\u017cszych zaj\u0119ciach sportowo \u2013 rekreacyjnych w ramach tegorocznej edycji programu Nasz Sportowy Fyrtel. Zapro\u015bcie rodzin\u0119, znajomych i s\u0105siad\u00f3w \u2014 do\u0142\u0105czcie do nas i zadbajcie o form\u0119 cia\u0142a oraz ducha podczas [&#8230;]<\/p>\n<p><a class=\"btn btn-secondary understrap-read-more-link\" href=\"https:\/\/sportowyfyrtel.pl\/5\/2026\/02\/18\/czas-na-nowosci-rusza-salsation-kids-i-salsation-w-sali-na-terenie-szkoly-podstawowej-nr-74-przy-ul-trybunalskiej-17\/\">Czytaj dalej\u2026<\/a><\/p>\n","protected":false},"author":10,"featured_media":0,"comment_status":"closed","ping_status":"closed","sticky":false,"template":"","format":"standard","meta":{"footnotes":""},"categories":[1],"tags":[],"_links":{"self":[{"href":"https:\/\/sportowyfyrtel.pl\/5\/wp-json\/wp\/v2\/posts\/1297"}],"collection":[{"href":"https:\/\/sportowyfyrtel.pl\/5\/wp-json\/wp\/v2\/posts"}],"about":[{"href":"https:\/\/sportowyfyrtel.pl\/5\/wp-json\/wp\/v2\/types\/post"}],"author":[{"embeddable":true,"href":"https:\/\/sportowyfyrtel.pl\/5\/wp-json\/wp\/v2\/users\/10"}],"replies":[{"embeddable":true,"href":"https:\/\/sportowyfyrtel.pl\/5\/wp-json\/wp\/v2\/comments?post=1297"}],"version-history":[{"count":6,"href":"https:\/\/sportowyfyrtel.pl\/5\/wp-json\/wp\/v2\/posts\/1297\/revisions"}],"predecessor-version":[{"id":1347,"href":"https:\/\/sportowyfyrtel.pl\/5\/wp-json\/wp\/v2\/posts\/1297\/revisions\/1347"}],"wp:attachment":[{"href":"https:\/\/sportowyfyrtel.pl\/5\/wp-json\/wp\/v2\/media?parent=1297"}],"wp:term":[{"taxonomy":"category","embeddable":true,"href":"https:\/\/sportowyfyrtel.pl\/5\/wp-json\/wp\/v2\/categories?post=1297"},{"taxonomy":"post_tag","embeddable":true,"href":"https:\/\/sportowyfyrtel.pl\/5\/wp-json\/wp\/v2\/tags?post=1297"}],"curies":[{"name":"wp","href":"https:\/\/api.w.org\/{rel}","templated":true}]}}