{"id":1291,"date":"2026-02-17T23:10:57","date_gmt":"2026-02-17T22:10:57","guid":{"rendered":"https:\/\/sportowyfyrtel.pl\/5\/?p=1291"},"modified":"2026-02-17T23:12:27","modified_gmt":"2026-02-17T22:12:27","slug":"startuja-otwarte-strefy-rekreacji-czyli-granie-w-koszykowke-i-siatkowke-dla-osob-od-18-lat-na-terenie-szkoly-podstawowej-nr-7-przy-ul-galileusza-14-2","status":"publish","type":"post","link":"https:\/\/sportowyfyrtel.pl\/5\/2026\/02\/17\/startuja-otwarte-strefy-rekreacji-czyli-granie-w-koszykowke-i-siatkowke-dla-osob-od-18-lat-na-terenie-szkoly-podstawowej-nr-7-przy-ul-galileusza-14-2\/","title":{"rendered":"Startuj\u0105 Otwarte Strefy Rekreacji czyli granie w Koszyk\u00f3wk\u0119 i Siatk\u00f3wk\u0119 dla os\u00f3b od 18 lat na terenie Szko\u0142y Podstawowej nr 7 przy ul. Galileusza 14!"},"content":{"rendered":"<p>Czo\u0142em Fyrtel nr 5!\u00a0 Zapraszamy dzieci, m\u0142odzie\u017c, doros\u0142ych i senior\u00f3w zamieszka\u0142ych na terenie dzielnic Grunwald P\u00f3\u0142noc, Grunwald Po\u0142udnie oraz Stary Grunwald do wsp\u00f3lnej aktywno\u015bci w poni\u017cszych zaj\u0119ciach sportowo \u2013 rekreacyjnych w ramach tegorocznej edycji programu Nasz Sportowy Fyrtel. Zapro\u015bcie rodzin\u0119, znajomych i s\u0105siad\u00f3w \u2014 do\u0142\u0105czcie do nas i zadbajcie o form\u0119 cia\u0142a oraz ducha podczas darmowych zaj\u0119\u0107 sportowo-rekreacyjnych, kt\u00f3re ponownie (i mamy nadziej\u0119 \u2014 nie ostatni!) zagoszcz\u0105 na terenie Waszych osiedli w 2026 roku.<\/p>\n<p>Pami\u0119tajcie, \u017ce to Wasz projekt \u2014 wybrany przez mieszka\u0144c\u00f3w i tworzony dla mieszka\u0144c\u00f3w. Jego realizacja zale\u017cy w du\u017cej mierze od Waszej obecno\u015bci i regularnego udzia\u0142u w zaj\u0119ciach (minimalna \u015brednia frekwencja to 10 os\u00f3b).<\/p>\n<p>Prosimy o stosowanie si\u0119 do wskazanej formy zapis\u00f3w oraz o uszanowanie czasu prywatnego trener\u00f3w i instruktor\u00f3w. Wiadomo\u015bci SMS oraz pr\u00f3by kontaktu telefonicznego w p\u00f3\u017anych godzinach wieczornych i nocnych zaburzaj\u0105 odpoczynek os\u00f3b, kt\u00f3re nast\u0119pnego dnia prowadz\u0105 dla Was zaj\u0119cia i chc\u0105 by\u0107 w pe\u0142ni gotowe do pracy. Warunkiem udzia\u0142u w zaj\u0119ciach jest zaakceptowanie regulaminu, czytelne i staranne wype\u0142nienie oraz podpisanie O\u015bwiadczenia uczestnika, przekazanie dokument\u00f3w trenerowi lub instruktorowi przed pierwszymi zaj\u0119ciami, a tak\u017ce zapisanie si\u0119 na zaj\u0119cia i uzyskanie potwierdzenia od prowadz\u0105cego o przyj\u0119ciu na list\u0119 uczestnik\u00f3w.<\/p>\n<p>\u015aled\u017acie nasze media spo\u0142eczno\u015bciowe i stron\u0119 internetow\u0105, \u017ceby by\u0107 na bie\u017c\u0105co z przygotowanymi zaj\u0119ciami, wydarzeniami czy atrakcjami! Do zobaczenia!<\/p>\n<hr \/>\n<h3><strong>OTWARTE STREFY REKREACJI \u2013 KOSZYK\u00d3WKA (OD 18 LAT)<\/strong><\/h3>\n<p>Zapraszamy na cykl Otwarte Strefy Rekreacji, czyli czas zarezerwowany na ca\u0142kowicie swobodn\u0105 i amatorsk\u0105 gr\u0119 w koszyk\u00f3wk\u0119, dedykowany wy\u0142\u0105cznie osobom pe\u0142noletnim. To nie jest profesjonalny trening \u2013 tutaj liczy si\u0119 czysta rado\u015b\u0107 z przebywania na parkiecie, rzucania do kosza i spontanicznych rozgrywek w lu\u017anej, s\u0105siedzkiej atmosferze. Nasza strefa to miejsce, gdzie bez \u017cadnej presji wyniku czy techniki mo\u017cesz spotka\u0107 si\u0119 z innymi pasjonatami basketu, by wsp\u00f3lnie \u201epopyka\u0107\u201d do kosza i aktywnie sp\u0119dzi\u0107 popo\u0142udnie. Koszyk\u00f3wka w takim wydaniu to przede wszystkim doskona\u0142y spos\u00f3b na odstresowanie si\u0119 po ca\u0142ym dniu, popraw\u0119 kondycji w ruchu i proste cieszenie si\u0119 gr\u0105 zespo\u0142ow\u0105 w gronie doros\u0142ych. Niezale\u017cnie od tego, czy ostatni raz rzuca\u0142e\u015b do kosza w szkole, czy robisz to regularnie, nasza hala jest otwarta dla ka\u017cdego, kto ceni sobie swobod\u0119 i sportowy relaks w dobrym towarzystwie. Przyjd\u017a, do\u0142\u0105cz do ekipy na boisku i poczuj frajd\u0119 z koszyk\u00f3wki w jej najbardziej rekreacyjnym, amatorskim wydaniu.<\/p>\n<p><strong>Lokalizacja:<\/strong> Szko\u0142a Podstawowa nr 7 przy ul. Galileusza 14<br \/>\n<strong>Termin:<\/strong> \u015brody w godzinach 17:00 \u2013 18:30<br \/>\n<strong>Zapisy:<\/strong> w formie wiadomo\u015bci e-mail o tre\u015bci imi\u0119, nazwisko, numer fyrtla, nazwa zaj\u0119\u0107, lokalizacja zaj\u0119\u0107 na adres kontaktakademiaruchu@gmail.com (od dnia 24 lutego w godzinach 9:00 \u2013 19:00 dla os\u00f3b, kt\u00f3re nie uczestniczy\u0142y w danych zaj\u0119ciach w 2025 roku, od dnia 26 lutego w godzinach 9:00 \u2013 19:00 zapisy dla pozosta\u0142ych os\u00f3b, w tym r\u00f3wnie\u017c uczestnicz\u0105cych w danych zaj\u0119ciach w ramach wiosennej oraz letniej ods\u0142ony projektu w 2025 roku, odpowiedzi udzielone zostan\u0105 do 48 godzin po otrzymaniu wiadomo\u015bci, zapisy z\u0142o\u017cone przed terminem rozpocz\u0119cia rekrutacji nie b\u0119d\u0105 uwzgl\u0119dnione!)<br \/>\n<strong>Start:<\/strong> 4 marca<\/p>\n<p>&nbsp;<\/p>\n<h3><strong>OTWARTE STREFY REKREACJI \u2013 SIATK\u00d3WKA (OD 18 LAT)<\/strong><\/h3>\n<p>Szukasz miejsca, gdzie mo\u017cesz po prostu pogra\u0107 w siatk\u00f3wk\u0119 bez trener\u00f3w i sztywnych \u0107wicze\u0144? Nasze Otwarte Strefy Rekreacji to przestrze\u0144 stworzona dla doros\u0142ych mi\u0142o\u015bnik\u00f3w sportu, kt\u00f3rzy stawiaj\u0105 na czyst\u0105 rekreacj\u0119 i towarzyski charakter spotka\u0144. Najwa\u017cniejsza jest u nas dobra zabawa i wsp\u00f3lna, s\u0105siedzka integracja na boisku, bez rygoru profesjonalnych trening\u00f3w. Siatk\u00f3wka w tej formie to idealna okazja, by bez \u017cadnej \u201espiny\u201d rozegra\u0107 kilka set\u00f3w, po\u015bmia\u0107 si\u0119 i sp\u0119dzi\u0107 czas w ruchu z lud\u017ami, kt\u00f3rzy tak jak Ty kochaj\u0105 ten sport. To uczestnicy decyduj\u0105 o tempie gry \u2013 liczy si\u0119 wsp\u00f3\u0142praca, wzajemne wsparcie i sportowa frajda, kt\u00f3ra pozwala na\u0142adowa\u0107 baterie na reszt\u0119 tygodnia. Nasza strefa jest otwarta dla ka\u017cdego doros\u0142ego mieszka\u0144ca, bez wzgl\u0119du na poziom umiej\u0119tno\u015bci; wystarcz\u0105 ch\u0119ci do gry i pozytywne nastawienie. Wpadnij do nas w czwartkowy wiecz\u00f3r, aby w lu\u017anej atmosferze poodbija\u0107 pi\u0142k\u0119, poczu\u0107 energi\u0119 zespo\u0142u i cieszy\u0107 si\u0119 siatk\u00f3wk\u0105 w jej najprostszej, najbardziej radosnej formie.<\/p>\n<p><strong>Lokalizacja:<\/strong> Szko\u0142a Podstawowa nr 7 przy ul. Galileusza 14<br \/>\n<strong>Termin:<\/strong> czwartki w godzinach 18:30 \u2013 20:00<br \/>\n<strong>Zapisy:<\/strong> w formie wiadomo\u015bci e-mail o tre\u015bci imi\u0119, nazwisko, numer fyrtla, nazwa zaj\u0119\u0107, lokalizacja zaj\u0119\u0107 na adres kontaktakademiaruchu@gmail.com (od dnia 24 lutego w godzinach 9:00 \u2013 19:00 dla os\u00f3b, kt\u00f3re nie uczestniczy\u0142y w danych zaj\u0119ciach w 2025 roku, od dnia 26 lutego w godzinach 9:00 \u2013 19:00 zapisy dla pozosta\u0142ych os\u00f3b, w tym r\u00f3wnie\u017c uczestnicz\u0105cych w danych zaj\u0119ciach w ramach wiosennej oraz letniej ods\u0142ony projektu w 2025 roku, odpowiedzi udzielone zostan\u0105 do 48 godzin po otrzymaniu wiadomo\u015bci, zapisy z\u0142o\u017cone przed terminem rozpocz\u0119cia rekrutacji nie b\u0119d\u0105 uwzgl\u0119dnione!)<br \/>\n<strong>Start:<\/strong> 5 marca<\/p>\n<hr \/>\n<h3><strong>UWAGA!<\/strong><\/h3>\n<p><strong>Pomimo braku wystarczaj\u0105cej liczby g\u0142os\u00f3w w Pozna\u0144skim Bud\u017cecie Obywatelskim realizowa\u0107 b\u0119dziemy zaj\u0119cia sportowo \u2013 rekreacyjne czy inne wydarzenia w ramach projektu Grunwald \u2013 M\u00f3j Sportowy Azyl ze sportowym AWF-em jednak pami\u0119tajcie, \u017ce ilo\u015b\u0107 zaj\u0119\u0107 na terenie rejonu nr 5 b\u0119dzie znacznie ograniczona wzgl\u0119dem pozosta\u0142ych rejon\u00f3w, poniewa\u017c realizowa\u0107 b\u0119dziemy tylko cz\u0119\u015b\u0107 programu. W przypadku ch\u0119ci rozszerzenia oferty darmowych zaj\u0119\u0107 sportowo \u2013 rekreacyjnych dla mieszka\u0144c\u00f3w rejonu Grunwald P\u00f3\u0142noc, Grunwald Po\u0142udnie czy Stary Grunwald ju\u017c teraz ponownie zach\u0119camy do g\u0142osowania na projekt Nasz Sportowy Fyrtel w Pozna\u0144skim Bud\u017cecie Obywatelskiem 2027 bo tylko od Waszego poparcia zale\u017cy dalsza realizacji projektu, a przede wszystkim ilo\u015b\u0107 bezp\u0142atnych aktywno\u015bci.<\/strong><\/p>\n<hr \/>\n<h3><strong>ZAPOZNAJ SI\u0118!<\/strong><\/h3>\n<p><strong>Program Nasz Sportowy Fyrtel na terenie rejonu nr 5 przeznaczony jest tylko i wy\u0142\u0105cznie dla mieszka\u0144c\u00f3w Miasta Poznania zamieszka\u0142ych w obr\u0119bie dzielnicy Grunwald P\u00f3\u0142noc, Grunwald Po\u0142udnie i Stary Grunwald!<\/strong><\/p>\n<ul>\n<li><strong>Regulamin, kt\u00f3rego akceptacja jest niezb\u0119dna do udzia\u0142u w zaj\u0119ciach sportowo \u2013 rekreacyjnych, wydarzeniach czy innych aktywno\u015bciach w ramach projektu Nasz Sportowy Fyrtel znajdziesz\u00a0<a href=\"https:\/\/sportowyfyrtel.pl\/5\/regulamin\/\">TUTAJ<\/a>.<\/strong><\/li>\n<li><strong>O\u015bwiadczenie uczestnika, kt\u00f3rego wype\u0142nienie jest niezb\u0119dne do udzia\u0142u w naszych zaj\u0119ciach, a kt\u00f3re nale\u017cy starannie i czytelnie wype\u0142ni\u0107, a nast\u0119pnie zwr\u00f3ci\u0107 trenerowi lub instruktorowi pobierzesz\u00a0<a href=\"https:\/\/sportowyfyrtel.pl\/5\/do-pobrania\/\">TUTAJ<\/a>.<\/strong><\/li>\n<li><strong>Plan zaj\u0119\u0107, kt\u00f3ry nale\u017cy \u015bledzi\u0107 \u017ceby sprawdzi\u0107 czy dane zaj\u0119cia nie zosta\u0142y odwo\u0142ane dost\u0119pny jest\u00a0<a href=\"https:\/\/sportowyfyrtel.pl\/5\/godziny-zajec\/\">TUTAJ<\/a>.<\/strong><\/li>\n<li><strong>Opis zaj\u0119\u0107, gdzie mo\u017cecie zapozna\u0107 si\u0119 r\u00f3wnie\u017c z informacjami o danych zaj\u0119ciach, lokalizacj\u0105, a tak\u017ce form\u0105 zapis\u00f3w czeka na Was\u00a0<a href=\"https:\/\/sportowyfyrtel.pl\/5\/opis-zajec\/\">TUTAJ<\/a>.<\/strong><\/li>\n<li><strong>Kliknijcie\u00a0<a href=\"https:\/\/www.facebook.com\/groups\/fyrtel5\">TUTAJ<\/a>, \u017ce do\u0142\u0105czy\u0107 do grupy na portalu Facebook dedykowanej mieszka\u0144com dzielnicy Grunwald, gdzie znajdziecie relacje z zaj\u0119\u0107 czy innych organizowanych aktywno\u015bci, zapowiedzi, komunikaty, a tak\u017ce og\u0142oszenia dotycz\u0105ce realizacji projektu w 2026 roku.<\/strong><\/li>\n<li><strong>Je\u017celi nadal macie jakiekolwiek w\u0105tpliwo\u015bci to zapoznajcie si\u0119 z nasz\u0105 sekcj\u0105 Pyta\u0144 i odpowiedzi, kt\u00f3ra jest dla dost\u0119pna\u00a0<a href=\"https:\/\/sportowyfyrtel.pl\/faq\/\">TUTAJ<\/a>.<\/strong><\/li>\n<\/ul>\n<p><strong>Projekt finansowany ze \u015brodk\u00f3w Wydzia\u0142u Sportu Urz\u0119du Miasta Poznania w ramach Pozna\u0144skiego Bud\u017cetu Obywatelskiego 2026 dzi\u0119ki g\u0142osom mieszka\u0144c\u00f3w Poznania!<\/strong><\/p>\n<p><strong>Problemy czy pytania kierujcie na adres e-mail: 5@sportowyfyrtel.pl, a my postaramy si\u0119 Wam pom\u00f3c najszybciej mo\u017cemy!<\/strong><\/p>\n","protected":false},"excerpt":{"rendered":"<p>Czo\u0142em Fyrtel nr 5!\u00a0 Zapraszamy dzieci, m\u0142odzie\u017c, doros\u0142ych i senior\u00f3w zamieszka\u0142ych na terenie dzielnic Grunwald P\u00f3\u0142noc, Grunwald Po\u0142udnie oraz Stary Grunwald do wsp\u00f3lnej aktywno\u015bci w poni\u017cszych zaj\u0119ciach sportowo \u2013 rekreacyjnych w ramach tegorocznej edycji programu Nasz Sportowy Fyrtel. Zapro\u015bcie rodzin\u0119, znajomych i s\u0105siad\u00f3w \u2014 do\u0142\u0105czcie do nas i zadbajcie o form\u0119 cia\u0142a oraz ducha podczas [&#8230;]<\/p>\n<p><a class=\"btn btn-secondary understrap-read-more-link\" href=\"https:\/\/sportowyfyrtel.pl\/5\/2026\/02\/17\/startuja-otwarte-strefy-rekreacji-czyli-granie-w-koszykowke-i-siatkowke-dla-osob-od-18-lat-na-terenie-szkoly-podstawowej-nr-7-przy-ul-galileusza-14-2\/\">Czytaj dalej\u2026<\/a><\/p>\n","protected":false},"author":10,"featured_media":0,"comment_status":"closed","ping_status":"closed","sticky":false,"template":"","format":"standard","meta":{"footnotes":""},"categories":[1],"tags":[],"_links":{"self":[{"href":"https:\/\/sportowyfyrtel.pl\/5\/wp-json\/wp\/v2\/posts\/1291"}],"collection":[{"href":"https:\/\/sportowyfyrtel.pl\/5\/wp-json\/wp\/v2\/posts"}],"about":[{"href":"https:\/\/sportowyfyrtel.pl\/5\/wp-json\/wp\/v2\/types\/post"}],"author":[{"embeddable":true,"href":"https:\/\/sportowyfyrtel.pl\/5\/wp-json\/wp\/v2\/users\/10"}],"replies":[{"embeddable":true,"href":"https:\/\/sportowyfyrtel.pl\/5\/wp-json\/wp\/v2\/comments?post=1291"}],"version-history":[{"count":2,"href":"https:\/\/sportowyfyrtel.pl\/5\/wp-json\/wp\/v2\/posts\/1291\/revisions"}],"predecessor-version":[{"id":1296,"href":"https:\/\/sportowyfyrtel.pl\/5\/wp-json\/wp\/v2\/posts\/1291\/revisions\/1296"}],"wp:attachment":[{"href":"https:\/\/sportowyfyrtel.pl\/5\/wp-json\/wp\/v2\/media?parent=1291"}],"wp:term":[{"taxonomy":"category","embeddable":true,"href":"https:\/\/sportowyfyrtel.pl\/5\/wp-json\/wp\/v2\/categories?post=1291"},{"taxonomy":"post_tag","embeddable":true,"href":"https:\/\/sportowyfyrtel.pl\/5\/wp-json\/wp\/v2\/tags?post=1291"}],"curies":[{"name":"wp","href":"https:\/\/api.w.org\/{rel}","templated":true}]}}