{"id":1282,"date":"2026-02-17T23:05:30","date_gmt":"2026-02-17T22:05:30","guid":{"rendered":"https:\/\/sportowyfyrtel.pl\/5\/?p=1282"},"modified":"2026-03-09T18:59:25","modified_gmt":"2026-03-09T17:59:25","slug":"dolacz-do-nas-moc-bezplatnych-aktywnosci-sportowo-rekreacyjnych-na-terenie-szkoly-podstawowej-nr-7-przy-ul-galileusza-14-4","status":"publish","type":"post","link":"https:\/\/sportowyfyrtel.pl\/5\/2026\/02\/17\/dolacz-do-nas-moc-bezplatnych-aktywnosci-sportowo-rekreacyjnych-na-terenie-szkoly-podstawowej-nr-7-przy-ul-galileusza-14-4\/","title":{"rendered":"Do\u0142\u0105cz do nas! Moc bezp\u0142atnych aktywno\u015bci sportowo &#8211; rekreacyjnych na terenie Szko\u0142y Podstawowej nr 7 przy ul. Galileusza 14!"},"content":{"rendered":"<p>Czo\u0142em Fyrtel nr 5!\u00a0 Zapraszamy dzieci, m\u0142odzie\u017c, doros\u0142ych i senior\u00f3w zamieszka\u0142ych na terenie dzielnic Grunwald P\u00f3\u0142noc, Grunwald Po\u0142udnie oraz Stary Grunwald do wsp\u00f3lnej aktywno\u015bci w poni\u017cszych zaj\u0119ciach sportowo \u2013 rekreacyjnych w ramach tegorocznej edycji programu Nasz Sportowy Fyrtel. Zapro\u015bcie rodzin\u0119, znajomych i s\u0105siad\u00f3w \u2014 do\u0142\u0105czcie do nas i zadbajcie o form\u0119 cia\u0142a oraz ducha podczas darmowych zaj\u0119\u0107 sportowo-rekreacyjnych, kt\u00f3re ponownie (i mamy nadziej\u0119 \u2014 nie ostatni!) zagoszcz\u0105 na terenie Waszych osiedli w 2026 roku.<\/p>\n<p>Pami\u0119tajcie, \u017ce to Wasz projekt \u2014 wybrany przez mieszka\u0144c\u00f3w i tworzony dla mieszka\u0144c\u00f3w. Jego realizacja zale\u017cy w du\u017cej mierze od Waszej obecno\u015bci i regularnego udzia\u0142u w zaj\u0119ciach (minimalna \u015brednia frekwencja to 10 os\u00f3b).<\/p>\n<p>Prosimy o stosowanie si\u0119 do wskazanej formy zapis\u00f3w oraz o uszanowanie czasu prywatnego trener\u00f3w i instruktor\u00f3w. Wiadomo\u015bci SMS oraz pr\u00f3by kontaktu telefonicznego w p\u00f3\u017anych godzinach wieczornych i nocnych zaburzaj\u0105 odpoczynek os\u00f3b, kt\u00f3re nast\u0119pnego dnia prowadz\u0105 dla Was zaj\u0119cia i chc\u0105 by\u0107 w pe\u0142ni gotowe do pracy. Warunkiem udzia\u0142u w zaj\u0119ciach jest zaakceptowanie regulaminu, czytelne i staranne wype\u0142nienie oraz podpisanie O\u015bwiadczenia uczestnika, przekazanie dokument\u00f3w trenerowi lub instruktorowi przed pierwszymi zaj\u0119ciami, a tak\u017ce zapisanie si\u0119 na zaj\u0119cia i uzyskanie potwierdzenia od prowadz\u0105cego o przyj\u0119ciu na list\u0119 uczestnik\u00f3w.<\/p>\n<p>\u015aled\u017acie nasze media spo\u0142eczno\u015bciowe i stron\u0119 internetow\u0105, \u017ceby by\u0107 na bie\u017c\u0105co z przygotowanymi zaj\u0119ciami, wydarzeniami czy atrakcjami! Do zobaczenia!<\/p>\n<hr \/>\n<h3><strong>SALSATION<\/strong><\/h3>\n<p>Zaj\u0119cia Salsation realizowane w ramach programu Nasz Sportowy Fyrtel to energetyczna forma aktywno\u015bci ruchowej \u0142\u0105cz\u0105ca elementy ta\u0144ca, treningu fitness oraz pracy z muzyk\u0105. Salsation jest programem taneczno-ruchowym opartym na rytmach latynoameryka\u0144skich oraz muzyce z r\u00f3\u017cnych stron \u015bwiata, kt\u00f3ry koncentruje si\u0119 na naturalnym ruchu cia\u0142a, poczuciu rytmu oraz wyra\u017caniu emocji poprzez taniec. Podczas zaj\u0119\u0107 uczestnicy ucz\u0105 si\u0119 prostych uk\u0142ad\u00f3w choreograficznych, kt\u00f3re \u0142\u0105cz\u0105 elementy ta\u0144ca z \u0107wiczeniami poprawiaj\u0105cymi koordynacj\u0119, r\u00f3wnowag\u0119 oraz og\u00f3ln\u0105 sprawno\u015b\u0107 fizyczn\u0105. Ka\u017cde spotkanie rozpoczyna si\u0119 od dynamicznej rozgrzewki przygotowuj\u0105cej organizm do wysi\u0142ku, obejmuj\u0105cej \u0107wiczenia mobilizuj\u0105ce stawy, aktywizuj\u0105ce mi\u0119\u015bnie oraz stopniowo wprowadzaj\u0105ce uczestnik\u00f3w w rytm muzyki. W dalszej cz\u0119\u015bci zaj\u0119\u0107 uczestnicy wykonuj\u0105 uk\u0142ady taneczne do r\u00f3\u017cnorodnej muzyki, rozwijaj\u0105c poczucie rytmu, p\u0142ynno\u015b\u0107 ruch\u00f3w oraz \u015bwiadomo\u015b\u0107 pracy poszczeg\u00f3lnych partii cia\u0142a. Charakterystyczn\u0105 cech\u0105 Salsation jest po\u0142\u0105czenie ruchu z interpretacj\u0105 muzyki i tekstu utwor\u00f3w, co sprawia, \u017ce taniec staje si\u0119 form\u0105 ekspresji i sposobem na wyra\u017canie emocji. Zaj\u0119cia prowadzone s\u0105 w spos\u00f3b dostosowany do mo\u017cliwo\u015bci uczestnik\u00f3w, dlatego mog\u0105 w nich bra\u0107 udzia\u0142 zar\u00f3wno osoby pocz\u0105tkuj\u0105ce, jak i bardziej aktywne fizycznie. Regularny udzia\u0142 w zaj\u0119ciach sprzyja poprawie kondycji, koordynacji ruchowej oraz wytrzyma\u0142o\u015bci, a tak\u017ce pozytywnie wp\u0142ywa na samopoczucie i redukcj\u0119 stresu. Zaj\u0119cia odbywaj\u0105 si\u0119 w przyjaznej, motywuj\u0105cej atmosferze, kt\u00f3ra zach\u0119ca do ruchu, integracji uczestnik\u00f3w oraz aktywnego sp\u0119dzania czasu w ramach lokalnej spo\u0142eczno\u015bci.<\/p>\n<p><strong>Lokalizacja:<\/strong> Szko\u0142a Podstawowa nr 7 przy ul. Galileusza 14<br \/>\n<strong>Termin:<\/strong> wtorki w godzinach 20:30 \u2013 21:30<br \/>\n<strong>Zapisy:<\/strong> w formie SMS o tre\u015bci imi\u0119, nazwisko, numer fyrtla, nazwa zaj\u0119\u0107, lokalizacja zaj\u0119\u0107 pod nr tel. 727403078 (od dnia 24 lutego w godzinach 9:00 \u2013 19:00 dla os\u00f3b, kt\u00f3re nie uczestniczy\u0142y w danych zaj\u0119ciach w 2025 roku, od dnia 26 lutego w godzinach 9:00 \u2013 19:00 zapisy dla pozosta\u0142ych os\u00f3b, w tym r\u00f3wnie\u017c uczestnicz\u0105cych w danych zaj\u0119ciach w ramach wiosennej oraz letniej ods\u0142ony projektu w 2025 roku, odpowiedzi udzielone zostan\u0105 do 48 godzin po otrzymaniu wiadomo\u015bci SMS, zapisy z\u0142o\u017cone przed terminem rozpocz\u0119cia rekrutacji nie b\u0119d\u0105 uwzgl\u0119dnione!)<br \/>\n<strong>Start:<\/strong> 16 marca<\/p>\n<h3><\/h3>\n<p>&nbsp;<\/p>\n<h3><strong>FULL BODY WORKOUT<\/strong><\/h3>\n<p>Odzyskaj witalno\u015b\u0107 i wzmocnij ca\u0142e cia\u0142o podczas kompleksowego treningu, kt\u00f3ry zosta\u0142 zaprojektowany tak, aby przynie\u015b\u0107 Ci maksimum korzy\u015bci w zaledwie godzin\u0119. Full Body Workout to wszechstronny zestaw \u0107wicze\u0144 anga\u017cuj\u0105cy ka\u017cd\u0105 parti\u0119 mi\u0119\u015bniow\u0105, od st\u00f3p a\u017c po czubek g\u0142owy, w spos\u00f3b harmonijny i niezwykle przemy\u015blany. Podczas zaj\u0119\u0107 wykorzystujemy r\u00f3\u017cnorodne techniki treningowe, kt\u00f3re \u0142\u0105cz\u0105 elementy si\u0142owe z wytrzyma\u0142o\u015bciowymi, co pozwala na r\u00f3wnoczesne budowanie sprawno\u015bci og\u00f3lnej, uj\u0119drnianie sylwetki oraz skuteczne podkr\u0119cenie metabolizmu. Kluczow\u0105 korzy\u015bci\u0105 p\u0142yn\u0105c\u0105 z tej aktywno\u015bci jest wzmocnienie uk\u0142adu kostno-stawowego oraz poprawa wydolno\u015bci, dzi\u0119ki czemu Tw\u00f3j organizm stanie si\u0119 bardziej odporny na codzienne zm\u0119czenie i urazy. Trening ten jest doskona\u0142\u0105 odpowiedzi\u0105 na potrzeby nowoczesnego trybu \u017cycia, oferuj\u0105c bezpieczn\u0105 form\u0119 ruchu, kt\u00f3ra uczy poprawnej techniki i dba o to, by ka\u017cda grupa mi\u0119\u015bniowa pracowa\u0142a w optymalnym zakresie. Atmosfera wsp\u00f3lnego wysi\u0142ku i motywacji sprawia, \u017ce z ka\u017cd\u0105 minut\u0105 czujesz przyp\u0142yw energii, a trening ko\u0144czysz z poczuciem dumy i realnie wykonanej pracy nad w\u0142asnym zdrowiem.<\/p>\n<p><strong>Lokalizacja:<\/strong> Szko\u0142a Podstawowa nr 7 przy ul. Galileusza 14<br \/>\n<strong>Termin:<\/strong> \u015brody w godzinach 17:00 \u2013 18:00<br \/>\n<strong>Zapisy:<\/strong> w formie SMS o tre\u015bci imi\u0119, nazwisko, numer fyrtla, nazwa zaj\u0119\u0107, lokalizacja zaj\u0119\u0107 pod nr tel. 791598265 (od dnia 24 lutego w godzinach 9:00 \u2013 19:00 dla os\u00f3b, kt\u00f3re nie uczestniczy\u0142y w danych zaj\u0119ciach w 2025 roku, od dnia 26 lutego w godzinach 9:00 \u2013 19:00 zapisy dla pozosta\u0142ych os\u00f3b, w tym r\u00f3wnie\u017c uczestnicz\u0105cych w danych zaj\u0119ciach w ramach wiosennej oraz letniej ods\u0142ony projektu w 2025 roku, odpowiedzi udzielone zostan\u0105 do 48 godzin po otrzymaniu wiadomo\u015bci SMS, zapisy z\u0142o\u017cone przed terminem rozpocz\u0119cia rekrutacji nie b\u0119d\u0105 uwzgl\u0119dnione!)<br \/>\n<strong>Start:<\/strong> 16 marca<\/p>\n<p>&nbsp;<\/p>\n<h3><strong>BRZUCH, UDA, PO\u015aLADKI<\/strong><\/h3>\n<p>Skup si\u0119 na modelowaniu dolnych partii cia\u0142a podczas kultowych zaj\u0119\u0107 BUP, kt\u00f3re od lat ciesz\u0105 si\u0119 nies\u0142abn\u0105c\u0105 popularno\u015bci\u0105 dzi\u0119ki swojej niezwyk\u0142ej skuteczno\u015bci. Ten precyzyjny trening koncentruje si\u0119 na wzmacnianiu i uj\u0119drnianiu mi\u0119\u015bni brzucha, ud oraz po\u015bladk\u00f3w, wykorzystuj\u0105c serie \u0107wicze\u0144 o r\u00f3\u017cnym stopniu intensywno\u015bci, kt\u00f3re skutecznie walcz\u0105 z niedoskona\u0142o\u015bciami sylwetki. Podczas zaj\u0119\u0107 pracujemy nad spalaniem tkanki t\u0142uszczowej oraz budowaniem estetycznego zarysu mi\u0119\u015bni, co bezpo\u015brednio przek\u0142ada si\u0119 na smuklejszy wygl\u0105d i lepsze napi\u0119cie sk\u00f3ry. G\u0142\u00f3wn\u0105 korzy\u015bci\u0105 z regularnego udzia\u0142u jest nie tylko widoczna poprawa figury, ale tak\u017ce wzmocnienie mi\u0119\u015bni stabilizuj\u0105cych kr\u0119gos\u0142up i miednic\u0119, co poprawia Twoj\u0105 postaw\u0119 i pewno\u015b\u0107 siebie. Trening prowadzony jest w rytm energetyzuj\u0105cej muzyki, kt\u00f3ra dodaje si\u0142 do wykonania ostatniej serii powt\u00f3rze\u0144, sprawiaj\u0105c, \u017ce wysi\u0142ek staje si\u0119 czyst\u0105 satysfakcj\u0105. Niezale\u017cnie od poziomu wyj\u015bciowego, dostosujemy tempo tak, aby\u015b m\u00f3g\u0142 cieszy\u0107 si\u0119 progressem z tygodnia na tydzie\u0144, buduj\u0105c form\u0119, o kt\u00f3rej zawsze marzy\u0142e\u015b w przyjaznej, s\u0105siedzkiej atmosferze.<\/p>\n<p><strong>Lokalizacja:<\/strong> Szko\u0142a Podstawowa nr 7 przy ul. Galileusza 14<br \/>\n<strong>Termin:<\/strong> \u015brody w godzinach 18:00 \u2013 19:00<br \/>\n<strong>Zapisy:<\/strong> w formie SMS o tre\u015bci imi\u0119, nazwisko, numer fyrtla, nazwa zaj\u0119\u0107, lokalizacja zaj\u0119\u0107 pod nr tel. 791598265 (od dnia 24 lutego w godzinach 9:00 \u2013 19:00 dla os\u00f3b, kt\u00f3re nie uczestniczy\u0142y w danych zaj\u0119ciach w 2025 roku, od dnia 26 lutego w godzinach 9:00 \u2013 19:00 zapisy dla pozosta\u0142ych os\u00f3b, w tym r\u00f3wnie\u017c uczestnicz\u0105cych w danych zaj\u0119ciach w ramach wiosennej oraz letniej ods\u0142ony projektu w 2025 roku, odpowiedzi udzielone zostan\u0105 do 48 godzin po otrzymaniu wiadomo\u015bci SMS, zapisy z\u0142o\u017cone przed terminem rozpocz\u0119cia rekrutacji nie b\u0119d\u0105 uwzgl\u0119dnione!)<br \/>\n<strong>Start:<\/strong> 16 marca<\/p>\n<p>&nbsp;<\/p>\n<h3><strong>STRETCHING<\/strong><\/h3>\n<p>Podaruj swojemu cia\u0142u zas\u0142u\u017cony reset i poczuj, jak z ka\u017cdym oddechem znika stres nagromadzony w ci\u0105gu intensywnego dnia. Stretching to spokojne zaj\u0119cia po\u015bwi\u0119cone wyd\u0142u\u017caniu mi\u0119\u015bni i zwi\u0119kszaniu mobilno\u015bci staw\u00f3w, co jest kluczowe dla zachowania elastyczno\u015bci i unikni\u0119cia kontuzji w ka\u017cdym wieku. Trening polega na \u015bwiadomym i g\u0142\u0119bokim rozci\u0105ganiu poszczeg\u00f3lnych partii cia\u0142a w rytm koj\u0105cej muzyki, co pozwala na regeneracj\u0119 tkanek, popraw\u0119 ukrwienia ca\u0142ego organizmu oraz wyciszenie uk\u0142adu nerwowego. Korzy\u015bci\u0105 jest nie tylko smuklejsza sylwetka, ale przede wszystkim niesamowite uczucie lekko\u015bci, swobody ruch\u00f3w oraz spokoju wewn\u0119trznego, kt\u00f3rego wszyscy potrzebujemy w zabieganej codzienno\u015bci. To idealny moment na wyciszenie umys\u0142u, nauk\u0119 poprawnego oddechu i odnalezienie przestrzeni w swoim ciele, co skutkuje lepsz\u0105 jako\u015bci\u0105 snu i wi\u0119ksz\u0105 energi\u0105 \u017cyciow\u0105. Przyjd\u017a na mat\u0119 i przekonaj si\u0119, \u017ce chwila \u015bwiadomego rozci\u0105gania to najlepsza inwestycja w Twoje d\u0142ugofalowe zdrowie i harmoni\u0119 mi\u0119dzy cia\u0142em a duchem.<\/p>\n<p><strong>Lokalizacja:<\/strong> Szko\u0142a Podstawowa nr 7 przy ul. Galileusza 14<br \/>\n<strong>Termin:<\/strong> \u015brody w godzinach 19:00 \u2013 20:00<br \/>\n<strong>Zapisy:<\/strong> w formie SMS o tre\u015bci imi\u0119, nazwisko, numer fyrtla, nazwa zaj\u0119\u0107, lokalizacja zaj\u0119\u0107 pod nr tel. 791598265 (od dnia 24 lutego w godzinach 9:00 \u2013 19:00 dla os\u00f3b, kt\u00f3re nie uczestniczy\u0142y w danych zaj\u0119ciach w 2025 roku, od dnia 26 lutego w godzinach 9:00 \u2013 19:00 zapisy dla pozosta\u0142ych os\u00f3b, w tym r\u00f3wnie\u017c uczestnicz\u0105cych w danych zaj\u0119ciach w ramach wiosennej oraz letniej ods\u0142ony projektu w 2025 roku, odpowiedzi udzielone zostan\u0105 do 48 godzin po otrzymaniu wiadomo\u015bci SMS, zapisy z\u0142o\u017cone przed terminem rozpocz\u0119cia rekrutacji nie b\u0119d\u0105 uwzgl\u0119dnione!)<br \/>\n<strong>Start:<\/strong> 16 marca<\/p>\n<p>&nbsp;<\/p>\n<h3><strong>AKTYWNY BRZUCH<\/strong><\/h3>\n<p>Skup si\u0119 na swoim \u201ecentrum\u201d i zbuduj pot\u0119\u017cn\u0105 si\u0142\u0119 p\u0142yn\u0105c\u0105 z wn\u0119trza podczas specjalistycznych zaj\u0119\u0107 Aktywny Brzuch, kt\u00f3re odmieni\u0105 Twoje my\u015blenie o treningu tej partii cia\u0142a. Program ten wykracza poza zwyk\u0142e \u201ebrzuszki\u201d, koncentruj\u0105c si\u0119 na g\u0142\u0119bokim wzmacnianiu mi\u0119\u015bni poprzecznych i sko\u015bnych, kt\u00f3re stanowi\u0105 naturalny stela\u017c dla Twojego kr\u0119gos\u0142upa. Podczas spotka\u0144 pracujemy nad stabilizacj\u0105, kontrol\u0105 oddechu i precyzj\u0105 ruchu, co nie tylko pozwala na uzyskanie p\u0142askiego i wyrze\u017abionego brzucha, ale przede wszystkim znacz\u0105co poprawia postaw\u0119 i redukuje b\u00f3le plec\u00f3w. Najwi\u0119ksz\u0105 korzy\u015bci\u0105 p\u0142yn\u0105c\u0105 z udzia\u0142u w zaj\u0119ciach jest budowanie \u015bwiadomo\u015bci w\u0142asnego cia\u0142a i si\u0142y funkcjonalnej, kt\u00f3ra wspiera Ci\u0119 w ka\u017cdym innym sporcie i codziennym poruszaniu si\u0119. Trening jest dynamiczny i anga\u017cuj\u0105cy, a r\u00f3\u017cnorodno\u015b\u0107 stosowanych \u0107wicze\u0144 sprawia, \u017ce mi\u0119\u015bnie otrzymuj\u0105 nowy bodziec do wzrostu przy ka\u017cdym spotkaniu. To idealna propozycja dla ka\u017cdego, kto chce poczu\u0107 si\u0119 stabilnie, pewnie i zadba\u0107 o zdrowe, mocne serce swojego uk\u0142adu ruchu pod okiem profesjonalnej instruktorki.<\/p>\n<p><strong>Lokalizacja:<\/strong> Szko\u0142a Podstawowa nr 7 przy ul. Galileusza 14<br \/>\n<strong>Termin:<\/strong> \u015brody w godzinach 20:00 \u2013 21:00<br \/>\n<strong>Zapisy:<\/strong> w formie SMS o tre\u015bci imi\u0119, nazwisko, numer fyrtla, nazwa zaj\u0119\u0107, lokalizacja zaj\u0119\u0107 pod nr tel. 791598265 (od dnia 24 lutego w godzinach 9:00 \u2013 19:00 dla os\u00f3b, kt\u00f3re nie uczestniczy\u0142y w danych zaj\u0119ciach w 2025 roku, od dnia 26 lutego w godzinach 9:00 \u2013 19:00 zapisy dla pozosta\u0142ych os\u00f3b, w tym r\u00f3wnie\u017c uczestnicz\u0105cych w danych zaj\u0119ciach w ramach wiosennej oraz letniej ods\u0142ony projektu w 2025 roku, odpowiedzi udzielone zostan\u0105 do 48 godzin po otrzymaniu wiadomo\u015bci SMS, zapisy z\u0142o\u017cone przed terminem rozpocz\u0119cia rekrutacji nie b\u0119d\u0105 uwzgl\u0119dnione!)<br \/>\n<strong>Start:<\/strong> 16 marca<\/p>\n<hr \/>\n<h3><strong>UWAGA!<\/strong><\/h3>\n<p><strong>Pomimo braku wystarczaj\u0105cej liczby g\u0142os\u00f3w w Pozna\u0144skim Bud\u017cecie Obywatelskim realizowa\u0107 b\u0119dziemy zaj\u0119cia sportowo \u2013 rekreacyjne czy inne wydarzenia w ramach projektu Grunwald \u2013 M\u00f3j Sportowy Azyl ze sportowym AWF-em jednak pami\u0119tajcie, \u017ce ilo\u015b\u0107 zaj\u0119\u0107 na terenie rejonu nr 5 b\u0119dzie znacznie ograniczona wzgl\u0119dem pozosta\u0142ych rejon\u00f3w, poniewa\u017c realizowa\u0107 b\u0119dziemy tylko cz\u0119\u015b\u0107 programu. W przypadku ch\u0119ci rozszerzenia oferty darmowych zaj\u0119\u0107 sportowo \u2013 rekreacyjnych dla mieszka\u0144c\u00f3w rejonu Grunwald P\u00f3\u0142noc, Grunwald Po\u0142udnie czy Stary Grunwald ju\u017c teraz ponownie zach\u0119camy do g\u0142osowania na projekt Nasz Sportowy Fyrtel w Pozna\u0144skim Bud\u017cecie Obywatelskiem 2027 bo tylko od Waszego poparcia zale\u017cy dalsza realizacji projektu, a przede wszystkim ilo\u015b\u0107 bezp\u0142atnych aktywno\u015bci.<\/strong><\/p>\n<hr \/>\n<h3><strong>ZAPOZNAJ SI\u0118!<\/strong><\/h3>\n<p><strong>Program Nasz Sportowy Fyrtel na terenie rejonu nr 5 przeznaczony jest tylko i wy\u0142\u0105cznie dla mieszka\u0144c\u00f3w Miasta Poznania zamieszka\u0142ych w obr\u0119bie dzielnicy Grunwald P\u00f3\u0142noc, Grunwald Po\u0142udnie i Stary Grunwald!<\/strong><\/p>\n<ul>\n<li><strong>Regulamin, kt\u00f3rego akceptacja jest niezb\u0119dna do udzia\u0142u w zaj\u0119ciach sportowo \u2013 rekreacyjnych, wydarzeniach czy innych aktywno\u015bciach w ramach projektu Nasz Sportowy Fyrtel znajdziesz\u00a0<a href=\"https:\/\/sportowyfyrtel.pl\/5\/regulamin\/\">TUTAJ<\/a>.<\/strong><\/li>\n<li><strong>O\u015bwiadczenie uczestnika, kt\u00f3rego wype\u0142nienie jest niezb\u0119dne do udzia\u0142u w naszych zaj\u0119ciach, a kt\u00f3re nale\u017cy starannie i czytelnie wype\u0142ni\u0107, a nast\u0119pnie zwr\u00f3ci\u0107 trenerowi lub instruktorowi pobierzesz\u00a0<a href=\"https:\/\/sportowyfyrtel.pl\/5\/do-pobrania\/\">TUTAJ<\/a>.<\/strong><\/li>\n<li><strong>Plan zaj\u0119\u0107, kt\u00f3ry nale\u017cy \u015bledzi\u0107 \u017ceby sprawdzi\u0107 czy dane zaj\u0119cia nie zosta\u0142y odwo\u0142ane dost\u0119pny jest\u00a0<a href=\"https:\/\/sportowyfyrtel.pl\/5\/godziny-zajec\/\">TUTAJ<\/a>.<\/strong><\/li>\n<li><strong>Opis zaj\u0119\u0107, gdzie mo\u017cecie zapozna\u0107 si\u0119 r\u00f3wnie\u017c z informacjami o danych zaj\u0119ciach, lokalizacj\u0105, a tak\u017ce form\u0105 zapis\u00f3w czeka na Was\u00a0<a href=\"https:\/\/sportowyfyrtel.pl\/5\/opis-zajec\/\">TUTAJ<\/a>.<\/strong><\/li>\n<li><strong>Kliknijcie\u00a0<a href=\"https:\/\/www.facebook.com\/groups\/fyrtel5\">TUTAJ<\/a>, \u017ce do\u0142\u0105czy\u0107 do grupy na portalu Facebook dedykowanej mieszka\u0144com dzielnicy Grunwald, gdzie znajdziecie relacje z zaj\u0119\u0107 czy innych organizowanych aktywno\u015bci, zapowiedzi, komunikaty, a tak\u017ce og\u0142oszenia dotycz\u0105ce realizacji projektu w 2026 roku.<\/strong><\/li>\n<li><strong>Je\u017celi nadal macie jakiekolwiek w\u0105tpliwo\u015bci to zapoznajcie si\u0119 z nasz\u0105 sekcj\u0105 Pyta\u0144 i odpowiedzi, kt\u00f3ra jest dla dost\u0119pna\u00a0<a href=\"https:\/\/sportowyfyrtel.pl\/faq\/\">TUTAJ<\/a>.<\/strong><\/li>\n<\/ul>\n<p><strong>Projekt finansowany ze \u015brodk\u00f3w Wydzia\u0142u Sportu Urz\u0119du Miasta Poznania w ramach Pozna\u0144skiego Bud\u017cetu Obywatelskiego 2026 dzi\u0119ki g\u0142osom mieszka\u0144c\u00f3w Poznania!<\/strong><\/p>\n<p><strong>Problemy czy pytania kierujcie na adres e-mail: 5@sportowyfyrtel.pl, a my postaramy si\u0119 Wam pom\u00f3c najszybciej mo\u017cemy!<\/strong><\/p>\n","protected":false},"excerpt":{"rendered":"<p>Czo\u0142em Fyrtel nr 5!\u00a0 Zapraszamy dzieci, m\u0142odzie\u017c, doros\u0142ych i senior\u00f3w zamieszka\u0142ych na terenie dzielnic Grunwald P\u00f3\u0142noc, Grunwald Po\u0142udnie oraz Stary Grunwald do wsp\u00f3lnej aktywno\u015bci w poni\u017cszych zaj\u0119ciach sportowo \u2013 rekreacyjnych w ramach tegorocznej edycji programu Nasz Sportowy Fyrtel. Zapro\u015bcie rodzin\u0119, znajomych i s\u0105siad\u00f3w \u2014 do\u0142\u0105czcie do nas i zadbajcie o form\u0119 cia\u0142a oraz ducha podczas [&#8230;]<\/p>\n<p><a class=\"btn btn-secondary understrap-read-more-link\" href=\"https:\/\/sportowyfyrtel.pl\/5\/2026\/02\/17\/dolacz-do-nas-moc-bezplatnych-aktywnosci-sportowo-rekreacyjnych-na-terenie-szkoly-podstawowej-nr-7-przy-ul-galileusza-14-4\/\">Czytaj dalej\u2026<\/a><\/p>\n","protected":false},"author":10,"featured_media":0,"comment_status":"closed","ping_status":"closed","sticky":false,"template":"","format":"standard","meta":{"footnotes":""},"categories":[1],"tags":[],"_links":{"self":[{"href":"https:\/\/sportowyfyrtel.pl\/5\/wp-json\/wp\/v2\/posts\/1282"}],"collection":[{"href":"https:\/\/sportowyfyrtel.pl\/5\/wp-json\/wp\/v2\/posts"}],"about":[{"href":"https:\/\/sportowyfyrtel.pl\/5\/wp-json\/wp\/v2\/types\/post"}],"author":[{"embeddable":true,"href":"https:\/\/sportowyfyrtel.pl\/5\/wp-json\/wp\/v2\/users\/10"}],"replies":[{"embeddable":true,"href":"https:\/\/sportowyfyrtel.pl\/5\/wp-json\/wp\/v2\/comments?post=1282"}],"version-history":[{"count":6,"href":"https:\/\/sportowyfyrtel.pl\/5\/wp-json\/wp\/v2\/posts\/1282\/revisions"}],"predecessor-version":[{"id":1369,"href":"https:\/\/sportowyfyrtel.pl\/5\/wp-json\/wp\/v2\/posts\/1282\/revisions\/1369"}],"wp:attachment":[{"href":"https:\/\/sportowyfyrtel.pl\/5\/wp-json\/wp\/v2\/media?parent=1282"}],"wp:term":[{"taxonomy":"category","embeddable":true,"href":"https:\/\/sportowyfyrtel.pl\/5\/wp-json\/wp\/v2\/categories?post=1282"},{"taxonomy":"post_tag","embeddable":true,"href":"https:\/\/sportowyfyrtel.pl\/5\/wp-json\/wp\/v2\/tags?post=1282"}],"curies":[{"name":"wp","href":"https:\/\/api.w.org\/{rel}","templated":true}]}}