{"id":1207,"date":"2025-10-06T15:45:11","date_gmt":"2025-10-06T13:45:11","guid":{"rendered":"https:\/\/sportowyfyrtel.pl\/5\/?p=1207"},"modified":"2025-10-06T15:45:11","modified_gmt":"2025-10-06T13:45:11","slug":"startuja-otwarte-strefy-rekreacji-czyli-granie-w-koszykowke-i-siatkowke-dla-osob-od-18-lat-na-terenie-szkoly-podstawowej-nr-7-przy-ul-galileusza-14","status":"publish","type":"post","link":"https:\/\/sportowyfyrtel.pl\/5\/2025\/10\/06\/startuja-otwarte-strefy-rekreacji-czyli-granie-w-koszykowke-i-siatkowke-dla-osob-od-18-lat-na-terenie-szkoly-podstawowej-nr-7-przy-ul-galileusza-14\/","title":{"rendered":"Startuj\u0105 Otwarte Strefy Rekreacji czyli granie w Koszyk\u00f3wk\u0119 i Siatk\u00f3wk\u0119 dla os\u00f3b od 18 lat na terenie Szko\u0142y Podstawowej nr 7 przy ul. Galileusza 14!"},"content":{"rendered":"<p>Czo\u0142em Fyrtel nr 5! Nie zwalniamy tempa i zapraszamy dzieci, m\u0142odzie\u017c, doros\u0142ych i senior\u00f3w zamieszkuj\u0105cych rejon Grunwald P\u00f3\u0142noc, Grunwald Po\u0142udnie, a tak\u017ce Stary Grunwald do wsp\u00f3lnego aktywno\u015bci w ramach tegorocznej edycji programu Nasz Sportowy Fyrtel (Grunwald \u2013 M\u00f3j Sportowy Azyl ze sportowym AWF-em)! Do\u0142\u0105cz do nas i zadbaj o form\u0119 cia\u0142a oraz ducha w trakcie kolejnych darmowych zaj\u0119\u0107, kt\u00f3re w wyniku wsp\u00f3\u0142pracy z Radami Osiedla po raz kolejny ale mamy nadziej\u0119 nie ostatni go\u015bci\u0107 b\u0119d\u0105 na terenie Waszej dzielnicy w 2025 roku!<\/p>\n<hr \/>\n<h3><strong>OTWARTE STREFY REKREACJI &#8211; KOSZYK\u00d3WKA DLA OS\u00d3B OD 18 LAT<\/strong><\/h3>\n<p>Otwarte Strefy Rekreacji \u2013 Koszyk\u00f3wka w sali gimnastycznej Szko\u0142y Podstawowej nr 7 przy ul. Galileusza 14 to doskona\u0142a okazja do aktywnego sp\u0119dzenia czasu i rozwijania umiej\u0119tno\u015bci koszykarskich niezale\u017cnie od poziomu zaawansowania. Zaj\u0119cia odbywaj\u0105 si\u0119 w komfortowych warunkach, co pozwala na regularn\u0105 gr\u0119 bez wzgl\u0119du na pogod\u0119. Koszyk\u00f3wka to dynamiczny sport, kt\u00f3ry poprawia kondycj\u0119, wzmacnia mi\u0119\u015bnie i rozwija koordynacj\u0119 ruchow\u0105, a jednocze\u015bnie uczy strategii oraz wsp\u00f3\u0142pracy w zespole. Swobodna forma zaj\u0119\u0107 sprzyja integracji, budowaniu pewno\u015bci siebie i czerpaniu rado\u015bci z gry w duchu fair play. To \u015bwietna propozycja zar\u00f3wno dla tych, kt\u00f3rzy chc\u0105 doskonali\u0107 swoje umiej\u0119tno\u015bci, jak i dla os\u00f3b szukaj\u0105cych rekreacyjnej formy aktywno\u015bci fizycznej.<\/p>\n<p><strong>Lokalizacja:<\/strong> Szko\u0142a Podstawowa nr 7 przy ul. Galileusza 14<br \/>\n<strong>Termin:<\/strong> \u015brody w godzinach 17:00 \u2013 18:30<br \/>\n<strong>Zapisy:<\/strong> w formie e-mailowej na adres kontaktakademiaruchu@gmail.com<\/p>\n<p>&nbsp;<\/p>\n<h3><strong>OTWARTE STREFY REKREACJI &#8211; SIATK\u00d3WKA DLA OS\u00d3B OD 18 LAT<\/strong><\/h3>\n<p>Otwarte Strefy Rekreacji \u2013 Siatk\u00f3wka w sali gimnastycznej Szko\u0142y Podstawowej nr 7 przy ul. Galileusza 14 to doskona\u0142a okazja do aktywnej rekreacji i doskonalenia umiej\u0119tno\u015bci siatkarskich w przyjaznej atmosferze. Zaj\u0119cia skierowane s\u0105 do wszystkich, niezale\u017cnie od poziomu zaawansowania, i pozwalaj\u0105 na swobodn\u0105 gr\u0119 oraz nauk\u0119 techniki odbi\u0107, zagrywek i atak\u00f3w. Siatk\u00f3wka to sport zespo\u0142owy, kt\u00f3ry wzmacnia kondycj\u0119, poprawia refleks i koordynacj\u0119 ruchow\u0105, a jednocze\u015bnie uczy wsp\u00f3\u0142pracy i komunikacji. Regularna gra pomaga w budowaniu wytrzyma\u0142o\u015bci, rozwijaniu zwinno\u015bci i zwi\u0119kszaniu og\u00f3lnej sprawno\u015bci fizycznej. To tak\u017ce \u015bwietna okazja do integracji, dobrej zabawy i czerpania rado\u015bci z rywalizacji w duchu fair play.<\/p>\n<p><strong>Lokalizacja:<\/strong> Szko\u0142a Podstawowa nr 7 przy ul. Galileusza 14<br \/>\n<strong>Termin:<\/strong> czwartki w godzinach 18:30 &#8211; 20:00<br \/>\n<strong>Zapisy:<\/strong> w formie e-mailowej na adres kontaktakademiaruchu@gmail.com<\/p>\n<hr \/>\n<p><strong>Uwaga! Pomimo braku wystarczaj\u0105cej liczby g\u0142os\u00f3w w Pozna\u0144skim Bud\u017cecie Obywatelskim realizowa\u0107 b\u0119dziemy zaj\u0119cia sportowo \u2013 rekreacyjne czy inne wydarzenia w ramach projektu Grunwald \u2013 M\u00f3j Sportowy Azyl ze sportowym AWF-em jednak pami\u0119tajcie, \u017ce ilo\u015b\u0107 zaj\u0119\u0107 na terenie rejonu nr 5 b\u0119dzie znacznie ograniczona wzgl\u0119dem pozosta\u0142ych rejon\u00f3w, poniewa\u017c realizowa\u0107 b\u0119dziemy tylko cz\u0119\u015b\u0107 programu. W przypadku ch\u0119ci rozszerzenia oferty darmowych zaj\u0119\u0107 sportowo \u2013 rekreacyjnych dla mieszka\u0144c\u00f3w rejonu Grunwald P\u00f3\u0142noc, Grunwald Po\u0142udnie czy Stary Grunwald ju\u017c teraz ponownie zach\u0119camy do g\u0142osowania na projekt Nasz Sportowy Fyrtel w Pozna\u0144skim Bud\u017cecie Obywatelskiem 2026 bo tylko od Waszego poparcia zale\u017cy dalsza realizacji projektu, a przede wszystkim ilo\u015b\u0107 bezp\u0142atnych aktywno\u015bci.<\/strong><\/p>\n<hr \/>\n<p><strong>Program Nasz Sportowy Fyrtel (Grunwald \u2013 M\u00f3j Sportowy Azyl ze sportowym AWF-em) na terenie rejonu nr 5 przeznaczony jest tylko i wy\u0142\u0105cznie mieszka\u0144com dzielnicy Grunwald P\u00f3\u0142noc, Grunwald Po\u0142udnie, a tak\u017ce Stary Grunwald!<\/strong><\/p>\n<ul>\n<li><strong>Regulamin, kt\u00f3rego akceptacja jest niezb\u0119dna do udzia\u0142u w zaj\u0119ciach sportowo \u2013 rekreacyjnych, wydarzeniach czy innych aktywno\u015bciach w ramach programu znajdziesz\u00a0<a href=\"https:\/\/sportowyfyrtel.pl\/5\/regulamin\/\">TUTAJ<\/a>.<\/strong><\/li>\n<li><strong>O\u015bwiadczenie uczestnika, kt\u00f3rego wype\u0142nienie jest niezb\u0119dne do udzia\u0142u w zaj\u0119ciach, a kt\u00f3re nale\u017cy starannie i czytelnie wype\u0142ni\u0107, a nast\u0119pnie zwr\u00f3ci\u0107 trenerowi lub instruktorowi pobierzesz\u00a0<a href=\"https:\/\/sportowyfyrtel.pl\/5\/do-pobrania\/\">TUTAJ<\/a>.<\/strong><\/li>\n<li><strong>Plan zaj\u0119\u0107, kt\u00f3ry nale\u017cy \u015bledzi\u0107 \u017ceby sprawdzi\u0107 czy dane zaj\u0119cia nie zosta\u0142y odwo\u0142ane dost\u0119pny jest\u00a0<a href=\"https:\/\/sportowyfyrtel.pl\/5\/godziny-zajec\/\">TUTAJ<\/a>.<\/strong><\/li>\n<li><strong>Opis zaj\u0119\u0107, gdzie mo\u017cecie zapozna\u0107 si\u0119 r\u00f3wnie\u017c z informacjami o danych zaj\u0119ciach, lokalizacj\u0105, a tak\u017ce form\u0105 zapis\u00f3w czeka na Was\u00a0<a href=\"https:\/\/sportowyfyrtel.pl\/5\/opis-zajec\/\">TUTAJ<\/a>.<\/strong><\/li>\n<li><strong>Kliknijcie\u00a0<a href=\"https:\/\/www.facebook.com\/groups\/fyrtel5\">TUTAJ<\/a>, \u017ce do\u0142\u0105czy\u0107 do grupy na portalu Facebook dedykowanej uczestnikom zaj\u0119\u0107 na terenie rejonu nr 4, a jednocze\u015bnie mieszka\u0144com dzielnicy Grunwald P\u00f3\u0142noc, Grunwald Po\u0142udnie, a tak\u017ce Stary Grunwald, gdzie znajdziecie relacje z zaj\u0119\u0107 czy innych organizowanych aktywno\u015bci, zapowiedzi, komunikaty, a tak\u017ce og\u0142oszenia dotycz\u0105ce realizacji projektu w 2025 roku.<\/strong><\/li>\n<\/ul>\n<p><strong>Projekt finansowany ze \u015brodk\u00f3w Wydzia\u0142u Sportu Urz\u0119du Miasta Poznania w ramach Pozna\u0144skiego Bud\u017cetu Obywatelskiego 2025 dzi\u0119ki g\u0142osom mieszka\u0144c\u00f3w Poznania!<\/strong><\/p>\n<p><strong>Problemy, pytania i w\u0105tpliwo\u015bci kierujcie na adres e-mail: 5@sportowyfyrtel.pl.<\/strong><\/p>\n","protected":false},"excerpt":{"rendered":"<p>Czo\u0142em Fyrtel nr 5! Nie zwalniamy tempa i zapraszamy dzieci, m\u0142odzie\u017c, doros\u0142ych i senior\u00f3w zamieszkuj\u0105cych rejon Grunwald P\u00f3\u0142noc, Grunwald Po\u0142udnie, a tak\u017ce Stary Grunwald do wsp\u00f3lnego aktywno\u015bci w ramach tegorocznej edycji programu Nasz Sportowy Fyrtel (Grunwald \u2013 M\u00f3j Sportowy Azyl ze sportowym AWF-em)! Do\u0142\u0105cz do nas i zadbaj o form\u0119 cia\u0142a oraz ducha w trakcie [&#8230;]<\/p>\n<p><a class=\"btn btn-secondary understrap-read-more-link\" href=\"https:\/\/sportowyfyrtel.pl\/5\/2025\/10\/06\/startuja-otwarte-strefy-rekreacji-czyli-granie-w-koszykowke-i-siatkowke-dla-osob-od-18-lat-na-terenie-szkoly-podstawowej-nr-7-przy-ul-galileusza-14\/\">Czytaj dalej\u2026<\/a><\/p>\n","protected":false},"author":10,"featured_media":0,"comment_status":"closed","ping_status":"closed","sticky":false,"template":"","format":"standard","meta":{"footnotes":""},"categories":[1],"tags":[],"_links":{"self":[{"href":"https:\/\/sportowyfyrtel.pl\/5\/wp-json\/wp\/v2\/posts\/1207"}],"collection":[{"href":"https:\/\/sportowyfyrtel.pl\/5\/wp-json\/wp\/v2\/posts"}],"about":[{"href":"https:\/\/sportowyfyrtel.pl\/5\/wp-json\/wp\/v2\/types\/post"}],"author":[{"embeddable":true,"href":"https:\/\/sportowyfyrtel.pl\/5\/wp-json\/wp\/v2\/users\/10"}],"replies":[{"embeddable":true,"href":"https:\/\/sportowyfyrtel.pl\/5\/wp-json\/wp\/v2\/comments?post=1207"}],"version-history":[{"count":2,"href":"https:\/\/sportowyfyrtel.pl\/5\/wp-json\/wp\/v2\/posts\/1207\/revisions"}],"predecessor-version":[{"id":1290,"href":"https:\/\/sportowyfyrtel.pl\/5\/wp-json\/wp\/v2\/posts\/1207\/revisions\/1290"}],"wp:attachment":[{"href":"https:\/\/sportowyfyrtel.pl\/5\/wp-json\/wp\/v2\/media?parent=1207"}],"wp:term":[{"taxonomy":"category","embeddable":true,"href":"https:\/\/sportowyfyrtel.pl\/5\/wp-json\/wp\/v2\/categories?post=1207"},{"taxonomy":"post_tag","embeddable":true,"href":"https:\/\/sportowyfyrtel.pl\/5\/wp-json\/wp\/v2\/tags?post=1207"}],"curies":[{"name":"wp","href":"https:\/\/api.w.org\/{rel}","templated":true}]}}