{"id":1161,"date":"2025-09-22T12:55:23","date_gmt":"2025-09-22T10:55:23","guid":{"rendered":"https:\/\/sportowyfyrtel.pl\/5\/?p=1161"},"modified":"2025-09-22T12:55:23","modified_gmt":"2025-09-22T10:55:23","slug":"kolejna-porcja-cwiczen-ciala-i-ducha-cwicz-razem-z-nami-yin-joga-na-terenie-studio-drum-yoga-przy-ul-wolsztynskiej-4","status":"publish","type":"post","link":"https:\/\/sportowyfyrtel.pl\/5\/2025\/09\/22\/kolejna-porcja-cwiczen-ciala-i-ducha-cwicz-razem-z-nami-yin-joga-na-terenie-studio-drum-yoga-przy-ul-wolsztynskiej-4\/","title":{"rendered":"Kolejna porcja \u0107wicze\u0144 cia\u0142a i ducha! \u0106wicz razem z nami Yin joga na terenie Studio Drum Yoga przy ul. Wolszty\u0144skiej 4!"},"content":{"rendered":"<p>Czo\u0142em Fyrtel nr 5! Nie zwalniamy tempa i zapraszamy dzieci, m\u0142odzie\u017c, doros\u0142ych i senior\u00f3w zamieszkuj\u0105cych rejon Grunwald P\u00f3\u0142noc, Grunwald Po\u0142udnie, a tak\u017ce Stary Grunwald do wsp\u00f3lnego aktywno\u015bci w ramach tegorocznej edycji programu Nasz Sportowy Fyrtel (Grunwald \u2013 M\u00f3j Sportowy Azyl ze sportowym AWF-em)! Do\u0142\u0105cz do nas i zadbaj o form\u0119 cia\u0142a oraz ducha w trakcie kolejnych darmowych zaj\u0119\u0107, kt\u00f3re w wyniku wsp\u00f3\u0142pracy z Radami Osiedla po raz kolejny ale mamy nadziej\u0119 nie ostatni go\u015bci\u0107 b\u0119d\u0105 na terenie Waszej dzielnicy w 2025 roku!<\/p>\n<hr \/>\n<h3><strong>YIN JOGA<\/strong><\/h3>\n<p>Yin joga w ramach programu Nasz Sportowy Fyrtel to spokojna, regeneracyjna forma praktyki jogi, kt\u00f3ra koncentruje si\u0119 na d\u0142u\u017cszym utrzymywaniu pozycji i \u015bwiadomym oddechu. W przeciwie\u0144stwie do dynamicznych odmian jogi, yin joga dzia\u0142a w g\u0142\u0119bszych warstwach cia\u0142a \u2013 dociera do powi\u0119zi, staw\u00f3w, wi\u0119zade\u0142 i ko\u015bci, dzi\u0119ki czemu poprawia elastyczno\u015b\u0107, mobilno\u015b\u0107 i spr\u0119\u017cysto\u015b\u0107 ca\u0142ego aparatu ruchu. Pozycje wykonywane s\u0105 w statyce i trwaj\u0105 od kilku minut, co pozwala organizmowi rozlu\u017ani\u0107 si\u0119, a umys\u0142owi wyciszy\u0107.<\/p>\n<p>Regularna praktyka yin jogi przynosi wiele korzy\u015bci \u2013 zwi\u0119ksza zakres ruchu, wspiera proces regeneracji, redukuje napi\u0119cia mi\u0119\u015bniowe i sprzyja g\u0142\u0119bokiemu relaksowi. To doskona\u0142y spos\u00f3b na obni\u017cenie poziomu stresu, popraw\u0119 jako\u015bci snu i odzyskanie r\u00f3wnowagi wewn\u0119trznej. Uczestnicy ucz\u0105 si\u0119 cierpliwo\u015bci i uwa\u017cno\u015bci, rozwijaj\u0105 \u015bwiadomo\u015b\u0107 cia\u0142a oraz oddechu, co przek\u0142ada si\u0119 na lepsze samopoczucie w codziennym \u017cyciu.<\/p>\n<p>Zaj\u0119cia yin jogi s\u0105 odpowiednie dla os\u00f3b w ka\u017cdym wieku i na ka\u017cdym poziomie sprawno\u015bci, r\u00f3wnie\u017c dla tych, kt\u00f3rzy szukaj\u0105 spokojniejszej formy aktywno\u015bci, wspieraj\u0105cej zdrowie fizyczne i emocjonalne. Atmosfera podczas praktyki sprzyja wyciszeniu i regeneracji, dlatego to idealna propozycja dla os\u00f3b zapracowanych, zestresowanych i potrzebuj\u0105cych chwili dla siebie. Yin joga w ramach programu Nasz Sportowy Fyrtel to spotkanie z w\u0142asnym cia\u0142em i umys\u0142em, kt\u00f3re pozwala na odnow\u0119, harmoni\u0119 i odzyskanie energii \u017cyciowej.<\/p>\n<p><strong>Lokalizacja:<\/strong> Studio Drum Yoga przy ul. Wolszty\u0144skiej 4<br \/>\n<strong>Termin:<\/strong> poniedzia\u0142ki w godzinach 20:15 &#8211; 21:15<br \/>\n<strong>Zapisy:<\/strong> w formie SMS pod nr tel. 602618325 (od dnia 25 wrze\u015bnia (czwartek) od godziny 9:00, zapisy z\u0142o\u017cone przed terminem rozpocz\u0119cia rekrutacji nie b\u0119d\u0105 uwzgl\u0119dnione!)<br \/>\n<strong>Start:<\/strong> 29 wrze\u015bnia<\/p>\n<hr \/>\n<p><strong>Uwaga! Pomimo braku wystarczaj\u0105cej liczby g\u0142os\u00f3w w Pozna\u0144skim Bud\u017cecie Obywatelskim realizowa\u0107 b\u0119dziemy zaj\u0119cia sportowo \u2013 rekreacyjne czy inne wydarzenia w ramach projektu Grunwald \u2013 M\u00f3j Sportowy Azyl ze sportowym AWF-em jednak pami\u0119tajcie, \u017ce ilo\u015b\u0107 zaj\u0119\u0107 na terenie rejonu nr 5 b\u0119dzie znacznie ograniczona wzgl\u0119dem pozosta\u0142ych rejon\u00f3w, poniewa\u017c realizowa\u0107 b\u0119dziemy tylko cz\u0119\u015b\u0107 programu. W przypadku ch\u0119ci rozszerzenia oferty darmowych zaj\u0119\u0107 sportowo \u2013 rekreacyjnych dla mieszka\u0144c\u00f3w rejonu Grunwald P\u00f3\u0142noc, Grunwald Po\u0142udnie czy Stary Grunwald ju\u017c teraz ponownie zach\u0119camy do g\u0142osowania na projekt Nasz Sportowy Fyrtel w Pozna\u0144skim Bud\u017cecie Obywatelskiem 2026 bo tylko od Waszego poparcia zale\u017cy dalsza realizacji projektu, a przede wszystkim ilo\u015b\u0107 bezp\u0142atnych aktywno\u015bci.<\/strong><\/p>\n<hr \/>\n<p><strong>Program Nasz Sportowy Fyrtel (Grunwald \u2013 M\u00f3j Sportowy Azyl ze sportowym AWF-em) na terenie rejonu nr 5 przeznaczony jest tylko i wy\u0142\u0105cznie mieszka\u0144com dzielnicy Grunwald P\u00f3\u0142noc, Grunwald Po\u0142udnie, a tak\u017ce Stary Grunwald!<\/strong><\/p>\n<ul>\n<li><strong>Regulamin, kt\u00f3rego akceptacja jest niezb\u0119dna do udzia\u0142u w zaj\u0119ciach sportowo \u2013 rekreacyjnych, wydarzeniach czy innych aktywno\u015bciach w ramach programu znajdziesz\u00a0<a href=\"https:\/\/sportowyfyrtel.pl\/5\/regulamin\/\">TUTAJ<\/a>.<\/strong><\/li>\n<li><strong>O\u015bwiadczenie uczestnika, kt\u00f3rego wype\u0142nienie jest niezb\u0119dne do udzia\u0142u w zaj\u0119ciach, a kt\u00f3re nale\u017cy starannie i czytelnie wype\u0142ni\u0107, a nast\u0119pnie zwr\u00f3ci\u0107 trenerowi lub instruktorowi pobierzesz\u00a0<a href=\"https:\/\/sportowyfyrtel.pl\/5\/do-pobrania\/\">TUTAJ<\/a>.<\/strong><\/li>\n<li><strong>Plan zaj\u0119\u0107, kt\u00f3ry nale\u017cy \u015bledzi\u0107 \u017ceby sprawdzi\u0107 czy dane zaj\u0119cia nie zosta\u0142y odwo\u0142ane dost\u0119pny jest\u00a0<a href=\"https:\/\/sportowyfyrtel.pl\/5\/godziny-zajec\/\">TUTAJ<\/a>.<\/strong><\/li>\n<li><strong>Opis zaj\u0119\u0107, gdzie mo\u017cecie zapozna\u0107 si\u0119 r\u00f3wnie\u017c z informacjami o danych zaj\u0119ciach, lokalizacj\u0105, a tak\u017ce form\u0105 zapis\u00f3w czeka na Was\u00a0<a href=\"https:\/\/sportowyfyrtel.pl\/5\/opis-zajec\/\">TUTAJ<\/a>.<\/strong><\/li>\n<li><strong>Kliknijcie\u00a0<a href=\"https:\/\/www.facebook.com\/groups\/fyrtel5\">TUTAJ<\/a>, \u017ce do\u0142\u0105czy\u0107 do grupy na portalu Facebook dedykowanej uczestnikom zaj\u0119\u0107 na terenie rejonu nr 4, a jednocze\u015bnie mieszka\u0144com dzielnicy Grunwald P\u00f3\u0142noc, Grunwald Po\u0142udnie, a tak\u017ce Stary Grunwald, gdzie znajdziecie relacje z zaj\u0119\u0107 czy innych organizowanych aktywno\u015bci, zapowiedzi, komunikaty, a tak\u017ce og\u0142oszenia dotycz\u0105ce realizacji projektu w 2025 roku.<\/strong><\/li>\n<\/ul>\n<p><strong>Projekt finansowany ze \u015brodk\u00f3w Wydzia\u0142u Sportu Urz\u0119du Miasta Poznania w ramach Pozna\u0144skiego Bud\u017cetu Obywatelskiego 2025 dzi\u0119ki g\u0142osom mieszka\u0144c\u00f3w Poznania!<\/strong><\/p>\n<p><strong>Problemy, pytania i w\u0105tpliwo\u015bci kierujcie na adres e-mail: 5@sportowyfyrtel.pl.<\/strong><\/p>\n","protected":false},"excerpt":{"rendered":"<p>Czo\u0142em Fyrtel nr 5! Nie zwalniamy tempa i zapraszamy dzieci, m\u0142odzie\u017c, doros\u0142ych i senior\u00f3w zamieszkuj\u0105cych rejon Grunwald P\u00f3\u0142noc, Grunwald Po\u0142udnie, a tak\u017ce Stary Grunwald do wsp\u00f3lnego aktywno\u015bci w ramach tegorocznej edycji programu Nasz Sportowy Fyrtel (Grunwald \u2013 M\u00f3j Sportowy Azyl ze sportowym AWF-em)! Do\u0142\u0105cz do nas i zadbaj o form\u0119 cia\u0142a oraz ducha w trakcie [&#8230;]<\/p>\n<p><a class=\"btn btn-secondary understrap-read-more-link\" href=\"https:\/\/sportowyfyrtel.pl\/5\/2025\/09\/22\/kolejna-porcja-cwiczen-ciala-i-ducha-cwicz-razem-z-nami-yin-joga-na-terenie-studio-drum-yoga-przy-ul-wolsztynskiej-4\/\">Czytaj dalej\u2026<\/a><\/p>\n","protected":false},"author":10,"featured_media":0,"comment_status":"closed","ping_status":"closed","sticky":false,"template":"","format":"standard","meta":{"footnotes":""},"categories":[1],"tags":[],"_links":{"self":[{"href":"https:\/\/sportowyfyrtel.pl\/5\/wp-json\/wp\/v2\/posts\/1161"}],"collection":[{"href":"https:\/\/sportowyfyrtel.pl\/5\/wp-json\/wp\/v2\/posts"}],"about":[{"href":"https:\/\/sportowyfyrtel.pl\/5\/wp-json\/wp\/v2\/types\/post"}],"author":[{"embeddable":true,"href":"https:\/\/sportowyfyrtel.pl\/5\/wp-json\/wp\/v2\/users\/10"}],"replies":[{"embeddable":true,"href":"https:\/\/sportowyfyrtel.pl\/5\/wp-json\/wp\/v2\/comments?post=1161"}],"version-history":[{"count":1,"href":"https:\/\/sportowyfyrtel.pl\/5\/wp-json\/wp\/v2\/posts\/1161\/revisions"}],"predecessor-version":[{"id":1162,"href":"https:\/\/sportowyfyrtel.pl\/5\/wp-json\/wp\/v2\/posts\/1161\/revisions\/1162"}],"wp:attachment":[{"href":"https:\/\/sportowyfyrtel.pl\/5\/wp-json\/wp\/v2\/media?parent=1161"}],"wp:term":[{"taxonomy":"category","embeddable":true,"href":"https:\/\/sportowyfyrtel.pl\/5\/wp-json\/wp\/v2\/categories?post=1161"},{"taxonomy":"post_tag","embeddable":true,"href":"https:\/\/sportowyfyrtel.pl\/5\/wp-json\/wp\/v2\/tags?post=1161"}],"curies":[{"name":"wp","href":"https:\/\/api.w.org\/{rel}","templated":true}]}}