{"id":1220,"date":"2025-09-02T15:35:26","date_gmt":"2025-09-02T13:35:26","guid":{"rendered":"https:\/\/sportowyfyrtel.pl\/4\/?p=1220"},"modified":"2025-09-02T15:35:26","modified_gmt":"2025-09-02T13:35:26","slug":"wrzesien-rozpoczynamy-w-kajaku-zapraszamy","status":"publish","type":"post","link":"https:\/\/sportowyfyrtel.pl\/4\/2025\/09\/02\/wrzesien-rozpoczynamy-w-kajaku-zapraszamy\/","title":{"rendered":"Wrzesie\u0144 rozpoczynamy w kajaku! Zapraszamy!"},"content":{"rendered":"<p>Na nast\u0119pny weekend proponujemy nast\u0119puj\u0105ce trasy:<br \/>\nSobota 6 wrze\u015bnia &#8211; godz. 10:45- przepi\u0119kne Puszczykowo- Pozna\u0144, formularz rejestracyjny: <a href=\"https:\/\/forms.gle\/7oNj6hbv3YdrhLbt9\">https:\/\/forms.gle\/7oNj6hbv3YdrhLbt9<\/a><br \/>\nNiedziela 7 wrze\u015bnia- godzina 10:00 rodzinna trasa, zako\u0144czona ogniskiem &#8211; Pozna\u0144 &#8211; Czerwonak, formularz rejestracyjny: <a href=\"https:\/\/forms.gle\/RM8vZgssgu8BuVa29\">https:\/\/forms.gle\/RM8vZgssgu8BuVa29<\/a><br \/>\nSerdecznie zapraszamy!<\/p>\n","protected":false},"excerpt":{"rendered":"<p>Na nast\u0119pny weekend proponujemy nast\u0119puj\u0105ce trasy: Sobota 6 wrze\u015bnia &#8211; godz. 10:45- przepi\u0119kne Puszczykowo- Pozna\u0144, formularz rejestracyjny: https:\/\/forms.gle\/7oNj6hbv3YdrhLbt9 Niedziela 7 wrze\u015bnia- godzina 10:00 rodzinna trasa, zako\u0144czona ogniskiem &#8211; Pozna\u0144 &#8211; Czerwonak, formularz rejestracyjny: https:\/\/forms.gle\/RM8vZgssgu8BuVa29 Serdecznie zapraszamy! [&#8230;]<\/p>\n<p><a class=\"btn btn-secondary understrap-read-more-link\" href=\"https:\/\/sportowyfyrtel.pl\/4\/2025\/09\/02\/wrzesien-rozpoczynamy-w-kajaku-zapraszamy\/\">Czytaj dalej\u2026<\/a><\/p>\n","protected":false},"author":3,"featured_media":0,"comment_status":"closed","ping_status":"closed","sticky":false,"template":"","format":"standard","meta":{"footnotes":""},"categories":[1],"tags":[],"_links":{"self":[{"href":"https:\/\/sportowyfyrtel.pl\/4\/wp-json\/wp\/v2\/posts\/1220"}],"collection":[{"href":"https:\/\/sportowyfyrtel.pl\/4\/wp-json\/wp\/v2\/posts"}],"about":[{"href":"https:\/\/sportowyfyrtel.pl\/4\/wp-json\/wp\/v2\/types\/post"}],"author":[{"embeddable":true,"href":"https:\/\/sportowyfyrtel.pl\/4\/wp-json\/wp\/v2\/users\/3"}],"replies":[{"embeddable":true,"href":"https:\/\/sportowyfyrtel.pl\/4\/wp-json\/wp\/v2\/comments?post=1220"}],"version-history":[{"count":1,"href":"https:\/\/sportowyfyrtel.pl\/4\/wp-json\/wp\/v2\/posts\/1220\/revisions"}],"predecessor-version":[{"id":1221,"href":"https:\/\/sportowyfyrtel.pl\/4\/wp-json\/wp\/v2\/posts\/1220\/revisions\/1221"}],"wp:attachment":[{"href":"https:\/\/sportowyfyrtel.pl\/4\/wp-json\/wp\/v2\/media?parent=1220"}],"wp:term":[{"taxonomy":"category","embeddable":true,"href":"https:\/\/sportowyfyrtel.pl\/4\/wp-json\/wp\/v2\/categories?post=1220"},{"taxonomy":"post_tag","embeddable":true,"href":"https:\/\/sportowyfyrtel.pl\/4\/wp-json\/wp\/v2\/tags?post=1220"}],"curies":[{"name":"wp","href":"https:\/\/api.w.org\/{rel}","templated":true}]}}