{"id":1186,"date":"2025-08-11T09:43:00","date_gmt":"2025-08-11T07:43:00","guid":{"rendered":"https:\/\/sportowyfyrtel.pl\/4\/?p=1186"},"modified":"2025-08-11T09:43:00","modified_gmt":"2025-08-11T07:43:00","slug":"spedz-swieto-w-kajaku","status":"publish","type":"post","link":"https:\/\/sportowyfyrtel.pl\/4\/2025\/08\/11\/spedz-swieto-w-kajaku\/","title":{"rendered":"Sp\u0119d\u017a \u015bwi\u0119to w kajaku!"},"content":{"rendered":"<p class=\"xdj266r x14z9mp xat24cr x1lziwak x16tdsg8\" dir=\"ltr\">Przedstawiamy Wam plan na 15 sierpnia czyli \u015bwi\u0119to \u015awi\u0119to Wojska Polskiego i Wniebowzi\u0119cia Naj\u015bwi\u0119tszej Maryi Panny!<\/p>\n<p class=\"xdj266r x14z9mp xat24cr x1lziwak x16tdsg8\" dir=\"ltr\">godzina 10:45- trasa Puszczykowo &#8211; Pozna\u0144. Zapisy: <a class=\"x1fey0fg xmper1u x1edh9d7\" dir=\"ltr\" href=\"https:\/\/forms.gle\/US7nw8wqkTh2UYQx8\">https:\/\/forms.gle\/US7nw8wqkTh2UYQx8<\/a><\/p>\n<p class=\"xdj266r x14z9mp xat24cr x1lziwak x16tdsg8\" dir=\"ltr\">godzina 16:00 &#8211; trasa Pozna\u0144- Czerwonak zako\u0144czona ogniskiem. Zapisy: <a class=\"x1fey0fg xmper1u x1edh9d7\" dir=\"ltr\" href=\"https:\/\/forms.gle\/a7XGEC9VNqtZTKrf9\">https:\/\/forms.gle\/a7XGEC9VNqtZTKrf9<\/a><\/p>\n<p class=\"xdj266r x14z9mp xat24cr x1lziwak x16tdsg8\" dir=\"ltr\">Serdecznie zapraszamy do udzia\u0142u. szczeg\u00f3lnie, \u017ce pogoda ma by\u0107 rewelacyjna!<\/p>\n","protected":false},"excerpt":{"rendered":"<p>Przedstawiamy Wam plan na 15 sierpnia czyli \u015bwi\u0119to \u015awi\u0119to Wojska Polskiego i Wniebowzi\u0119cia Naj\u015bwi\u0119tszej Maryi Panny! godzina 10:45- trasa Puszczykowo &#8211; Pozna\u0144. Zapisy: https:\/\/forms.gle\/US7nw8wqkTh2UYQx8 godzina 16:00 &#8211; trasa Pozna\u0144- Czerwonak zako\u0144czona ogniskiem. Zapisy: https:\/\/forms.gle\/a7XGEC9VNqtZTKrf9 Serdecznie zapraszamy do udzia\u0142u. szczeg\u00f3lnie, \u017ce pogoda ma by\u0107 rewelacyjna! [&#8230;]<\/p>\n<p><a class=\"btn btn-secondary understrap-read-more-link\" href=\"https:\/\/sportowyfyrtel.pl\/4\/2025\/08\/11\/spedz-swieto-w-kajaku\/\">Czytaj dalej\u2026<\/a><\/p>\n","protected":false},"author":3,"featured_media":0,"comment_status":"closed","ping_status":"closed","sticky":false,"template":"","format":"standard","meta":{"footnotes":""},"categories":[1],"tags":[],"_links":{"self":[{"href":"https:\/\/sportowyfyrtel.pl\/4\/wp-json\/wp\/v2\/posts\/1186"}],"collection":[{"href":"https:\/\/sportowyfyrtel.pl\/4\/wp-json\/wp\/v2\/posts"}],"about":[{"href":"https:\/\/sportowyfyrtel.pl\/4\/wp-json\/wp\/v2\/types\/post"}],"author":[{"embeddable":true,"href":"https:\/\/sportowyfyrtel.pl\/4\/wp-json\/wp\/v2\/users\/3"}],"replies":[{"embeddable":true,"href":"https:\/\/sportowyfyrtel.pl\/4\/wp-json\/wp\/v2\/comments?post=1186"}],"version-history":[{"count":1,"href":"https:\/\/sportowyfyrtel.pl\/4\/wp-json\/wp\/v2\/posts\/1186\/revisions"}],"predecessor-version":[{"id":1187,"href":"https:\/\/sportowyfyrtel.pl\/4\/wp-json\/wp\/v2\/posts\/1186\/revisions\/1187"}],"wp:attachment":[{"href":"https:\/\/sportowyfyrtel.pl\/4\/wp-json\/wp\/v2\/media?parent=1186"}],"wp:term":[{"taxonomy":"category","embeddable":true,"href":"https:\/\/sportowyfyrtel.pl\/4\/wp-json\/wp\/v2\/categories?post=1186"},{"taxonomy":"post_tag","embeddable":true,"href":"https:\/\/sportowyfyrtel.pl\/4\/wp-json\/wp\/v2\/tags?post=1186"}],"curies":[{"name":"wp","href":"https:\/\/api.w.org\/{rel}","templated":true}]}}