{"id":1178,"date":"2025-07-29T15:43:05","date_gmt":"2025-07-29T13:43:05","guid":{"rendered":"https:\/\/sportowyfyrtel.pl\/4\/?p=1178"},"modified":"2025-07-29T16:12:33","modified_gmt":"2025-07-29T14:12:33","slug":"pierwszy-sierpniowy-weekend-kajakowy","status":"publish","type":"post","link":"https:\/\/sportowyfyrtel.pl\/4\/2025\/07\/29\/pierwszy-sierpniowy-weekend-kajakowy\/","title":{"rendered":"Pierwszy sierpniowy weekend kajakowy!"},"content":{"rendered":"<p class=\"xdj266r x14z9mp xat24cr x1lziwak x16tdsg8\" dir=\"ltr\">Ju\u017c w najbli\u017cszy kajakowy weekend okazja aby spojrze\u0107 na Pozna\u0144 z wie\u017cy widokowej w Owi\u0144skach!<\/p>\n<p class=\"xdj266r x14z9mp xat24cr x1lziwak x16tdsg8\" dir=\"ltr\">SOBOTA godzina 10:00 &#8211; Pozna\u0144- Owi\u0144ska- rejestracja: <a class=\"x1fey0fg xmper1u x1edh9d7\" dir=\"ltr\" href=\"https:\/\/forms.gle\/rm9McXtKpshv4Buq6\">https:\/\/forms.gle\/rm9McXtKpshv4Buq6<\/a><\/p>\n<p class=\"xdj266r x14z9mp xat24cr x1lziwak x16tdsg8\" dir=\"ltr\">Z kolei w niedziel\u0119 zapraszamy na rodzinny sp\u0142yw do Czerwonaka zako\u0144czony ogniskiem!<\/p>\n<p class=\"xdj266r x14z9mp xat24cr x1lziwak x16tdsg8\" dir=\"ltr\">NIEDZIELA godzina 10:00 &#8211; Pozna\u0144 &#8211; Czerwonak- rejestracja: <a href=\"https:\/\/forms.gle\/QNkgH162gNEreAVq9\">https:\/\/forms.gle\/QNkgH162gNEreAVq9<\/a><\/p>\n<p class=\"xdj266r x14z9mp xat24cr x1lziwak x16tdsg8\" dir=\"ltr\">Serdecznie zapraszamy i przypominamy, \u017ce projekt finansowany ze \u015brodk\u00f3w Wydzia\u0142u Sportu Urz\u0119du Miasta Poznania w ramach Pozna\u0144skiego Bud\u017cetu Obywatelskiego 2025 dzi\u0119ki g\u0142osom mieszka\u0144c\u00f3w miasta Poznania.<\/p>\n","protected":false},"excerpt":{"rendered":"<p>Ju\u017c w najbli\u017cszy kajakowy weekend okazja aby spojrze\u0107 na Pozna\u0144 z wie\u017cy widokowej w Owi\u0144skach! SOBOTA godzina 10:00 &#8211; Pozna\u0144- Owi\u0144ska- rejestracja: https:\/\/forms.gle\/rm9McXtKpshv4Buq6 Z kolei w niedziel\u0119 zapraszamy na rodzinny sp\u0142yw do Czerwonaka zako\u0144czony ogniskiem! NIEDZIELA godzina 10:00 &#8211; Pozna\u0144 &#8211; Czerwonak- rejestracja: https:\/\/forms.gle\/QNkgH162gNEreAVq9 Serdecznie zapraszamy i przypominamy, \u017ce projekt finansowany ze \u015brodk\u00f3w Wydzia\u0142u Sportu [&#8230;]<\/p>\n<p><a class=\"btn btn-secondary understrap-read-more-link\" href=\"https:\/\/sportowyfyrtel.pl\/4\/2025\/07\/29\/pierwszy-sierpniowy-weekend-kajakowy\/\">Czytaj dalej\u2026<\/a><\/p>\n","protected":false},"author":3,"featured_media":0,"comment_status":"closed","ping_status":"closed","sticky":false,"template":"","format":"standard","meta":{"footnotes":""},"categories":[1],"tags":[],"_links":{"self":[{"href":"https:\/\/sportowyfyrtel.pl\/4\/wp-json\/wp\/v2\/posts\/1178"}],"collection":[{"href":"https:\/\/sportowyfyrtel.pl\/4\/wp-json\/wp\/v2\/posts"}],"about":[{"href":"https:\/\/sportowyfyrtel.pl\/4\/wp-json\/wp\/v2\/types\/post"}],"author":[{"embeddable":true,"href":"https:\/\/sportowyfyrtel.pl\/4\/wp-json\/wp\/v2\/users\/3"}],"replies":[{"embeddable":true,"href":"https:\/\/sportowyfyrtel.pl\/4\/wp-json\/wp\/v2\/comments?post=1178"}],"version-history":[{"count":2,"href":"https:\/\/sportowyfyrtel.pl\/4\/wp-json\/wp\/v2\/posts\/1178\/revisions"}],"predecessor-version":[{"id":1180,"href":"https:\/\/sportowyfyrtel.pl\/4\/wp-json\/wp\/v2\/posts\/1178\/revisions\/1180"}],"wp:attachment":[{"href":"https:\/\/sportowyfyrtel.pl\/4\/wp-json\/wp\/v2\/media?parent=1178"}],"wp:term":[{"taxonomy":"category","embeddable":true,"href":"https:\/\/sportowyfyrtel.pl\/4\/wp-json\/wp\/v2\/categories?post=1178"},{"taxonomy":"post_tag","embeddable":true,"href":"https:\/\/sportowyfyrtel.pl\/4\/wp-json\/wp\/v2\/tags?post=1178"}],"curies":[{"name":"wp","href":"https:\/\/api.w.org\/{rel}","templated":true}]}}