{"id":1166,"date":"2025-07-21T15:57:42","date_gmt":"2025-07-21T13:57:42","guid":{"rendered":"https:\/\/sportowyfyrtel.pl\/4\/?p=1166"},"modified":"2025-07-21T15:57:42","modified_gmt":"2025-07-21T13:57:42","slug":"zapraszamy-do-udzialu-w-kolejnych-rodzinnych-rajdach-rowerowych-2","status":"publish","type":"post","link":"https:\/\/sportowyfyrtel.pl\/4\/2025\/07\/21\/zapraszamy-do-udzialu-w-kolejnych-rodzinnych-rajdach-rowerowych-2\/","title":{"rendered":"Zapraszamy do udzia\u0142u w kolejnych Rodzinnych Rajdach Rowerowych!"},"content":{"rendered":"<p>Czo\u0142em Fyrtel nr 4! Nie zwalniamy tempa i zapraszamy dzieci, m\u0142odzie\u017c, doros\u0142ych i senior\u00f3w zamieszkuj\u0105cych rejon G\u0142uszyna, Krzesiny\u2013Pokrzywno\u2013Garaszewo, Staro\u0142\u0119ka\u2013Minikowo, a tak\u017ce Szczepankowo\u2013Sp\u0142awie\u2013Krzesinki do wsp\u00f3lnej aktywno\u015bci w ramach tegorocznej edycji programu Nasz Sportowy Fyrtel! Do\u0142\u0105cz do nas i zadbaj o form\u0119 cia\u0142a oraz ducha w trakcie kolejnych darmowych zaj\u0119\u0107, kt\u00f3re w wyniku wsp\u00f3\u0142pracy z Radami Osiedla po raz kolejny ale mamy nadziej\u0119 nie ostatni go\u015bci\u0107 b\u0119d\u0105 na terenie Waszej dzielnicy w 2025 roku!<\/p>\n<hr \/>\n<div class=\"xdj266r x11i5rnm xat24cr x1mh8g0r x1vvkbs\">\n<div class=\"xdj266r x11i5rnm xat24cr x1mh8g0r x1vvkbs\">\n<div class=\"xdj266r x11i5rnm xat24cr x1mh8g0r x1vvkbs\">\n<div class=\"xdj266r x11i5rnm xat24cr x1mh8g0r x1vvkbs\">\n<div class=\"xdj266r x11i5rnm xat24cr x1mh8g0r x1vvkbs\">\n<div class=\"xdj266r x11i5rnm xat24cr x1mh8g0r x1vvkbs\">\n<div class=\"xdj266r x14z9mp xat24cr x1lziwak x1vvkbs\">\n<div class=\"xdj266r x14z9mp xat24cr x1lziwak x1vvkbs\">Zapraszamy do aktywnego sp\u0119dzenia czasu na Rajdach Rowerowych!<\/div>\n<div class=\"x14z9mp xat24cr x1lziwak x1vvkbs xtlvy1s\">PLAN<br class=\"html-br\" \/>Tym razem zapraszamy w \u015brodku tygodnia rodzic\u00f3w\/dziadk\u00f3w\/opiekun\u00f3w z pociechami na rowerow\u0105 wycieczk\u0119!<\/div>\n<div class=\"x14z9mp xat24cr x1lziwak x1vvkbs xtlvy1s\">\u015aroda 23 lipca \u2013 12:30 \u2013 Jana Paw\u0142a II\/Baraniaka \u2013 start toru regatowego MALTA (Dzieci\u0119cy Rajd Rowerowy)<\/div>\n<div class=\"x14z9mp xat24cr x1lziwak x1vvkbs xtlvy1s\"><\/div>\n<div class=\"x14z9mp xat24cr x1lziwak x1vvkbs xtlvy1s\">i wsp\u00f3lnie wyruszamy na rowerow\u0105 wycieczk\u0119. Nasz wyjazd ko\u0144czymy wsp\u00f3lnym posi\u0142kiem i atrakcj\u0105 (lub te\u017c posi\u0142ek i atrakcja na trasie) \u2013 wszystko bezp\u0142atne dla uczestnik\u00f3w.<\/div>\n<div class=\"x14z9mp xat24cr x1lziwak x1vvkbs xtlvy1s\"><\/div>\n<div class=\"x14z9mp xat24cr x1lziwak x1vvkbs xtlvy1s\">DLA KOGO<br class=\"html-br\" \/>Do uczestnictwa w wydarzeniu uprawnieni s\u0105 mieszka\u0144cy rejon\u00f3w, w kt\u00f3rych realizowany jest projekt Nasz Sportowy Fyrtel (list\u0119 za\u0142\u0105czamy na ko\u0144cu opisu) ok 12-15 km (Dzieci\u0119cy Rajd Rowerowy)<\/div>\n<div class=\"x14z9mp xat24cr x1lziwak x1vvkbs xtlvy1s\">CZY JA\/MOJE DZIECKO DAMY RAD\u0118?<br class=\"html-br\" \/>Rajd Dzieci\u0119cy \u2013 zapraszamy dzieci w ka\u017cdym wieku, jedyny wym\u00f3g to jazda na rowerze 2-ko\u0142owym (odpadaj\u0105 bieg\u00f3wki!) oraz umiej\u0119tno\u015b\u0107 d\u0142u\u017cszej jazdy bez zatrzymywania si\u0119 co 50m.<\/div>\n<div class=\"x14z9mp xat24cr x1lziwak x1vvkbs xtlvy1s\">CO ZABRA\u0106<br class=\"html-br\" \/>ZAPASOWA D\u0118TKA, woda, dobry humor, co\u015b na komary, DZIECI i M\u0141ODZIE\u017b OBOWIAZKOWO KASKI.<\/div>\n<div class=\"x14z9mp xat24cr x1lziwak x1vvkbs xtlvy1s\">WARUNKI UCZESTNICTWA<br class=\"html-br\" \/>\u2013 status mieszka\u0144ca osiedla, na kt\u00f3rym realizowany jest projekt Nasz Sportowy Fyrtel<br class=\"html-br\" \/>\u2013 wymagane wcze\u015bniejsza rejestracja (nie zabieramy os\u00f3b NIEZAREJESTROWANYCH)<br class=\"html-br\" \/>\u2013 udzia\u0142 i atrakcje s\u0105 BEZP\u0141ATNE<br class=\"html-br\" \/>\u2013 ilo\u015b\u0107 miejsc ograniczona<\/div>\n<div class=\"x14z9mp xat24cr x1lziwak x1vvkbs xtlvy1s\">ZAPISY<br class=\"html-br\" \/>\u2013 poprzez formularz \u2013 kliknij i zapisz siebie lub swoj\u0105 ekip\u0119:\u00a0<a class=\"x1i10hfl xjbqb8w x1ejq31n x18oe1m7 x1sy0etr xstzfhl x972fbf x10w94by x1qhh985 x14e42zd x9f619 x1ypdohk xt0psk2 xe8uvvx xdj266r x14z9mp xat24cr x1lziwak xexx8yu xyri2b x18d9i69 x1c1uobl x16tdsg8 x1hl2dhg xggy1nq x1a2a7pz xkrqix3 x1sur9pj x1fey0fg x1s688f\" tabindex=\"0\" role=\"link\" href=\"https:\/\/l.facebook.com\/l.php?u=https%3A%2F%2Fforms.gle%2FbEQtaBQhby3gPEWE6%3Ffbclid%3DIwZXh0bgNhZW0CMTAAYnJpZBEwVW5DWGdpT2Q0RUtOZjh6agEex662K2YAISoCE95QUZMVaWoEv6tpjsZkIWSyQhCIRMJnHPE4OnPrDewBmxQ_aem_TBPDY0xy96OHFX6xjacp1g&amp;h=AT2luEMGHcenMCElaI_haqiqt-lBpnkKtky3PBKjBTxN44TjdalSYRbfSzf1wlztZf2QK5Jc4PdxwBiDrcN0agP_VQSy7elP0GlyaSDjVe1oP1P6A8LQXsLY3jbJp0nK9jD3QEcbwkBNIibp&amp;__tn__=q&amp;c[0]=AT2VtZb9m-UUZKdWNYIGBoaue2WnVIGYheJ5np_xrqikA8n61_8Py6y2JAWJjhOmUnDBhBPHvqq6G5l1C53SfaK9B-ZbIz7-YouUSDNmRbQiRGuX_jhV6y5BvAvOEAV_0ySdHUITnI8J6KMFCkFnKjWEhv6zkSO6OWE\" target=\"_blank\" rel=\"nofollow noopener noreferrer\">https:\/\/forms.gle\/bEQtaBQhby3gPEWE6<\/a><\/div>\n<div class=\"x14z9mp xat24cr x1lziwak x1vvkbs xtlvy1s\">Rajd organizowany jest w ramach projektu Nasz Sportowy Fyrtel. W przypadku niepogody termin mo\u017ce ulec zmianie. Osoby niepe\u0142noletnie mog\u0105 bra\u0107 udzia\u0142 tylko w obecno\u015bci rodzica\/opiekuna.<\/div>\n<div class=\"x14z9mp xat24cr x1lziwak x1vvkbs xtlvy1s\"><\/div>\n<div class=\"x14z9mp xat24cr x1lziwak x1vvkbs xtlvy1s\">Lista rejon\u00f3w Poznania, w kt\u00f3rych dzia\u0142a nasz projekt (i jednocze\u015bnie mieszka\u0144cy tych obszar\u00f3w s\u0105 zaproszeni do udzia\u0142u w wydarzeniu):<\/div>\n<div class=\"x14z9mp xat24cr x1lziwak x1vvkbs xtlvy1s\">Fyrtel 1: Nowe Winogrady P\u00f3\u0142noc, Nowe Winogrady Po\u0142udnie, Nowe Winogrady Wsch\u00f3d, Stare Winogrady<br class=\"html-br\" \/>Fyrtel 2: Kiekrz, Krzy\u017cowniki, Smochowice, Podolany, Strzeszyn<br class=\"html-br\" \/>Fyrtel 4: G\u0142uszyna, Krzesiny-Pokrzywno-Garaszewo, Staro\u0142\u0119ka- Minikowo-Marlewo, Szczepankowo-Sp\u0142awie-Krzesinki<br class=\"html-br\" \/>Fyrtel 5: Grunwald P\u00f3\u0142noc, Grunwald Po\u0142udnie, Stary Grunwald<br class=\"html-br\" \/>Fyrtel 8: Chartowo, Rataje oraz \u017begrze<br class=\"html-br\" \/>Fyrtel 9: Stare Miasto<br class=\"html-br\" \/>Fyrtel 10: \u015awierczewo, Wilda oraz Zielony D\u0119biec<br class=\"html-br\" \/>Fyrtel 12: Antoninek-Zieliniec-Kobylepole, G\u0142\u00f3wna, Ostr\u00f3w Tumski-\u015ar\u00f3dka-Zawady-Komandoria, Warszawskie-Pomet-Malta\u0144skie<\/div>\n<\/div>\n<\/div>\n<\/div>\n<\/div>\n<\/div>\n<\/div>\n<\/div>\n<hr \/>\n<p><strong>Program Nasz Sportowy Fyrtel na terenie rejonu nr 4 przeznaczony jest tylko i wy\u0142\u0105cznie mieszka\u0144com dzielnicy G\u0142uszyna, Krzesiny-Pokrzywno-Garaszewo, Staro\u0142\u0119ka-Minikowo, a tak\u017ce Szczepankowo-Sp\u0142awie-Krzesinki!<\/strong><\/p>\n<ul>\n<li><strong>Regulamin, kt\u00f3rego akceptacja jest niezb\u0119dna do udzia\u0142u w zaj\u0119ciach sportowo \u2013 rekreacyjnych, wydarzeniach czy innych aktywno\u015bciach w ramach programu Nasz Sportowy Fyrtel znajdziesz\u00a0<a href=\"https:\/\/sportowyfyrtel.pl\/4\/regulamin\/\">TUTAJ<\/a>.<\/strong><\/li>\n<li><strong>O\u015bwiadczenie uczestnika, kt\u00f3rego wype\u0142nienie jest niezb\u0119dne do udzia\u0142u w zaj\u0119ciach, a kt\u00f3re nale\u017cy starannie i czytelnie wype\u0142ni\u0107, a nast\u0119pnie zwr\u00f3ci\u0107 trenerowi lub instruktorowi pobierzesz\u00a0<a href=\"https:\/\/sportowyfyrtel.pl\/4\/do-pobrania\/\">TUTAJ<\/a>.<\/strong><\/li>\n<li><strong>Plan zaj\u0119\u0107, kt\u00f3ry nale\u017cy \u015bledzi\u0107 \u017ceby sprawdzi\u0107 czy dane zaj\u0119cia nie zosta\u0142y odwo\u0142ane dost\u0119pny jest\u00a0<a href=\"https:\/\/sportowyfyrtel.pl\/4\/godziny-zajec\/\">TUTAJ<\/a>.<\/strong><\/li>\n<li><strong>Opis zaj\u0119\u0107, gdzie mo\u017cecie zapozna\u0107 si\u0119 r\u00f3wnie\u017c z informacjami o danych zaj\u0119ciach, lokalizacj\u0105, a tak\u017ce form\u0105 zapis\u00f3w czeka na Was\u00a0<a href=\"https:\/\/sportowyfyrtel.pl\/4\/opis-zajec\/\">TUTAJ<\/a>.<\/strong><\/li>\n<li><strong>Kliknijcie\u00a0<a href=\"https:\/\/www.facebook.com\/groups\/fyrtel4\">TUTAJ<\/a>, \u017ce do\u0142\u0105czy\u0107 do grupy na portalu Facebook dedykowanej uczestnikom zaj\u0119\u0107 na terenie rejonu nr 4, a jednocze\u015bnie mieszka\u0144com dzielnicy G\u0142uszyna, Krzesiny-Pokrzywno-Garaszewo, a tak\u017ce Staro\u0142\u0119ka-Minikowo, Szczepankowo-Sp\u0142awie-Krzesinki, gdzie znajdziecie relacje z zaj\u0119\u0107 czy innych organizowanych aktywno\u015bci, zapowiedzi, komunikaty, a tak\u017ce og\u0142oszenia dotycz\u0105ce realizacji projektu w 2025 roku.<\/strong><\/li>\n<\/ul>\n<p><strong>Projekt finansowany ze \u015brodk\u00f3w Wydzia\u0142u Sportu Urz\u0119du Miasta Poznania w ramach Pozna\u0144skiego Bud\u017cetu Obywatelskiego 2025 dzi\u0119ki g\u0142osom mieszka\u0144c\u00f3w Poznania!<\/strong><\/p>\n<p><strong>Problemy, pytania i w\u0105tpliwo\u015bci kierujcie na adres e-mail: 4@sportowyfyrtel.pl.<\/strong><\/p>\n","protected":false},"excerpt":{"rendered":"<p>Czo\u0142em Fyrtel nr 4! Nie zwalniamy tempa i zapraszamy dzieci, m\u0142odzie\u017c, doros\u0142ych i senior\u00f3w zamieszkuj\u0105cych rejon G\u0142uszyna, Krzesiny\u2013Pokrzywno\u2013Garaszewo, Staro\u0142\u0119ka\u2013Minikowo, a tak\u017ce Szczepankowo\u2013Sp\u0142awie\u2013Krzesinki do wsp\u00f3lnej aktywno\u015bci w ramach tegorocznej edycji programu Nasz Sportowy Fyrtel! Do\u0142\u0105cz do nas i zadbaj o form\u0119 cia\u0142a oraz ducha w trakcie kolejnych darmowych zaj\u0119\u0107, kt\u00f3re w wyniku wsp\u00f3\u0142pracy z Radami Osiedla [&#8230;]<\/p>\n<p><a class=\"btn btn-secondary understrap-read-more-link\" href=\"https:\/\/sportowyfyrtel.pl\/4\/2025\/07\/21\/zapraszamy-do-udzialu-w-kolejnych-rodzinnych-rajdach-rowerowych-2\/\">Czytaj dalej\u2026<\/a><\/p>\n","protected":false},"author":9,"featured_media":0,"comment_status":"closed","ping_status":"closed","sticky":false,"template":"","format":"standard","meta":{"footnotes":""},"categories":[1],"tags":[],"_links":{"self":[{"href":"https:\/\/sportowyfyrtel.pl\/4\/wp-json\/wp\/v2\/posts\/1166"}],"collection":[{"href":"https:\/\/sportowyfyrtel.pl\/4\/wp-json\/wp\/v2\/posts"}],"about":[{"href":"https:\/\/sportowyfyrtel.pl\/4\/wp-json\/wp\/v2\/types\/post"}],"author":[{"embeddable":true,"href":"https:\/\/sportowyfyrtel.pl\/4\/wp-json\/wp\/v2\/users\/9"}],"replies":[{"embeddable":true,"href":"https:\/\/sportowyfyrtel.pl\/4\/wp-json\/wp\/v2\/comments?post=1166"}],"version-history":[{"count":1,"href":"https:\/\/sportowyfyrtel.pl\/4\/wp-json\/wp\/v2\/posts\/1166\/revisions"}],"predecessor-version":[{"id":1167,"href":"https:\/\/sportowyfyrtel.pl\/4\/wp-json\/wp\/v2\/posts\/1166\/revisions\/1167"}],"wp:attachment":[{"href":"https:\/\/sportowyfyrtel.pl\/4\/wp-json\/wp\/v2\/media?parent=1166"}],"wp:term":[{"taxonomy":"category","embeddable":true,"href":"https:\/\/sportowyfyrtel.pl\/4\/wp-json\/wp\/v2\/categories?post=1166"},{"taxonomy":"post_tag","embeddable":true,"href":"https:\/\/sportowyfyrtel.pl\/4\/wp-json\/wp\/v2\/tags?post=1166"}],"curies":[{"name":"wp","href":"https:\/\/api.w.org\/{rel}","templated":true}]}}