{"id":1152,"date":"2025-08-11T13:30:20","date_gmt":"2025-08-11T11:30:20","guid":{"rendered":"https:\/\/sportowyfyrtel.pl\/4\/?p=1152"},"modified":"2025-08-11T13:31:12","modified_gmt":"2025-08-11T11:31:12","slug":"startuje-letnia-odslona-zajec-dla-dzieci-i-mlodziezy-na-starolece-dolaczcie-do-zajec-na-terenie-kompleksu-sportowo-rekreacyjnego-przy-ul-okopowej-6","status":"publish","type":"post","link":"https:\/\/sportowyfyrtel.pl\/4\/2025\/08\/11\/startuje-letnia-odslona-zajec-dla-dzieci-i-mlodziezy-na-starolece-dolaczcie-do-zajec-na-terenie-kompleksu-sportowo-rekreacyjnego-przy-ul-okopowej-6\/","title":{"rendered":"Startuje letnia ods\u0142ona zaj\u0119\u0107 dla dzieci i m\u0142odzie\u017cy na Staro\u0142\u0119ce! Do\u0142\u0105czcie do zaj\u0119\u0107 na terenie Parku Rekreacji- Staro\u0142\u0119ka Ma\u0142a przy ul. Okopowej 6!"},"content":{"rendered":"<p>Czo\u0142em Fyrtel nr 4! Nie zwalniamy tempa i zapraszamy dzieci, m\u0142odzie\u017c, doros\u0142ych i senior\u00f3w zamieszkuj\u0105cych rejon G\u0142uszyna, Krzesiny\u2013Pokrzywno\u2013Garaszewo, Staro\u0142\u0119ka\u2013Minikowo, a tak\u017ce Szczepankowo\u2013Sp\u0142awie\u2013Krzesinki do wsp\u00f3lnej aktywno\u015bci w ramach tegorocznej edycji programu Nasz Sportowy Fyrtel! Do\u0142\u0105cz do nas i zadbaj o form\u0119 cia\u0142a oraz ducha w trakcie kolejnych darmowych zaj\u0119\u0107, kt\u00f3re w wyniku wsp\u00f3\u0142pracy z Radami Osiedla po raz kolejny ale mamy nadziej\u0119 nie ostatni go\u015bci\u0107 b\u0119d\u0105 na terenie Waszej dzielnicy w 2025 roku!<\/p>\n<hr \/>\n<h3><strong>GRY I ZABAWY DLA DZIECI I M\u0141ODZIE\u017bY OD 6 LAT<\/strong><\/h3>\n<p>Zaj\u0119cia typu Gry i zabawy dla dzieci i m\u0142odzie\u017cy od 6. roku \u017cycia w ramach programu Nasz Sportowy Fyrtel to pe\u0142ne rado\u015bci i energii spotkania ruchowe, kt\u00f3re w naturalny spos\u00f3b \u0142\u0105cz\u0105 aktywno\u015b\u0107 fizyczn\u0105 z rozwojem spo\u0142ecznym, emocjonalnym i poznawczym uczestnik\u00f3w. Podczas zaj\u0119\u0107 dzieci anga\u017cuj\u0105 si\u0119 w r\u00f3\u017cnorodne formy aktywno\u015bci: zabawy bie\u017cne, zr\u0119czno\u015bciowe, integracyjne oraz gry z elementami wsp\u00f3\u0142zawodnictwa i pracy zespo\u0142owej. Scenariusze spotka\u0144 s\u0105 dostosowane do wieku i mo\u017cliwo\u015bci uczestnik\u00f3w, dzi\u0119ki czemu ka\u017cdy \u2013 niezale\u017cnie od poziomu sprawno\u015bci \u2013 mo\u017ce czu\u0107 si\u0119 bezpiecznie, komfortowo i swobodnie wyra\u017ca\u0107 siebie w ruchu.<\/p>\n<p>Zaj\u0119cia doskonale rozwijaj\u0105 podstawowe zdolno\u015bci motoryczne, takie jak szybko\u015b\u0107, si\u0142a, zwinno\u015b\u0107, koordynacja czy r\u00f3wnowaga, jednocze\u015bnie ucz\u0105c zasad fair play, wsp\u00f3\u0142pracy i komunikacji w grupie. Dzieci i m\u0142odzie\u017c ucz\u0105 si\u0119, jak radzi\u0107 sobie z emocjami w sytuacjach rywalizacji, jak cieszy\u0107 si\u0119 ze wsp\u00f3lnej zabawy i jak wspiera\u0107 innych. Regularne uczestnictwo w zaj\u0119ciach poprawia nie tylko kondycj\u0119 fizyczn\u0105, ale tak\u017ce og\u00f3lne samopoczucie i poziom energii, wspiera koncentracj\u0119 oraz sprzyja budowaniu pozytywnego obrazu siebie.<\/p>\n<p>W czasach, gdy dzieci coraz wi\u0119cej czasu sp\u0119dzaj\u0105 przed ekranem, Gry i zabawy w ramach Naszego Sportowego Fyrtla stanowi\u0105 \u015bwietn\u0105 okazj\u0119 do aktywnego sp\u0119dzania czasu w ruchu \u2013 na \u015bwie\u017cym powietrzu lub w przestrzeni sali sportowej. To nie tylko zdrowa alternatywa dla siedz\u0105cego trybu \u017cycia, ale te\u017c doskona\u0142a przestrze\u0144 do zawierania nowych znajomo\u015bci, budowania przyja\u017ani i rozwijania pasji do sportu. Zaj\u0119cia s\u0105 prowadzone przez do\u015bwiadczonych instruktor\u00f3w, kt\u00f3rzy dbaj\u0105 o bezpiecze\u0144stwo, dobr\u0105 atmosfer\u0119 i pozytywne wzmacnianie ka\u017cdego uczestnika.<\/p>\n<p><strong>Lokalizacja:<\/strong> Kompleks sportowo &#8211; rekreacyjny przy ul. Okopowej 6<br \/>\n<strong>Termin:<\/strong> poniedzia\u0142ki, \u015brody i pi\u0105tki w godzinach 10:00 &#8211; 12:00<br \/>\n<strong>Zapisy:<\/strong> w formie SMS pod nr tel. 795640713 (od dnia 17 lipca w godzinach 9:00 \u2013 19:00, zapisy z\u0142o\u017cone przed terminem rozpocz\u0119cia rekrutacji nie b\u0119d\u0105 uwzgl\u0119dnione!)<br \/>\n<strong>Start:<\/strong> 21 lipca<\/p>\n<hr \/>\n<p><strong>Program Nasz Sportowy Fyrtel na terenie rejonu nr 4 przeznaczony jest tylko i wy\u0142\u0105cznie mieszka\u0144com dzielnicy G\u0142uszyna, Krzesiny-Pokrzywno-Garaszewo, Staro\u0142\u0119ka-Minikowo, a tak\u017ce Szczepankowo-Sp\u0142awie-Krzesinki!<\/strong><\/p>\n<ul>\n<li><strong>Regulamin, kt\u00f3rego akceptacja jest niezb\u0119dna do udzia\u0142u w zaj\u0119ciach sportowo \u2013 rekreacyjnych, wydarzeniach czy innych aktywno\u015bciach w ramach programu Nasz Sportowy Fyrtel znajdziesz\u00a0<a href=\"https:\/\/sportowyfyrtel.pl\/4\/regulamin\/\">TUTAJ<\/a>.<\/strong><\/li>\n<li><strong>O\u015bwiadczenie uczestnika, kt\u00f3rego wype\u0142nienie jest niezb\u0119dne do udzia\u0142u w zaj\u0119ciach, a kt\u00f3re nale\u017cy starannie i czytelnie wype\u0142ni\u0107, a nast\u0119pnie zwr\u00f3ci\u0107 trenerowi lub instruktorowi pobierzesz\u00a0<a href=\"https:\/\/sportowyfyrtel.pl\/4\/do-pobrania\/\">TUTAJ<\/a>.<\/strong><\/li>\n<li><strong>Plan zaj\u0119\u0107, kt\u00f3ry nale\u017cy \u015bledzi\u0107 \u017ceby sprawdzi\u0107 czy dane zaj\u0119cia nie zosta\u0142y odwo\u0142ane dost\u0119pny jest\u00a0<a href=\"https:\/\/sportowyfyrtel.pl\/4\/godziny-zajec\/\">TUTAJ<\/a>.<\/strong><\/li>\n<li><strong>Opis zaj\u0119\u0107, gdzie mo\u017cecie zapozna\u0107 si\u0119 r\u00f3wnie\u017c z informacjami o danych zaj\u0119ciach, lokalizacj\u0105, a tak\u017ce form\u0105 zapis\u00f3w czeka na Was\u00a0<a href=\"https:\/\/sportowyfyrtel.pl\/4\/opis-zajec\/\">TUTAJ<\/a>.<\/strong><\/li>\n<li><strong>Kliknijcie\u00a0<a href=\"https:\/\/www.facebook.com\/groups\/fyrtel4\">TUTAJ<\/a>, \u017ce do\u0142\u0105czy\u0107 do grupy na portalu Facebook dedykowanej uczestnikom zaj\u0119\u0107 na terenie rejonu nr 4, a jednocze\u015bnie mieszka\u0144com dzielnicy G\u0142uszyna, Krzesiny-Pokrzywno-Garaszewo, a tak\u017ce Staro\u0142\u0119ka-Minikowo, Szczepankowo-Sp\u0142awie-Krzesinki, gdzie znajdziecie relacje z zaj\u0119\u0107 czy innych organizowanych aktywno\u015bci, zapowiedzi, komunikaty, a tak\u017ce og\u0142oszenia dotycz\u0105ce realizacji projektu w 2025 roku.<\/strong><\/li>\n<\/ul>\n<p><strong>Projekt finansowany ze \u015brodk\u00f3w Wydzia\u0142u Sportu Urz\u0119du Miasta Poznania w ramach Pozna\u0144skiego Bud\u017cetu Obywatelskiego 2025 dzi\u0119ki g\u0142osom mieszka\u0144c\u00f3w Poznania!<\/strong><\/p>\n<p><strong>Problemy, pytania i w\u0105tpliwo\u015bci kierujcie na adres e-mail: 4@sportowyfyrtel.pl.<\/strong><\/p>\n","protected":false},"excerpt":{"rendered":"<p>Czo\u0142em Fyrtel nr 4! Nie zwalniamy tempa i zapraszamy dzieci, m\u0142odzie\u017c, doros\u0142ych i senior\u00f3w zamieszkuj\u0105cych rejon G\u0142uszyna, Krzesiny\u2013Pokrzywno\u2013Garaszewo, Staro\u0142\u0119ka\u2013Minikowo, a tak\u017ce Szczepankowo\u2013Sp\u0142awie\u2013Krzesinki do wsp\u00f3lnej aktywno\u015bci w ramach tegorocznej edycji programu Nasz Sportowy Fyrtel! Do\u0142\u0105cz do nas i zadbaj o form\u0119 cia\u0142a oraz ducha w trakcie kolejnych darmowych zaj\u0119\u0107, kt\u00f3re w wyniku wsp\u00f3\u0142pracy z Radami Osiedla [&#8230;]<\/p>\n<p><a class=\"btn btn-secondary understrap-read-more-link\" href=\"https:\/\/sportowyfyrtel.pl\/4\/2025\/08\/11\/startuje-letnia-odslona-zajec-dla-dzieci-i-mlodziezy-na-starolece-dolaczcie-do-zajec-na-terenie-kompleksu-sportowo-rekreacyjnego-przy-ul-okopowej-6\/\">Czytaj dalej\u2026<\/a><\/p>\n","protected":false},"author":9,"featured_media":0,"comment_status":"closed","ping_status":"closed","sticky":false,"template":"","format":"standard","meta":{"footnotes":""},"categories":[1],"tags":[],"_links":{"self":[{"href":"https:\/\/sportowyfyrtel.pl\/4\/wp-json\/wp\/v2\/posts\/1152"}],"collection":[{"href":"https:\/\/sportowyfyrtel.pl\/4\/wp-json\/wp\/v2\/posts"}],"about":[{"href":"https:\/\/sportowyfyrtel.pl\/4\/wp-json\/wp\/v2\/types\/post"}],"author":[{"embeddable":true,"href":"https:\/\/sportowyfyrtel.pl\/4\/wp-json\/wp\/v2\/users\/9"}],"replies":[{"embeddable":true,"href":"https:\/\/sportowyfyrtel.pl\/4\/wp-json\/wp\/v2\/comments?post=1152"}],"version-history":[{"count":4,"href":"https:\/\/sportowyfyrtel.pl\/4\/wp-json\/wp\/v2\/posts\/1152\/revisions"}],"predecessor-version":[{"id":1162,"href":"https:\/\/sportowyfyrtel.pl\/4\/wp-json\/wp\/v2\/posts\/1152\/revisions\/1162"}],"wp:attachment":[{"href":"https:\/\/sportowyfyrtel.pl\/4\/wp-json\/wp\/v2\/media?parent=1152"}],"wp:term":[{"taxonomy":"category","embeddable":true,"href":"https:\/\/sportowyfyrtel.pl\/4\/wp-json\/wp\/v2\/categories?post=1152"},{"taxonomy":"post_tag","embeddable":true,"href":"https:\/\/sportowyfyrtel.pl\/4\/wp-json\/wp\/v2\/tags?post=1152"}],"curies":[{"name":"wp","href":"https:\/\/api.w.org\/{rel}","templated":true}]}}