{"id":1142,"date":"2025-07-20T11:45:51","date_gmt":"2025-07-20T09:45:51","guid":{"rendered":"https:\/\/sportowyfyrtel.pl\/4\/?p=1142"},"modified":"2025-07-21T10:59:58","modified_gmt":"2025-07-21T08:59:58","slug":"wakacje-z-naszym-sportowym-fyrtlem-czas-start","status":"publish","type":"post","link":"https:\/\/sportowyfyrtel.pl\/4\/2025\/07\/20\/wakacje-z-naszym-sportowym-fyrtlem-czas-start\/","title":{"rendered":"Wakacje z Naszym Sportowym Fyrtlem czas start!"},"content":{"rendered":"<p>Wakacje czas start! Fyrtel nr 4 nie zwalnia tempa dlatego zach\u0119camy do zapoznania si\u0119 z letni\u0105 ofert\u0105 bezp\u0142atnych aktywno\u015bci organizowanych w ramach programu Nasz Sportowy Fyrtel\u00a0 dla dzieci, m\u0142odzie\u017cy, doros\u0142ych i senior\u00f3w zamieszkuj\u0105cych rejon Grunwald P\u00f3\u0142noc, Grunwald Po\u0142udnie, a tak\u017ce Stary Grunwald! Zach\u0119\u0107cie rodzin\u0119, znajomych czy s\u0105siad\u00f3w, do\u0142\u0105czcie do nas i razem zadbajmy o form\u0119 cia\u0142a oraz ducha! Jednocze\u015bnie pami\u0119tajcie, \u017ce realizacja programu Nasz Sportowy Fyrtel w 2026 roku uzale\u017cniona jest tylko i wy\u0142\u0105cznie od Waszego wsparcia w g\u0142osowaniu w ramach Pozna\u0144skiego Bud\u017cetu Obywatelskiego, kt\u00f3re zbli\u017ca si\u0119 wielkimi krokami. Zapraszajcie, zach\u0119cajcie, udost\u0119pniajcie, a przede wszystkim g\u0142osujcie w dniach 6 &#8211; 29 pa\u017adziernika na projekt rejonowy Nasz Sportowy Fyrtel za po\u015brednictwem strony internetowej <a href=\"https:\/\/pbo26.um.poznan.pl\/\">https:\/\/pbo26.um.poznan.pl\/<\/a>.<\/p>\n<p>Udzia\u0142 w naszych zaj\u0119ciach mo\u017cliwy jest tylko i wy\u0142\u0105cznie po wype\u0142nieniu O\u015bwiadczenia uczestnika, kt\u00f3re nale\u017cy przekaza\u0107 trenerom czy instruktorom przed pierwszymi zaj\u0119ciami. Deklaracj\u0119 uczestnika zaj\u0119\u0107 w ramach programu Nasz Sportowy Fyrtel znajdziecie <a href=\"https:\/\/sportowyfyrtel.pl\/4\/do-pobrania\/\">TUTAJ<\/a>, wype\u0142nijcie j\u0105 w domu, zabierzcie ze sob\u0105, a potem dajcie z siebie wszystko!<\/p>\n<p>Zgodnie z wcze\u015bniejszymi informacjami aktualny harmonogram zaj\u0119\u0107 w bie\u017c\u0105cym i kolejnym tygodniu, kt\u00f3re realizowane s\u0105 w ramach naszego projektu dost\u0119pny jest tylko i wy\u0142\u0105cznie na stronie internetowej programu w zak\u0142adce Godziny zaj\u0119\u0107. Zalecamy przed wyj\u015bciem z domu sprawdzi\u0107 czy poszczeg\u00f3lne zaj\u0119cia odbywaj\u0105 si\u0119 w danym dniu, poniewa\u017c w przypadku odwo\u0142ania zaj\u0119\u0107 przez trenera lub instruktora niestety nie zawsze maj\u0105 oni mo\u017cliwo\u015b\u0107 przekazania informacji ka\u017cdemu z uczestnik\u00f3w poprzez wiadomo\u015b\u0107 SMS czy komunikat w grupie rejonu nr 4 na portalu Facebook, a plan bywa jedyn\u0105 dost\u0119pn\u0105 form\u0105 komunikacji z uczestnikami naszych zaj\u0119\u0107.<\/p>\n<hr \/>\n<p><strong>Program Nasz Sportowy Fyrtel na terenie rejonu nr 4 przeznaczony jest tylko i wy\u0142\u0105cznie mieszka\u0144com dzielnicy G\u0142uszyna, Krzesiny-Pokrzywno-Garaszewo, Staro\u0142\u0119ka-Minikowo, a tak\u017ce Szczepankowo-Sp\u0142awie-Krzesinki!<\/strong><\/p>\n<ul>\n<li><strong>Regulamin, kt\u00f3rego akceptacja jest niezb\u0119dna do udzia\u0142u w zaj\u0119ciach sportowo \u2013 rekreacyjnych, wydarzeniach czy innych aktywno\u015bciach w ramach programu Nasz Sportowy Fyrtel znajdziesz\u00a0<a href=\"https:\/\/sportowyfyrtel.pl\/4\/regulamin\/\">TUTAJ<\/a>.<\/strong><\/li>\n<li><strong>O\u015bwiadczenie uczestnika, kt\u00f3rego wype\u0142nienie jest niezb\u0119dne do udzia\u0142u w zaj\u0119ciach, a kt\u00f3re nale\u017cy starannie i czytelnie wype\u0142ni\u0107, a nast\u0119pnie zwr\u00f3ci\u0107 trenerowi lub instruktorowi pobierzesz\u00a0<a href=\"https:\/\/sportowyfyrtel.pl\/4\/do-pobrania\/\">TUTAJ<\/a>.<\/strong><\/li>\n<li><strong>Plan zaj\u0119\u0107, kt\u00f3ry nale\u017cy \u015bledzi\u0107 \u017ceby sprawdzi\u0107 czy dane zaj\u0119cia nie zosta\u0142y odwo\u0142ane dost\u0119pny jest\u00a0<a href=\"https:\/\/sportowyfyrtel.pl\/4\/godziny-zajec\/\">TUTAJ<\/a>.<\/strong><\/li>\n<li><strong>Opis zaj\u0119\u0107, gdzie mo\u017cecie zapozna\u0107 si\u0119 r\u00f3wnie\u017c z informacjami o danych zaj\u0119ciach, lokalizacj\u0105, a tak\u017ce form\u0105 zapis\u00f3w czeka na Was\u00a0<a href=\"https:\/\/sportowyfyrtel.pl\/4\/opis-zajec\/\">TUTAJ<\/a>.<\/strong><\/li>\n<li><strong>Kliknijcie\u00a0<a href=\"https:\/\/www.facebook.com\/groups\/fyrtel4\">TUTAJ<\/a>, \u017ce do\u0142\u0105czy\u0107 do grupy na portalu Facebook dedykowanej uczestnikom zaj\u0119\u0107 na terenie rejonu nr 4, a jednocze\u015bnie mieszka\u0144com dzielnicy G\u0142uszyna, Krzesiny-Pokrzywno-Garaszewo, a tak\u017ce Staro\u0142\u0119ka-Minikowo, Szczepankowo-Sp\u0142awie-Krzesinki, gdzie znajdziecie relacje z zaj\u0119\u0107 czy innych organizowanych aktywno\u015bci, zapowiedzi, komunikaty, a tak\u017ce og\u0142oszenia dotycz\u0105ce realizacji projektu w 2025 roku.<\/strong><\/li>\n<\/ul>\n<p><strong>Projekt finansowany ze \u015brodk\u00f3w Wydzia\u0142u Sportu Urz\u0119du Miasta Poznania w ramach Pozna\u0144skiego Bud\u017cetu Obywatelskiego 2025 dzi\u0119ki g\u0142osom mieszka\u0144c\u00f3w Poznania!<\/strong><\/p>\n<p><strong>Problemy, pytania i w\u0105tpliwo\u015bci kierujcie na adres e-mail: 4@sportowyfyrtel.pl.<\/strong><\/p>\n","protected":false},"excerpt":{"rendered":"<p>Wakacje czas start! Fyrtel nr 4 nie zwalnia tempa dlatego zach\u0119camy do zapoznania si\u0119 z letni\u0105 ofert\u0105 bezp\u0142atnych aktywno\u015bci organizowanych w ramach programu Nasz Sportowy Fyrtel\u00a0 dla dzieci, m\u0142odzie\u017cy, doros\u0142ych i senior\u00f3w zamieszkuj\u0105cych rejon Grunwald P\u00f3\u0142noc, Grunwald Po\u0142udnie, a tak\u017ce Stary Grunwald! Zach\u0119\u0107cie rodzin\u0119, znajomych czy s\u0105siad\u00f3w, do\u0142\u0105czcie do nas i razem zadbajmy o form\u0119 [&#8230;]<\/p>\n<p><a class=\"btn btn-secondary understrap-read-more-link\" href=\"https:\/\/sportowyfyrtel.pl\/4\/2025\/07\/20\/wakacje-z-naszym-sportowym-fyrtlem-czas-start\/\">Czytaj dalej\u2026<\/a><\/p>\n","protected":false},"author":9,"featured_media":0,"comment_status":"closed","ping_status":"closed","sticky":false,"template":"","format":"standard","meta":{"footnotes":""},"categories":[1],"tags":[],"_links":{"self":[{"href":"https:\/\/sportowyfyrtel.pl\/4\/wp-json\/wp\/v2\/posts\/1142"}],"collection":[{"href":"https:\/\/sportowyfyrtel.pl\/4\/wp-json\/wp\/v2\/posts"}],"about":[{"href":"https:\/\/sportowyfyrtel.pl\/4\/wp-json\/wp\/v2\/types\/post"}],"author":[{"embeddable":true,"href":"https:\/\/sportowyfyrtel.pl\/4\/wp-json\/wp\/v2\/users\/9"}],"replies":[{"embeddable":true,"href":"https:\/\/sportowyfyrtel.pl\/4\/wp-json\/wp\/v2\/comments?post=1142"}],"version-history":[{"count":3,"href":"https:\/\/sportowyfyrtel.pl\/4\/wp-json\/wp\/v2\/posts\/1142\/revisions"}],"predecessor-version":[{"id":1145,"href":"https:\/\/sportowyfyrtel.pl\/4\/wp-json\/wp\/v2\/posts\/1142\/revisions\/1145"}],"wp:attachment":[{"href":"https:\/\/sportowyfyrtel.pl\/4\/wp-json\/wp\/v2\/media?parent=1142"}],"wp:term":[{"taxonomy":"category","embeddable":true,"href":"https:\/\/sportowyfyrtel.pl\/4\/wp-json\/wp\/v2\/categories?post=1142"},{"taxonomy":"post_tag","embeddable":true,"href":"https:\/\/sportowyfyrtel.pl\/4\/wp-json\/wp\/v2\/tags?post=1142"}],"curies":[{"name":"wp","href":"https:\/\/api.w.org\/{rel}","templated":true}]}}