{"id":1138,"date":"2025-06-24T11:47:58","date_gmt":"2025-06-24T09:47:58","guid":{"rendered":"https:\/\/sportowyfyrtel.pl\/4\/?p=1138"},"modified":"2025-06-24T11:47:58","modified_gmt":"2025-06-24T09:47:58","slug":"parada-sobotkowa-oraz-trasy-rodzinne-do-czerwonaka-spedz-ten-weekend-w-kajaku","status":"publish","type":"post","link":"https:\/\/sportowyfyrtel.pl\/4\/2025\/06\/24\/parada-sobotkowa-oraz-trasy-rodzinne-do-czerwonaka-spedz-ten-weekend-w-kajaku\/","title":{"rendered":"Parada SOB\u00d3TKOWA oraz trasy rodzinne do Czerwonaka! Sp\u0119d\u017a ten weekend w kajaku!"},"content":{"rendered":"<p>W tym tygodniu- sobota i niedziela trasa Pozna\u0144- Czerwonak, zako\u0144czony ogniskiem. Natomiast w sobot\u0119 na 19:30 zapraszamy na Parad\u0119 Sob\u00f3tkow\u0105 &#8211; Fyrtle na Warcie ze Naszym Sportowym Fyrtlem. Kr\u00f3tki bo oko\u0142o 5 km sp\u0142yw w kt\u00f3rym ka\u017cdy z uczestnik\u00f3w kt\u00f3ry chce otrzyma\u0107 gad\u017cet naszego projektu powinien przyby\u0107 w ciekawym stroju. B\u0119d\u0105 z nami r\u00f3wnie\u017c uczestnicy zaj\u0119\u0107 na deskach SUP! Dla najlepiej przebranej za\u0142ogi przewidziana nagroda specjalna! Na ko\u0144cu &#8211; integracyjne ognisko.<br \/>\nRejestracja oraz niezb\u0119dne informacje:<br \/>\nSOBOTA 10:00- Pozna\u0144 Czerwonak-<a href=\"https:\/\/forms.gle\/7PTrukQdbdUGXdan9\"> https:\/\/forms.gle\/7PTrukQdbdUGXdan9<\/a><br \/>\nSOBOTA 19:30- Parada Sob\u00f3tkowa- Fyrtle na Warcie:<br \/>\n<a href=\"https:\/\/forms.gle\/pHDvuWRnVT749XPHA\">https:\/\/forms.gle\/pHDvuWRnVT749XPHA<\/a><br \/>\nNIEDZIELA 10:00 &#8211; Pozna\u0144- Czerwonak<br \/>\n<a href=\"https:\/\/forms.gle\/CNVKXw93ZdgHkHkL6\">https:\/\/forms.gle\/CNVKXw93ZdgHkHkL6<\/a><\/p>\n","protected":false},"excerpt":{"rendered":"<p>W tym tygodniu- sobota i niedziela trasa Pozna\u0144- Czerwonak, zako\u0144czony ogniskiem. Natomiast w sobot\u0119 na 19:30 zapraszamy na Parad\u0119 Sob\u00f3tkow\u0105 &#8211; Fyrtle na Warcie ze Naszym Sportowym Fyrtlem. Kr\u00f3tki bo oko\u0142o 5 km sp\u0142yw w kt\u00f3rym ka\u017cdy z uczestnik\u00f3w kt\u00f3ry chce otrzyma\u0107 gad\u017cet naszego projektu powinien przyby\u0107 w ciekawym stroju. B\u0119d\u0105 z nami r\u00f3wnie\u017c uczestnicy [&#8230;]<\/p>\n<p><a class=\"btn btn-secondary understrap-read-more-link\" href=\"https:\/\/sportowyfyrtel.pl\/4\/2025\/06\/24\/parada-sobotkowa-oraz-trasy-rodzinne-do-czerwonaka-spedz-ten-weekend-w-kajaku\/\">Czytaj dalej\u2026<\/a><\/p>\n","protected":false},"author":3,"featured_media":0,"comment_status":"closed","ping_status":"closed","sticky":false,"template":"","format":"standard","meta":{"footnotes":""},"categories":[1],"tags":[],"_links":{"self":[{"href":"https:\/\/sportowyfyrtel.pl\/4\/wp-json\/wp\/v2\/posts\/1138"}],"collection":[{"href":"https:\/\/sportowyfyrtel.pl\/4\/wp-json\/wp\/v2\/posts"}],"about":[{"href":"https:\/\/sportowyfyrtel.pl\/4\/wp-json\/wp\/v2\/types\/post"}],"author":[{"embeddable":true,"href":"https:\/\/sportowyfyrtel.pl\/4\/wp-json\/wp\/v2\/users\/3"}],"replies":[{"embeddable":true,"href":"https:\/\/sportowyfyrtel.pl\/4\/wp-json\/wp\/v2\/comments?post=1138"}],"version-history":[{"count":1,"href":"https:\/\/sportowyfyrtel.pl\/4\/wp-json\/wp\/v2\/posts\/1138\/revisions"}],"predecessor-version":[{"id":1139,"href":"https:\/\/sportowyfyrtel.pl\/4\/wp-json\/wp\/v2\/posts\/1138\/revisions\/1139"}],"wp:attachment":[{"href":"https:\/\/sportowyfyrtel.pl\/4\/wp-json\/wp\/v2\/media?parent=1138"}],"wp:term":[{"taxonomy":"category","embeddable":true,"href":"https:\/\/sportowyfyrtel.pl\/4\/wp-json\/wp\/v2\/categories?post=1138"},{"taxonomy":"post_tag","embeddable":true,"href":"https:\/\/sportowyfyrtel.pl\/4\/wp-json\/wp\/v2\/tags?post=1138"}],"curies":[{"name":"wp","href":"https:\/\/api.w.org\/{rel}","templated":true}]}}