{"id":1130,"date":"2025-08-07T08:46:33","date_gmt":"2025-08-07T06:46:33","guid":{"rendered":"https:\/\/sportowyfyrtel.pl\/4\/?p=1130"},"modified":"2025-08-07T08:48:28","modified_gmt":"2025-08-07T06:48:28","slug":"uwaga-19-czerwca-zajecia-sportowo-rekreacyjne-w-ramach-programu-nasz-sportowy-fyrtel-nie-odbywaja-sie","status":"publish","type":"post","link":"https:\/\/sportowyfyrtel.pl\/4\/2025\/08\/07\/uwaga-19-czerwca-zajecia-sportowo-rekreacyjne-w-ramach-programu-nasz-sportowy-fyrtel-nie-odbywaja-sie\/","title":{"rendered":"Uwaga! 15 sierpnia zaj\u0119cia sportowo \u2013 rekreacyjne w ramach programu Nasz Sportowy Fyrtel nie odbywaj\u0105 si\u0119!"},"content":{"rendered":"<p>Serwus Fyrtel nr 4! Nasz Sportowy Fyrtel na terenie rejonu nr 4 ruszy\u0142 ju\u017c pe\u0142n\u0105 par\u0105, pami\u0119tajcie jednak, \u017ce 15 sierpnia w dzie\u0144 ustawowo wolny od pracy zaj\u0119cia sportowo \u2013 rekreacyjne w ramach naszego programu nie odbywaj\u0105 si\u0119! Dodatkowo zalecamy przed wyj\u015bciem z domu sprawdzi\u0107 czy poszczeg\u00f3lne zaj\u0119cia odbywaj\u0105 si\u0119 w danym dniu, poniewa\u017c w przypadku odwo\u0142ania zaj\u0119\u0107 przez trenera lub instruktora niestety nie zawsze maj\u0105 oni mo\u017cliwo\u015b\u0107 przekazania informacji ka\u017cdemu z uczestnik\u00f3w poprzez wiadomo\u015b\u0107 SMS czy komunikat w grupie rejonu nr 4, kt\u00f3r\u0105 znajdziecie <a href=\"https:\/\/www.facebook.com\/groups\/fyrtel4\/\">TUTAJ<\/a>, a plan bywa jedyn\u0105 dost\u0119pn\u0105 form\u0105 komunikacji z uczestnikami naszych zaj\u0119\u0107.<\/p>\n<p>Ponadto w imieniu trener\u00f3w, instruktor\u00f3w czy zespo\u0142u odpowiedzialnego za realizacj\u0119 naszego programu \u017cyczymy aktywnego i bezpiecznego wypoczynku w gronie najbli\u017cszych!<\/p>\n<hr \/>\n<p><strong>Program Nasz Sportowy Fyrtel na terenie rejonu nr 4 przeznaczony jest tylko i wy\u0142\u0105cznie mieszka\u0144com dzielnicy G\u0142uszyna, Krzesiny-Pokrzywno-Garaszewo, Staro\u0142\u0119ka-Minikowo, a tak\u017ce Szczepankowo-Sp\u0142awie-Krzesinki!<\/strong><\/p>\n<ul>\n<li><strong>Regulamin, kt\u00f3rego akceptacja jest niezb\u0119dna do udzia\u0142u w zaj\u0119ciach sportowo \u2013 rekreacyjnych, wydarzeniach czy innych aktywno\u015bciach w ramach programu Nasz Sportowy Fyrtel znajdziesz\u00a0<a href=\"https:\/\/sportowyfyrtel.pl\/4\/regulamin\/\">TUTAJ<\/a>.<\/strong><\/li>\n<li><strong>O\u015bwiadczenie uczestnika, kt\u00f3rego wype\u0142nienie jest niezb\u0119dne do udzia\u0142u w zaj\u0119ciach, a kt\u00f3re nale\u017cy starannie i czytelnie wype\u0142ni\u0107, a nast\u0119pnie zwr\u00f3ci\u0107 trenerowi lub instruktorowi pobierzesz\u00a0<a href=\"https:\/\/sportowyfyrtel.pl\/4\/do-pobrania\/\">TUTAJ<\/a>.<\/strong><\/li>\n<li><strong>Plan zaj\u0119\u0107, kt\u00f3ry nale\u017cy \u015bledzi\u0107 \u017ceby sprawdzi\u0107 czy dane zaj\u0119cia nie zosta\u0142y odwo\u0142ane dost\u0119pny jest\u00a0<a href=\"https:\/\/sportowyfyrtel.pl\/4\/godziny-zajec\/\">TUTAJ<\/a>.<\/strong><\/li>\n<li><strong>Opis zaj\u0119\u0107, gdzie mo\u017cecie zapozna\u0107 si\u0119 r\u00f3wnie\u017c z informacjami o danych zaj\u0119ciach, lokalizacj\u0105, a tak\u017ce form\u0105 zapis\u00f3w czeka na Was\u00a0<a href=\"https:\/\/sportowyfyrtel.pl\/4\/opis-zajec\/\">TUTAJ<\/a>.<\/strong><\/li>\n<li><strong>Kliknijcie\u00a0<a href=\"https:\/\/www.facebook.com\/groups\/fyrtel4\">TUTAJ<\/a>, \u017ce do\u0142\u0105czy\u0107 do grupy na portalu Facebook dedykowanej uczestnikom zaj\u0119\u0107 na terenie rejonu nr 4, a jednocze\u015bnie mieszka\u0144com dzielnicy G\u0142uszyna, Krzesiny-Pokrzywno-Garaszewo, a tak\u017ce Staro\u0142\u0119ka-Minikowo, Szczepankowo-Sp\u0142awie-Krzesinki, gdzie znajdziecie relacje z zaj\u0119\u0107 czy innych organizowanych aktywno\u015bci, zapowiedzi, komunikaty, a tak\u017ce og\u0142oszenia dotycz\u0105ce realizacji projektu w 2025 roku.<\/strong><\/li>\n<\/ul>\n<p><strong>Projekt finansowany ze \u015brodk\u00f3w Wydzia\u0142u Sportu Urz\u0119du Miasta Poznania w ramach Pozna\u0144skiego Bud\u017cetu Obywatelskiego 2025 dzi\u0119ki g\u0142osom mieszka\u0144c\u00f3w Poznania!<\/strong><\/p>\n<p><strong>Problemy, pytania i w\u0105tpliwo\u015bci kierujcie na adres e-mail: 4@sportowyfyrtel.pl.<\/strong><\/p>\n","protected":false},"excerpt":{"rendered":"<p>Serwus Fyrtel nr 4! Nasz Sportowy Fyrtel na terenie rejonu nr 4 ruszy\u0142 ju\u017c pe\u0142n\u0105 par\u0105, pami\u0119tajcie jednak, \u017ce 15 sierpnia w dzie\u0144 ustawowo wolny od pracy zaj\u0119cia sportowo \u2013 rekreacyjne w ramach naszego programu nie odbywaj\u0105 si\u0119! Dodatkowo zalecamy przed wyj\u015bciem z domu sprawdzi\u0107 czy poszczeg\u00f3lne zaj\u0119cia odbywaj\u0105 si\u0119 w danym dniu, poniewa\u017c w [&#8230;]<\/p>\n<p><a class=\"btn btn-secondary understrap-read-more-link\" href=\"https:\/\/sportowyfyrtel.pl\/4\/2025\/08\/07\/uwaga-19-czerwca-zajecia-sportowo-rekreacyjne-w-ramach-programu-nasz-sportowy-fyrtel-nie-odbywaja-sie\/\">Czytaj dalej\u2026<\/a><\/p>\n","protected":false},"author":9,"featured_media":0,"comment_status":"closed","ping_status":"closed","sticky":false,"template":"","format":"standard","meta":{"footnotes":""},"categories":[1],"tags":[],"_links":{"self":[{"href":"https:\/\/sportowyfyrtel.pl\/4\/wp-json\/wp\/v2\/posts\/1130"}],"collection":[{"href":"https:\/\/sportowyfyrtel.pl\/4\/wp-json\/wp\/v2\/posts"}],"about":[{"href":"https:\/\/sportowyfyrtel.pl\/4\/wp-json\/wp\/v2\/types\/post"}],"author":[{"embeddable":true,"href":"https:\/\/sportowyfyrtel.pl\/4\/wp-json\/wp\/v2\/users\/9"}],"replies":[{"embeddable":true,"href":"https:\/\/sportowyfyrtel.pl\/4\/wp-json\/wp\/v2\/comments?post=1130"}],"version-history":[{"count":2,"href":"https:\/\/sportowyfyrtel.pl\/4\/wp-json\/wp\/v2\/posts\/1130\/revisions"}],"predecessor-version":[{"id":1184,"href":"https:\/\/sportowyfyrtel.pl\/4\/wp-json\/wp\/v2\/posts\/1130\/revisions\/1184"}],"wp:attachment":[{"href":"https:\/\/sportowyfyrtel.pl\/4\/wp-json\/wp\/v2\/media?parent=1130"}],"wp:term":[{"taxonomy":"category","embeddable":true,"href":"https:\/\/sportowyfyrtel.pl\/4\/wp-json\/wp\/v2\/categories?post=1130"},{"taxonomy":"post_tag","embeddable":true,"href":"https:\/\/sportowyfyrtel.pl\/4\/wp-json\/wp\/v2\/tags?post=1130"}],"curies":[{"name":"wp","href":"https:\/\/api.w.org\/{rel}","templated":true}]}}