{"id":1123,"date":"2025-06-16T15:12:24","date_gmt":"2025-06-16T13:12:24","guid":{"rendered":"https:\/\/sportowyfyrtel.pl\/4\/?p=1123"},"modified":"2025-06-16T15:12:24","modified_gmt":"2025-06-16T13:12:24","slug":"dlugi-weekend-w-kajaku-tylko-z-naszym-sportowym-fyrtlem","status":"publish","type":"post","link":"https:\/\/sportowyfyrtel.pl\/4\/2025\/06\/16\/dlugi-weekend-w-kajaku-tylko-z-naszym-sportowym-fyrtlem\/","title":{"rendered":"D\u0142ugi weekend w kajaku, tylko z Naszym Sportowym Fyrtlem!"},"content":{"rendered":"<p>Serdecznie zapraszamy na sp\u0142ywy kajakowe, organizowane w czasie d\u0142ugiego weekendu- 19-22 czerwca! Oferta &#8211; dla ka\u017cdego co\u015b mi\u0142ego!<\/p>\n<p>CZWARTEK (Bo\u017ce Cia\u0142o) godz. 10:45- Puszczykowo- Pozna\u0144, rejestracja;\u00a0 <a href=\"https:\/\/forms.gle\/bnJ3b9DdjCjVdUug9\">https:\/\/forms.gle\/bnJ3b9DdjCjVdUug9<\/a><\/p>\n<p>SOBOTA &#8211; trasa rodzinna 10:00- Pozna\u0144 Puszczykowo, rejestracja:\u00a0 <a href=\"https:\/\/forms.gle\/2fFEj2ufssjdEHBr9\">https:\/\/forms.gle\/2fFEj2ufssjdEHBr9<\/a><\/p>\n<p>NIEDZIELA- godz. 10:00- Pozna\u0144 Owi\u0144ska, rejestracja:\u00a0 <a href=\"https:\/\/forms.gle\/9w7J8SRucRLMYznP9\">https:\/\/forms.gle\/9w7J8SRucRLMYznP9<\/a><\/p>\n<p>Serdecznie zapraszamy i przypominamy, \u017ce projekt finansowany ze \u015brodk\u00f3w Wydzia\u0142u Sportu Urz\u0119du Miasta Poznania w ramach Pozna\u0144skiego Bud\u017cetu Obywatelskiego 2025 dzi\u0119ki g\u0142osom mieszka\u0144c\u00f3w miasta Poznania.<br \/>\n#POZNANWSPIERA<\/p>\n","protected":false},"excerpt":{"rendered":"<p>Serdecznie zapraszamy na sp\u0142ywy kajakowe, organizowane w czasie d\u0142ugiego weekendu- 19-22 czerwca! Oferta &#8211; dla ka\u017cdego co\u015b mi\u0142ego! CZWARTEK (Bo\u017ce Cia\u0142o) godz. 10:45- Puszczykowo- Pozna\u0144, rejestracja;\u00a0 https:\/\/forms.gle\/bnJ3b9DdjCjVdUug9 SOBOTA &#8211; trasa rodzinna 10:00- Pozna\u0144 Puszczykowo, rejestracja:\u00a0 https:\/\/forms.gle\/2fFEj2ufssjdEHBr9 NIEDZIELA- godz. 10:00- Pozna\u0144 Owi\u0144ska, rejestracja:\u00a0 https:\/\/forms.gle\/9w7J8SRucRLMYznP9 Serdecznie zapraszamy i przypominamy, \u017ce projekt finansowany ze \u015brodk\u00f3w Wydzia\u0142u Sportu Urz\u0119du [&#8230;]<\/p>\n<p><a class=\"btn btn-secondary understrap-read-more-link\" href=\"https:\/\/sportowyfyrtel.pl\/4\/2025\/06\/16\/dlugi-weekend-w-kajaku-tylko-z-naszym-sportowym-fyrtlem\/\">Czytaj dalej\u2026<\/a><\/p>\n","protected":false},"author":3,"featured_media":0,"comment_status":"closed","ping_status":"closed","sticky":false,"template":"","format":"standard","meta":{"footnotes":""},"categories":[1],"tags":[],"_links":{"self":[{"href":"https:\/\/sportowyfyrtel.pl\/4\/wp-json\/wp\/v2\/posts\/1123"}],"collection":[{"href":"https:\/\/sportowyfyrtel.pl\/4\/wp-json\/wp\/v2\/posts"}],"about":[{"href":"https:\/\/sportowyfyrtel.pl\/4\/wp-json\/wp\/v2\/types\/post"}],"author":[{"embeddable":true,"href":"https:\/\/sportowyfyrtel.pl\/4\/wp-json\/wp\/v2\/users\/3"}],"replies":[{"embeddable":true,"href":"https:\/\/sportowyfyrtel.pl\/4\/wp-json\/wp\/v2\/comments?post=1123"}],"version-history":[{"count":1,"href":"https:\/\/sportowyfyrtel.pl\/4\/wp-json\/wp\/v2\/posts\/1123\/revisions"}],"predecessor-version":[{"id":1124,"href":"https:\/\/sportowyfyrtel.pl\/4\/wp-json\/wp\/v2\/posts\/1123\/revisions\/1124"}],"wp:attachment":[{"href":"https:\/\/sportowyfyrtel.pl\/4\/wp-json\/wp\/v2\/media?parent=1123"}],"wp:term":[{"taxonomy":"category","embeddable":true,"href":"https:\/\/sportowyfyrtel.pl\/4\/wp-json\/wp\/v2\/categories?post=1123"},{"taxonomy":"post_tag","embeddable":true,"href":"https:\/\/sportowyfyrtel.pl\/4\/wp-json\/wp\/v2\/tags?post=1123"}],"curies":[{"name":"wp","href":"https:\/\/api.w.org\/{rel}","templated":true}]}}