{"id":1110,"date":"2025-05-27T14:51:28","date_gmt":"2025-05-27T12:51:28","guid":{"rendered":"https:\/\/sportowyfyrtel.pl\/4\/?p=1110"},"modified":"2025-05-27T14:51:28","modified_gmt":"2025-05-27T12:51:28","slug":"serdecznie-zapraszamy-na-weekendowe-splywy-z-naszym-sportowym-fyrtlem","status":"publish","type":"post","link":"https:\/\/sportowyfyrtel.pl\/4\/2025\/05\/27\/serdecznie-zapraszamy-na-weekendowe-splywy-z-naszym-sportowym-fyrtlem\/","title":{"rendered":"Serdecznie zapraszamy na weekendowe sp\u0142ywy z Naszym Sportowym Fyrtlem!"},"content":{"rendered":"<p class=\"xdj266r x11i5rnm xat24cr x1mh8g0r x16tdsg8\" dir=\"ltr\">W ten weekend przemierzymy Wart\u0119 od Puszczykowa a\u017c po Owi\u0144ska!<\/p>\n<p class=\"xdj266r x11i5rnm xat24cr x1mh8g0r x16tdsg8\" dir=\"ltr\">Sobota 31.05.2025r- PUSZCZYKOWO- POZNA\u0143 godz. 10:45- rejestracja: <a class=\"x1fey0fg xmper1u x1edh9d7\" dir=\"ltr\" href=\"https:\/\/forms.gle\/yKtLUApGJwg6VLPZ7\">https:\/\/forms.gle\/yKtLUApGJwg6VLPZ7<\/a><\/p>\n<p class=\"xdj266r x11i5rnm xat24cr x1mh8g0r x16tdsg8\" dir=\"ltr\">Niedziela 01.06.2025r. POZNA\u0143 &#8211; OWI\u0143SKA godzina 10:00- rejestracja: <a class=\"x1fey0fg xmper1u x1edh9d7\" dir=\"ltr\" href=\"https:\/\/forms.gle\/yhX4d15GLZxJv2Bp6\">https:\/\/forms.gle\/yhX4d15GLZxJv2Bp6<\/a><\/p>\n<p class=\"xdj266r x11i5rnm xat24cr x1mh8g0r x16tdsg8\" dir=\"ltr\">Projekt finansowany ze \u015brodk\u00f3w Wydzia\u0142u Sportu Urz\u0119du Miasta Poznania w ramach <span class=\"xv78j7m\" spellcheck=\"false\">Pozna\u0144ski Bud\u017cet Obywatelski<\/span> 2025 dzi\u0119ki g\u0142osom mieszka\u0144c\u00f3w miasta Poznania.<\/p>\n<p class=\"xdj266r x11i5rnm xat24cr x1mh8g0r x16tdsg8\" dir=\"ltr\"><span class=\"xv78j7m x1sy0etr\">#POZNANWSPIERA<\/span><\/p>\n","protected":false},"excerpt":{"rendered":"<p>W ten weekend przemierzymy Wart\u0119 od Puszczykowa a\u017c po Owi\u0144ska! Sobota 31.05.2025r- PUSZCZYKOWO- POZNA\u0143 godz. 10:45- rejestracja: https:\/\/forms.gle\/yKtLUApGJwg6VLPZ7 Niedziela 01.06.2025r. POZNA\u0143 &#8211; OWI\u0143SKA godzina 10:00- rejestracja: https:\/\/forms.gle\/yhX4d15GLZxJv2Bp6 Projekt finansowany ze \u015brodk\u00f3w Wydzia\u0142u Sportu Urz\u0119du Miasta Poznania w ramach Pozna\u0144ski Bud\u017cet Obywatelski 2025 dzi\u0119ki g\u0142osom mieszka\u0144c\u00f3w miasta Poznania. #POZNANWSPIERA [&#8230;]<\/p>\n<p><a class=\"btn btn-secondary understrap-read-more-link\" href=\"https:\/\/sportowyfyrtel.pl\/4\/2025\/05\/27\/serdecznie-zapraszamy-na-weekendowe-splywy-z-naszym-sportowym-fyrtlem\/\">Czytaj dalej\u2026<\/a><\/p>\n","protected":false},"author":3,"featured_media":0,"comment_status":"closed","ping_status":"closed","sticky":false,"template":"","format":"standard","meta":{"footnotes":""},"categories":[1],"tags":[],"_links":{"self":[{"href":"https:\/\/sportowyfyrtel.pl\/4\/wp-json\/wp\/v2\/posts\/1110"}],"collection":[{"href":"https:\/\/sportowyfyrtel.pl\/4\/wp-json\/wp\/v2\/posts"}],"about":[{"href":"https:\/\/sportowyfyrtel.pl\/4\/wp-json\/wp\/v2\/types\/post"}],"author":[{"embeddable":true,"href":"https:\/\/sportowyfyrtel.pl\/4\/wp-json\/wp\/v2\/users\/3"}],"replies":[{"embeddable":true,"href":"https:\/\/sportowyfyrtel.pl\/4\/wp-json\/wp\/v2\/comments?post=1110"}],"version-history":[{"count":1,"href":"https:\/\/sportowyfyrtel.pl\/4\/wp-json\/wp\/v2\/posts\/1110\/revisions"}],"predecessor-version":[{"id":1111,"href":"https:\/\/sportowyfyrtel.pl\/4\/wp-json\/wp\/v2\/posts\/1110\/revisions\/1111"}],"wp:attachment":[{"href":"https:\/\/sportowyfyrtel.pl\/4\/wp-json\/wp\/v2\/media?parent=1110"}],"wp:term":[{"taxonomy":"category","embeddable":true,"href":"https:\/\/sportowyfyrtel.pl\/4\/wp-json\/wp\/v2\/categories?post=1110"},{"taxonomy":"post_tag","embeddable":true,"href":"https:\/\/sportowyfyrtel.pl\/4\/wp-json\/wp\/v2\/tags?post=1110"}],"curies":[{"name":"wp","href":"https:\/\/api.w.org\/{rel}","templated":true}]}}