{"id":1086,"date":"2025-05-07T12:04:21","date_gmt":"2025-05-07T10:04:21","guid":{"rendered":"https:\/\/sportowyfyrtel.pl\/4\/?p=1086"},"modified":"2025-05-07T12:04:21","modified_gmt":"2025-05-07T10:04:21","slug":"niedzielny-splyw-kajakowy-do-czerwonaka-zapraszamy-2","status":"publish","type":"post","link":"https:\/\/sportowyfyrtel.pl\/4\/2025\/05\/07\/niedzielny-splyw-kajakowy-do-czerwonaka-zapraszamy-2\/","title":{"rendered":"Niedzielny sp\u0142yw kajakowy do Czerwonaka- zapraszamy."},"content":{"rendered":"<p>Serdecznie zapraszamy do rejestracji na niedzielny sp\u0142yw kajakowy, tras\u0105 rodzinn\u0105 do Czerwonaka. Rozpoczynanym w niedziel\u0119 11 maja o godzinie 10:00. Na miejscu przewidziane jest ognisko.<\/p>\n<p><a href=\"https:\/\/forms.gle\/mbyZrQtV5dznjdYB6\">Rejestracja poprzez formularz:\u00a0 https:\/\/forms.gle\/mbyZrQtV5dznjdYB6<\/a><\/p>\n<p>Projekt finansowany ze \u015brodk\u00f3w Wydzia\u0142u Sportu Urz\u0119du Miasta Poznania w ramach Pozna\u0144skiego Bud\u017cetu Obywatelskiego 2025 dzi\u0119ki g\u0142osom mieszka\u0144c\u00f3w miasta Poznania.<\/p>\n<p>#POZNANWSPIERA<\/p>\n","protected":false},"excerpt":{"rendered":"<p>Serdecznie zapraszamy do rejestracji na niedzielny sp\u0142yw kajakowy, tras\u0105 rodzinn\u0105 do Czerwonaka. Rozpoczynanym w niedziel\u0119 11 maja o godzinie 10:00. Na miejscu przewidziane jest ognisko. Rejestracja poprzez formularz:\u00a0 https:\/\/forms.gle\/mbyZrQtV5dznjdYB6 Projekt finansowany ze \u015brodk\u00f3w Wydzia\u0142u Sportu Urz\u0119du Miasta Poznania w ramach Pozna\u0144skiego Bud\u017cetu Obywatelskiego 2025 dzi\u0119ki g\u0142osom mieszka\u0144c\u00f3w miasta Poznania. #POZNANWSPIERA [&#8230;]<\/p>\n<p><a class=\"btn btn-secondary understrap-read-more-link\" href=\"https:\/\/sportowyfyrtel.pl\/4\/2025\/05\/07\/niedzielny-splyw-kajakowy-do-czerwonaka-zapraszamy-2\/\">Czytaj dalej\u2026<\/a><\/p>\n","protected":false},"author":3,"featured_media":0,"comment_status":"closed","ping_status":"closed","sticky":false,"template":"","format":"standard","meta":{"footnotes":""},"categories":[1],"tags":[],"_links":{"self":[{"href":"https:\/\/sportowyfyrtel.pl\/4\/wp-json\/wp\/v2\/posts\/1086"}],"collection":[{"href":"https:\/\/sportowyfyrtel.pl\/4\/wp-json\/wp\/v2\/posts"}],"about":[{"href":"https:\/\/sportowyfyrtel.pl\/4\/wp-json\/wp\/v2\/types\/post"}],"author":[{"embeddable":true,"href":"https:\/\/sportowyfyrtel.pl\/4\/wp-json\/wp\/v2\/users\/3"}],"replies":[{"embeddable":true,"href":"https:\/\/sportowyfyrtel.pl\/4\/wp-json\/wp\/v2\/comments?post=1086"}],"version-history":[{"count":1,"href":"https:\/\/sportowyfyrtel.pl\/4\/wp-json\/wp\/v2\/posts\/1086\/revisions"}],"predecessor-version":[{"id":1087,"href":"https:\/\/sportowyfyrtel.pl\/4\/wp-json\/wp\/v2\/posts\/1086\/revisions\/1087"}],"wp:attachment":[{"href":"https:\/\/sportowyfyrtel.pl\/4\/wp-json\/wp\/v2\/media?parent=1086"}],"wp:term":[{"taxonomy":"category","embeddable":true,"href":"https:\/\/sportowyfyrtel.pl\/4\/wp-json\/wp\/v2\/categories?post=1086"},{"taxonomy":"post_tag","embeddable":true,"href":"https:\/\/sportowyfyrtel.pl\/4\/wp-json\/wp\/v2\/tags?post=1086"}],"curies":[{"name":"wp","href":"https:\/\/api.w.org\/{rel}","templated":true}]}}