{"id":969,"date":"2024-02-16T16:45:14","date_gmt":"2024-02-16T15:45:14","guid":{"rendered":"https:\/\/sportowyfyrtel.pl\/2\/?p=969"},"modified":"2024-02-16T20:55:10","modified_gmt":"2024-02-16T19:55:10","slug":"poczuj-z-nami-taneczny-klimat-typu-salsation-w-szkole-podstawowej-nr-1-przy-ul-hezjoda-15","status":"publish","type":"post","link":"https:\/\/sportowyfyrtel.pl\/2\/2024\/02\/16\/poczuj-z-nami-taneczny-klimat-typu-salsation-w-szkole-podstawowej-nr-1-przy-ul-hezjoda-15\/","title":{"rendered":"Poczuj z nami taneczny klimat typu Salsation w Szkole Podstawowej nr 1 przy ul. Hezjoda 15!"},"content":{"rendered":"<p>Czo\u0142em Fyrtel nr 2! Nie zwalniamy tempa i zapraszamy dzieci, m\u0142odzie\u017c, doros\u0142ych i senior\u00f3w zamieszkuj\u0105cych rejon Kiekrz, Krzy\u017cowniki \u2013 Smochowice, Podolany oraz Strzeszyn do udzia\u0142u w kolejnych darmowych zaj\u0119ciach sportowych, kt\u00f3re w wyniku wsp\u00f3\u0142pracy z Radami Osiedla po raz kolejny ale mamy nadziej\u0119 nie ostatni go\u015bci\u0107 b\u0119d\u0105 na terenie Waszej dzielnicy!<\/p>\n<p>Pami\u0119tajcie, \u017ce udzia\u0142 w naszych zaj\u0119ciach mo\u017cliwy jest tylko i wy\u0142\u0105cznie po wype\u0142nieniu o\u015bwiadczenia, kt\u00f3re nale\u017cy przekaza\u0107 trenerom czy instruktorom przed pierwszymi zaj\u0119ciami. Deklaracj\u0119 uczestnika zaj\u0119\u0107 w ramach programu Nasz Sportowy Fyrtel znajdziecie\u00a0<a href=\"https:\/\/sportowyfyrtel.pl\/wp-content\/uploads\/2024\/02\/WZOR-3_Oswiadczenie-uczestnika-zajec-2024_NSF_F2.pdf\">TUTAJ<\/a>, wype\u0142nijcie j\u0105 w domu, zabierzcie ze sob\u0105, a potem dajcie z siebie wszystko!<\/p>\n<hr \/>\n<h3><\/h3>\n<p>&nbsp;<\/p>\n<h3><strong>SALSATION<\/strong><\/h3>\n<p>Salsation to program taneczno-fitnessowy, kt\u00f3ry \u0142\u0105czy w sobie r\u00f3\u017cne energetyczne style taneczne typu salsa\/bachata\/reggaeton z elementami treningu funkcjonalnego oraz liryczn\u0105 ekspresj\u0105. Salsation skupia si\u0119 przede wszystkim na s\u0142uchaniu i czuciu muzyki oraz opowiadania historii ruchem. Poprzez taniec uczestnicy rozwijaj\u0105 wra\u017cliwo\u015b\u0107, muzykalno\u015b\u0107, poczucie rytmu, zwi\u0119kszaj\u0105 zakres ruchu, wzmacniaj\u0105 si\u0142\u0119 i kondycj\u0119 fizyczn\u0105. To \u015bwietny spos\u00f3b na popraw\u0119 nastroju, roz\u0142adowanie energii i przy okazji spalanie kalorii. Program jest przeznaczony dla wszystkich, niezale\u017cnie od poziomu sprawno\u015bci fizycznej. Do zaj\u0119\u0107 mo\u017cna do\u0142\u0105czy\u0107 w dowolnym momencie. Zatem do zata\u0144czenia!<\/p>\n<p><strong>Lokalizacja:<\/strong>\u00a0Szko\u0142a Podstawowa nr 1 przy ul. Hezjoda 15<br \/>\n<strong>Termin:<\/strong> pi\u0105tki w godzinach 19:30 &#8211; 20:30 oraz 20:30 &#8211; 21:30<br \/>\n<strong>Zapisy:<\/strong> w formie e-mail na adres eemcia98@gmail.com (20 luty od godziny 8:00 dla os\u00f3b, kt\u00f3re do tej pory nie uczestniczy\u0142y w danych zaj\u0119ciach, od 22 lutego od godziny 8:00 dla pozosta\u0142ych uczestnik\u00f3w, zapisy z\u0142o\u017cone przed terminem rozpocz\u0119cia rekrutacji nie b\u0119d\u0105 uwzgl\u0119dnione!)<strong><br \/>\n<\/strong><strong>Start:<\/strong>\u00a026 lutego<\/p>\n<p>&nbsp;<\/p>\n<hr \/>\n<h4>PROGRAM NASZ SPORTOWY FYRTEL NA TERENIE REJONU NR 2 PRZEZNACZONY JEST DLA MIESZKA\u0143C\u00d3W KIEKRZA, KRZY\u017bOWNIK \u2013 SMOCHOWIC, PODOLAN ORAZ STRZESZYNA.<\/h4>\n<h4>UDZIA\u0141 W ZAJ\u0118CIACH CZY INNYCH AKTYWNO\u015aCIACH W RAMACH PROGRAMU NASZ SPORTOWY FYRTEL R\u00d3WNOZNACZNY JEST Z AKCEPTACJ\u0104 REGULAMINU PO UZUPE\u0141NIENIU O\u015aWIADCZENIA UCZESTNIKA ZAJ\u0118\u0106, KT\u00d3RE NALE\u017bY PRZED ROZPOCZ\u0118CIEM ZAJ\u0118\u0106 PRZEKAZA\u0106 INSTRUKTOROWI.<\/h4>\n<h4><a href=\"https:\/\/sportowyfyrtel.pl\/wp-content\/uploads\/2024\/02\/WZOR-3_Oswiadczenie-uczestnika-zajec-2024_NSF_F2.pdf\">O\u015aWIADCZENIE UCZESTNIKA ZAJ\u0118\u0106 DO POBRANIA<\/a><\/h4>\n<h4><a href=\"https:\/\/sportowyfyrtel.pl\/2\/godziny-zajec\/\">AKTUALNY HARMONOGRAM ZAJ\u0118\u0106<\/a><\/h4>\n<h4>PROBLEMY, PYTANIA I W\u0104TPLIWO\u015aCI: 2@sportowyfyrtel.pl<\/h4>\n","protected":false},"excerpt":{"rendered":"<p>Czo\u0142em Fyrtel nr 2! Nie zwalniamy tempa i zapraszamy dzieci, m\u0142odzie\u017c, doros\u0142ych i senior\u00f3w zamieszkuj\u0105cych rejon Kiekrz, Krzy\u017cowniki \u2013 Smochowice, Podolany oraz Strzeszyn do udzia\u0142u w kolejnych darmowych zaj\u0119ciach sportowych, kt\u00f3re w wyniku wsp\u00f3\u0142pracy z Radami Osiedla po raz kolejny ale mamy nadziej\u0119 nie ostatni go\u015bci\u0107 b\u0119d\u0105 na terenie Waszej dzielnicy! Pami\u0119tajcie, \u017ce udzia\u0142 w [&#8230;]<\/p>\n<p><a class=\"btn btn-secondary understrap-read-more-link\" href=\"https:\/\/sportowyfyrtel.pl\/2\/2024\/02\/16\/poczuj-z-nami-taneczny-klimat-typu-salsation-w-szkole-podstawowej-nr-1-przy-ul-hezjoda-15\/\">Czytaj dalej\u2026<\/a><\/p>\n","protected":false},"author":9,"featured_media":0,"comment_status":"closed","ping_status":"closed","sticky":false,"template":"","format":"standard","meta":{"footnotes":""},"categories":[1],"tags":[],"_links":{"self":[{"href":"https:\/\/sportowyfyrtel.pl\/2\/wp-json\/wp\/v2\/posts\/969"}],"collection":[{"href":"https:\/\/sportowyfyrtel.pl\/2\/wp-json\/wp\/v2\/posts"}],"about":[{"href":"https:\/\/sportowyfyrtel.pl\/2\/wp-json\/wp\/v2\/types\/post"}],"author":[{"embeddable":true,"href":"https:\/\/sportowyfyrtel.pl\/2\/wp-json\/wp\/v2\/users\/9"}],"replies":[{"embeddable":true,"href":"https:\/\/sportowyfyrtel.pl\/2\/wp-json\/wp\/v2\/comments?post=969"}],"version-history":[{"count":3,"href":"https:\/\/sportowyfyrtel.pl\/2\/wp-json\/wp\/v2\/posts\/969\/revisions"}],"predecessor-version":[{"id":980,"href":"https:\/\/sportowyfyrtel.pl\/2\/wp-json\/wp\/v2\/posts\/969\/revisions\/980"}],"wp:attachment":[{"href":"https:\/\/sportowyfyrtel.pl\/2\/wp-json\/wp\/v2\/media?parent=969"}],"wp:term":[{"taxonomy":"category","embeddable":true,"href":"https:\/\/sportowyfyrtel.pl\/2\/wp-json\/wp\/v2\/categories?post=969"},{"taxonomy":"post_tag","embeddable":true,"href":"https:\/\/sportowyfyrtel.pl\/2\/wp-json\/wp\/v2\/tags?post=969"}],"curies":[{"name":"wp","href":"https:\/\/api.w.org\/{rel}","templated":true}]}}