{"id":943,"date":"2024-02-14T18:24:13","date_gmt":"2024-02-14T17:24:13","guid":{"rendered":"https:\/\/sportowyfyrtel.pl\/2\/?p=943"},"modified":"2024-02-16T20:57:17","modified_gmt":"2024-02-16T19:57:17","slug":"gry-i-zabawy-sportowo-rekreacyjne-oraz-koszykowka-dla-dzieci-i-mlodziezy-w-szkole-podstawowej-nr-1-przy-ul-hezjoda-15-do-zobaczenia-na-sali","status":"publish","type":"post","link":"https:\/\/sportowyfyrtel.pl\/2\/2024\/02\/14\/gry-i-zabawy-sportowo-rekreacyjne-oraz-koszykowka-dla-dzieci-i-mlodziezy-w-szkole-podstawowej-nr-1-przy-ul-hezjoda-15-do-zobaczenia-na-sali\/","title":{"rendered":"Gry i zabawy sportowo &#8211; rekreacyjne oraz Koszyk\u00f3wka dla dzieci i m\u0142odzie\u017cy w Szkole Podstawowej nr 1 przy ul. Hezjoda 15! Do zobaczenia na sali!"},"content":{"rendered":"<p>Czo\u0142em Fyrtel nr 2! Nie zwalniamy tempa i zapraszamy dzieci, m\u0142odzie\u017c, doros\u0142ych i senior\u00f3w zamieszkuj\u0105cych rejon Kiekrz, Krzy\u017cowniki \u2013 Smochowice, Podolany oraz Strzeszyn do udzia\u0142u w kolejnych darmowych zaj\u0119ciach sportowych, kt\u00f3re w wyniku wsp\u00f3\u0142pracy z Radami Osiedla po raz kolejny ale mamy nadziej\u0119 nie ostatni go\u015bci\u0107 b\u0119d\u0105 na terenie Waszej dzielnicy!<\/p>\n<p>Pami\u0119tajcie, \u017ce udzia\u0142 w naszych zaj\u0119ciach mo\u017cliwy jest tylko i wy\u0142\u0105cznie po wype\u0142nieniu o\u015bwiadczenia, kt\u00f3re nale\u017cy przekaza\u0107 trenerom czy instruktorom przed pierwszymi zaj\u0119ciami. Deklaracj\u0119 uczestnika zaj\u0119\u0107 w ramach programu Nasz Sportowy Fyrtel znajdziecie\u00a0<a href=\"https:\/\/sportowyfyrtel.pl\/wp-content\/uploads\/2024\/02\/WZOR-3_Oswiadczenie-uczestnika-zajec-2024_NSF_F2.pdf\">TUTAJ<\/a>, wype\u0142nijcie j\u0105 w domu, zabierzcie ze sob\u0105, a potem dajcie z siebie wszystko!<\/p>\n<hr \/>\n<h3><\/h3>\n<p>&nbsp;<\/p>\n<h3><strong>GRY I ZABAWY SPORTOWO \u2013 REKREACYJNE DLA DZIECI I M\u0141ODZIE\u017bY<\/strong><\/h3>\n<p>Zaj\u0119cia gier i zabaw sportowo-rekreacyjnych dla dzieci i m\u0142odzie\u017cy w ramach programu \u201eNasz Sportowy Fyrtel\u201d to doskona\u0142a okazja do po\u0142\u0105czenia aktywno\u015bci fizycznej z rado\u015bci\u0105 i zabaw\u0105. Na zaj\u0119ciach gier i zabaw sportowo-rekreacyjnych uczestnicy maj\u0105 mo\u017cliwo\u015b\u0107 wypr\u00f3bowania r\u00f3\u017cnych dyscyplin sportowych i aktywno\u015bci rekreacyjnych w formie gier i zabaw. To czas, w kt\u00f3rym dzieci i m\u0142odzie\u017c mog\u0105 rozwija\u0107 swoje umiej\u0119tno\u015bci motoryczne, poprawia\u0107 kondycj\u0119 fizyczn\u0105 i sp\u0119dza\u0107 czas aktywnie, jednocze\u015bnie czerpi\u0105c rado\u015b\u0107 z zabawy. Podczas tych zaj\u0119\u0107 organizowane s\u0105 r\u00f3\u017cnego rodzaju gry zespo\u0142owe, takie jak pi\u0142ka no\u017cna, siatk\u00f3wka, czy koszyk\u00f3wka, kt\u00f3re pomagaj\u0105 uczestnikom rozwija\u0107 wsp\u00f3\u0142prac\u0119 zespo\u0142ow\u0105 i umiej\u0119tno\u015bci interpersonalne. Ponadto, dzieci i m\u0142odzie\u017c ucz\u0105 si\u0119 zasad fair play i szacunku dla innych uczestnik\u00f3w. W programie \u201eNasz Sportowy Fyrtel\u201d nie brakuje r\u00f3wnie\u017c zabaw i \u0107wicze\u0144 rekreacyjnych, takich jak zabawy z pi\u0142k\u0105, skakanie na skakance czy r\u00f3\u017cnego rodzaju wy\u015bcigi. To doskona\u0142y spos\u00f3b na popraw\u0119 koordynacji ruchowej i wydolno\u015bci fizycznej. Najwa\u017cniejsze jest to, \u017ce te zaj\u0119cia promuj\u0105 aktywny styl \u017cycia i zdrow\u0105 zabaw\u0119. Poprzez gry i zabawy sportowo-rekreacyjne dzieci i m\u0142odzie\u017c maj\u0105 okazj\u0119 do sp\u0119dzania czasu na \u015bwie\u017cym powietrzu, rozwijania zdrowych nawyk\u00f3w oraz czerpania rado\u015bci z aktywno\u015bci fizycznej w przyjaznej i wspieraj\u0105cej atmosferze.<\/p>\n<p><strong>Lokalizacja:<\/strong> Szko\u0142a Podstawowa nr 1 przy ul. Hezjoda 15<br \/>\n<strong>Termin:<\/strong> poniedzia\u0142ki w godzinach 14:40 &#8211; 15:40 oraz 15:40 &#8211; 16:40<br \/>\n<strong>Zapisy:<\/strong> w formie e-mail pod adresem monika.martyniuk@sp1.poznan.pl <strong>(20 lutego od godziny 10:00 dla os\u00f3b, kt\u00f3re do tej pory nie uczestniczy\u0142y w danych zaj\u0119ciach, od 22 lutego od godziny 10:00 dla pozosta\u0142ych uczestnik\u00f3w, zapisy z\u0142o\u017cone przed terminem rozpocz\u0119cia rekrutacji nie b\u0119d\u0105 uwzgl\u0119dnione!)<br \/>\n<\/strong><strong>Start:<\/strong>\u00a026 lutego<\/p>\n<p>&nbsp;<\/p>\n<h3><strong>KOSZYK\u00d3WKA DLA DZIECI I M\u0141ODZIE\u017bY<\/strong><\/h3>\n<p>Zaj\u0119cia koszyk\u00f3wki dla dzieci i m\u0142odzie\u017cy w ramach programu \u201eNasz Sportowy Fyrtel\u201d to \u015bwietna okazja do nauki tej fascynuj\u0105cej dyscypliny sportowej. Podczas tych zaj\u0119\u0107 uczestnicy ucz\u0105 si\u0119 podstaw koszyk\u00f3wki, takich jak dribbling, rzuty i obrona. Organizowane s\u0105 r\u00f3wnie\u017c gry i turnieje, aby umo\u017cliwi\u0107 praktyczne zastosowanie nabytych umiej\u0119tno\u015bci w rywalizacji. Program k\u0142adzie du\u017cy nacisk na zasady fair play, szacunek dla przeciwnik\u00f3w i rozwijanie sprawno\u015bci fizycznej. Wszystko to odbywa si\u0119 w przyjaznej atmosferze, zach\u0119caj\u0105cej do aktywno\u015bci fizycznej i zdrowego trybu \u017cycia.<\/p>\n<p><strong>Lokalizacja:<\/strong> Szko\u0142a Podstawowa nr 1 przy ul. Hezjoda 15<br \/>\n<strong>Termin:<\/strong> \u015brody w godzinach 14:35 &#8211; 16:05<br \/>\n<strong>Zapisy:<\/strong> w formie e-mail pod adresem monika.martyniuk@sp1.poznan.pl <strong>(20 lutego od godziny 10:00 dla os\u00f3b, kt\u00f3re do tej pory nie uczestniczy\u0142y w danych zaj\u0119ciach, od 22 lutego od godziny 10:00 dla pozosta\u0142ych uczestnik\u00f3w, zapisy z\u0142o\u017cone przed terminem rozpocz\u0119cia rekrutacji nie b\u0119d\u0105 uwzgl\u0119dnione!)<br \/>\n<\/strong><strong>Start:<\/strong>\u00a026 lutego<\/p>\n<p>&nbsp;<\/p>\n<hr \/>\n<h4>PROGRAM NASZ SPORTOWY FYRTEL NA TERENIE REJONU NR 2 PRZEZNACZONY JEST DLA MIESZKA\u0143C\u00d3W KIEKRZA, KRZY\u017bOWNIK \u2013 SMOCHOWIC, PODOLAN ORAZ STRZESZYNA.<\/h4>\n<h4>UDZIA\u0141 W ZAJ\u0118CIACH CZY INNYCH AKTYWNO\u015aCIACH W RAMACH PROGRAMU NASZ SPORTOWY FYRTEL R\u00d3WNOZNACZNY JEST Z AKCEPTACJ\u0104 REGULAMINU PO UZUPE\u0141NIENIU O\u015aWIADCZENIA UCZESTNIKA ZAJ\u0118\u0106, KT\u00d3RE NALE\u017bY PRZED ROZPOCZ\u0118CIEM ZAJ\u0118\u0106 PRZEKAZA\u0106 INSTRUKTOROWI.<\/h4>\n<h4><a href=\"https:\/\/sportowyfyrtel.pl\/wp-content\/uploads\/2024\/02\/WZOR-3_Oswiadczenie-uczestnika-zajec-2024_NSF_F2.pdf\">O\u015aWIADCZENIE UCZESTNIKA ZAJ\u0118\u0106 DO POBRANIA<\/a><\/h4>\n<h4><a href=\"https:\/\/sportowyfyrtel.pl\/2\/godziny-zajec\/\">AKTUALNY HARMONOGRAM ZAJ\u0118\u0106<\/a><\/h4>\n<h4>PROBLEMY, PYTANIA I W\u0104TPLIWO\u015aCI: 2@sportowyfyrtel.pl<\/h4>\n","protected":false},"excerpt":{"rendered":"<p>Czo\u0142em Fyrtel nr 2! Nie zwalniamy tempa i zapraszamy dzieci, m\u0142odzie\u017c, doros\u0142ych i senior\u00f3w zamieszkuj\u0105cych rejon Kiekrz, Krzy\u017cowniki \u2013 Smochowice, Podolany oraz Strzeszyn do udzia\u0142u w kolejnych darmowych zaj\u0119ciach sportowych, kt\u00f3re w wyniku wsp\u00f3\u0142pracy z Radami Osiedla po raz kolejny ale mamy nadziej\u0119 nie ostatni go\u015bci\u0107 b\u0119d\u0105 na terenie Waszej dzielnicy! Pami\u0119tajcie, \u017ce udzia\u0142 w [&#8230;]<\/p>\n<p><a class=\"btn btn-secondary understrap-read-more-link\" href=\"https:\/\/sportowyfyrtel.pl\/2\/2024\/02\/14\/gry-i-zabawy-sportowo-rekreacyjne-oraz-koszykowka-dla-dzieci-i-mlodziezy-w-szkole-podstawowej-nr-1-przy-ul-hezjoda-15-do-zobaczenia-na-sali\/\">Czytaj dalej\u2026<\/a><\/p>\n","protected":false},"author":9,"featured_media":0,"comment_status":"closed","ping_status":"closed","sticky":false,"template":"","format":"standard","meta":{"footnotes":""},"categories":[1],"tags":[],"_links":{"self":[{"href":"https:\/\/sportowyfyrtel.pl\/2\/wp-json\/wp\/v2\/posts\/943"}],"collection":[{"href":"https:\/\/sportowyfyrtel.pl\/2\/wp-json\/wp\/v2\/posts"}],"about":[{"href":"https:\/\/sportowyfyrtel.pl\/2\/wp-json\/wp\/v2\/types\/post"}],"author":[{"embeddable":true,"href":"https:\/\/sportowyfyrtel.pl\/2\/wp-json\/wp\/v2\/users\/9"}],"replies":[{"embeddable":true,"href":"https:\/\/sportowyfyrtel.pl\/2\/wp-json\/wp\/v2\/comments?post=943"}],"version-history":[{"count":7,"href":"https:\/\/sportowyfyrtel.pl\/2\/wp-json\/wp\/v2\/posts\/943\/revisions"}],"predecessor-version":[{"id":985,"href":"https:\/\/sportowyfyrtel.pl\/2\/wp-json\/wp\/v2\/posts\/943\/revisions\/985"}],"wp:attachment":[{"href":"https:\/\/sportowyfyrtel.pl\/2\/wp-json\/wp\/v2\/media?parent=943"}],"wp:term":[{"taxonomy":"category","embeddable":true,"href":"https:\/\/sportowyfyrtel.pl\/2\/wp-json\/wp\/v2\/categories?post=943"},{"taxonomy":"post_tag","embeddable":true,"href":"https:\/\/sportowyfyrtel.pl\/2\/wp-json\/wp\/v2\/tags?post=943"}],"curies":[{"name":"wp","href":"https:\/\/api.w.org\/{rel}","templated":true}]}}