{"id":917,"date":"2024-02-12T15:18:50","date_gmt":"2024-02-12T14:18:50","guid":{"rendered":"https:\/\/sportowyfyrtel.pl\/2\/?p=917"},"modified":"2024-02-12T15:18:50","modified_gmt":"2024-02-12T14:18:50","slug":"nasz-sportowy-fyrtel-w-2024-roku","status":"publish","type":"post","link":"https:\/\/sportowyfyrtel.pl\/2\/2024\/02\/12\/nasz-sportowy-fyrtel-w-2024-roku\/","title":{"rendered":"Nasz Sportowy Fyrtel w 2024 roku!"},"content":{"rendered":"<p>Dzisiaj og\u0142oszono zarz\u0105dzenie Prezydenta Miasta Poznania w sprawie rozstrzygni\u0119cia otwartego konkursu ofert na realizacj\u0119 zada\u0144 publicznych. Projekty finansowane w ramach \u015brodk\u00f3w PBO\u00a0realizowa\u0107 b\u0119dzie a\u017c 8 r\u00f3\u017cnych podmiot\u00f3w. Jeste\u015bmy szcz\u0119\u015bliwi, \u017ce w tym gronie po raz kolejny znajdzie si\u0119 <span class=\"xv78j7m\" spellcheck=\"false\">Fundacja na rzecz Akademii Wychowania Fizycznego w Poznaniu<\/span>.\u00a0 W tym roku, opr\u00f3cz realizowanych dotychczas rejon\u00f3w, b\u0119dziemy mogli pozna\u0107 bli\u017cej cz\u0119\u015b\u0107 mieszka\u0144c\u00f3w Grunwaldu! Dzi\u0119kujemy za zaufanie i mamy nadziej\u0119, \u017ce Was nie zawiedziemy!<\/p>\n<p>W 2024 roku Nasz Sportowy Fyrtel realizowany b\u0119dzie w nast\u0119puj\u0105cych rejonach:<\/p>\n<p>1 &#8211; Nowe Winogrady P\u00f3\u0142noc, Nowe Winogrady Po\u0142udnie, Nowe Winogrady Wsch\u00f3d, Stare Winogrady<br \/>\n2 &#8211; Kiekrz, Krzy\u017cowniki-Smochowice, Podolany, Strzeszyn<br \/>\n4 &#8211; G\u0142uszyna, Krzesiny-Pokrzywno-Garaszewo, Staro\u0142\u0119ka-Minikowo, Szczepankowo-Sp\u0142awie-Krzesinki<br \/>\n5 &#8211; Grunwald P\u00f3\u0142noc, Grunwald Po\u0142udnie, Stary Grunwald<br \/>\n8 &#8211; Chartowo, Rataje, \u017begrze<br \/>\n10 &#8211; \u015awierczewo, Wilda, Zielony D\u0119biec<br \/>\n11 &#8211; Fabianowo-Kotowo, G\u00f3rczyn, Junikowo, Kwiatowe, \u0141awica<br \/>\n12 &#8211; Antoninek-Zieliniec-Kobylepole, G\u0142\u00f3wna, Ostr\u00f3w Tumski- \u015ar\u00f3dka-Zawady-Komandoria, Warszawskie-Pomet-Malta\u0144skie<\/p>\n<p>PLANUJEMY URUCHOMI\u0106 DLA PA\u0143STWA ZAJ\u0118CIA JAK SZYBKO TO TYLKO B\u0118DZIE MO\u017bLIWE! Pierwsze powinny ruszy\u0107 ju\u017c w lutym! Prosimy nie zasypujcie nas pytaniami \u201ea kiedy ruszy\u2026\u201d \u201ea kiedy zapisy\u201d \u201ea czy b\u0119dzie w tym roku to czy tamto\u2026\u201d bo czas kt\u00f3ry mogliby\u015bmy przeznaczy\u0107 na przygotowanie zaj\u0119\u0107 musimy po\u015bwieci\u0107 na odpowiadanie ca\u0142y czas tego samego: KA\u017bDE ZAJ\u0118CIA MUSZ\u0104 BY\u0106 POPRZEDZONE REKRUTACJ\u0104, KT\u00d3RA B\u0118DZIE OG\u0141OSZONA ZA POMOC\u0104 STRONY INTERNETOWEJ ORAZ PROFILU NA FACEBOOK.COM.<br \/>\nPrzypominamy r\u00f3wnie\u017c nasze niezmienne zasady dotycz\u0105ce projekt\u00f3w finansowanych w ramach PBO:<br \/>\nPierwsze\u0144stwo w zapisach NA KONKRETNE ZAJ\u0118CIA maj\u0105 osoby, kt\u00f3re jeszcze nie bra\u0142y udzia\u0142u w tych konkretnych \u0107wiczeniach jak r\u00f3wnie\u017c osoby, kt\u00f3re nie bra\u0142y udzia\u0142u w jesiennej edycji zaj\u0119\u0107.<br \/>\nW przypadku zaj\u0119\u0107 z ograniczon\u0105 liczb\u0105 miejsc, trzykrotna absencja w zaj\u0119ciach, NIEZALE\u017bNIE OD PRZYCZYN powoduje skre\u015blenie z listy uczestnik\u00f3w, a na miejsce osoby skre\u015blonej wpisywana jest osoba z listy rezerwowej.<br \/>\nZapisuj\u0105c si\u0119 na zaj\u0119ciach TRZEBA wype\u0142ni\u0107 papierowe o\u015bwiadczenie wraz ze wszystkimi zgodami. Przy rekrutacji nale\u017cy wylegitymowa\u0107 si\u0119 WA\u017bNYM dokumentem to\u017csamo\u015bci celem weryfikacji o\u015bwiadczenia.<br \/>\nMo\u017cna korzysta\u0107 wy\u0142\u0105cznie z oferty &#8222;swojego Fyrtla&#8221; czyli rejonu w kt\u00f3rym si\u0119 na sta\u0142e zamieszkuje.<br \/>\nWI\u0118CEJ ODPOWIEDZI NA NAJCZ\u0118\u015aCIEJ ZADAWANE PYTANIE: <a class=\"x1fey0fg xmper1u x1edh9d7\" href=\"https:\/\/sportowyfyrtel.pl\/faq\/\">https:\/\/sportowyfyrtel.pl\/faq\/<\/a><br \/>\nZapraszamy do obserwowania naszego profilu i strony!<br \/>\nSzczeg\u00f3\u0142y i pierwsze rekrutacje ju\u017c wkr\u00f3tce!<\/p>\n","protected":false},"excerpt":{"rendered":"<p>Dzisiaj og\u0142oszono zarz\u0105dzenie Prezydenta Miasta Poznania w sprawie rozstrzygni\u0119cia otwartego konkursu ofert na realizacj\u0119 zada\u0144 publicznych. Projekty finansowane w ramach \u015brodk\u00f3w PBO\u00a0realizowa\u0107 b\u0119dzie a\u017c 8 r\u00f3\u017cnych podmiot\u00f3w. Jeste\u015bmy szcz\u0119\u015bliwi, \u017ce w tym gronie po raz kolejny znajdzie si\u0119 Fundacja na rzecz Akademii Wychowania Fizycznego w Poznaniu.\u00a0 W tym roku, opr\u00f3cz realizowanych dotychczas rejon\u00f3w, b\u0119dziemy mogli [&#8230;]<\/p>\n<p><a class=\"btn btn-secondary understrap-read-more-link\" href=\"https:\/\/sportowyfyrtel.pl\/2\/2024\/02\/12\/nasz-sportowy-fyrtel-w-2024-roku\/\">Czytaj dalej\u2026<\/a><\/p>\n","protected":false},"author":3,"featured_media":0,"comment_status":"closed","ping_status":"closed","sticky":false,"template":"","format":"standard","meta":{"footnotes":""},"categories":[1],"tags":[],"_links":{"self":[{"href":"https:\/\/sportowyfyrtel.pl\/2\/wp-json\/wp\/v2\/posts\/917"}],"collection":[{"href":"https:\/\/sportowyfyrtel.pl\/2\/wp-json\/wp\/v2\/posts"}],"about":[{"href":"https:\/\/sportowyfyrtel.pl\/2\/wp-json\/wp\/v2\/types\/post"}],"author":[{"embeddable":true,"href":"https:\/\/sportowyfyrtel.pl\/2\/wp-json\/wp\/v2\/users\/3"}],"replies":[{"embeddable":true,"href":"https:\/\/sportowyfyrtel.pl\/2\/wp-json\/wp\/v2\/comments?post=917"}],"version-history":[{"count":1,"href":"https:\/\/sportowyfyrtel.pl\/2\/wp-json\/wp\/v2\/posts\/917\/revisions"}],"predecessor-version":[{"id":918,"href":"https:\/\/sportowyfyrtel.pl\/2\/wp-json\/wp\/v2\/posts\/917\/revisions\/918"}],"wp:attachment":[{"href":"https:\/\/sportowyfyrtel.pl\/2\/wp-json\/wp\/v2\/media?parent=917"}],"wp:term":[{"taxonomy":"category","embeddable":true,"href":"https:\/\/sportowyfyrtel.pl\/2\/wp-json\/wp\/v2\/categories?post=917"},{"taxonomy":"post_tag","embeddable":true,"href":"https:\/\/sportowyfyrtel.pl\/2\/wp-json\/wp\/v2\/tags?post=917"}],"curies":[{"name":"wp","href":"https:\/\/api.w.org\/{rel}","templated":true}]}}