{"id":908,"date":"2023-12-16T20:34:37","date_gmt":"2023-12-16T19:34:37","guid":{"rendered":"https:\/\/sportowyfyrtel.pl\/2\/?p=908"},"modified":"2023-12-17T09:21:57","modified_gmt":"2023-12-17T08:21:57","slug":"dziekujemy-za-udzial-w-kolejnej-edycji-programu-nasz-sportowy-fyrtel-i-zyczymy-wesolych-swiat","status":"publish","type":"post","link":"https:\/\/sportowyfyrtel.pl\/2\/2023\/12\/16\/dziekujemy-za-udzial-w-kolejnej-edycji-programu-nasz-sportowy-fyrtel-i-zyczymy-wesolych-swiat\/","title":{"rendered":"Dzi\u0119kujemy za udzia\u0142 w kolejnej edycji programu Nasz Sportowy Fyrtel i \u017cyczymy Weso\u0142ych \u015awi\u0105t!"},"content":{"rendered":"<p>Drodzy Uczestnicy programu Nasz Sportowy Fyrtel,<\/p>\n<p>Zamykamy kolejny rozdzia\u0142 wsp\u00f3lnych aktywno\u015bci, pe\u0142en u\u015bmiech\u00f3w, rywalizacji i sportowego ducha. Wasza obecno\u015b\u0107 sprawi\u0142a, \u017ce tegoroczna edycja by\u0142a nie tylko pe\u0142na sportowych zmaga\u0144 podczas zaj\u0119\u0107 sportowo &#8211; rekreacyjnych czy innych wydarze\u0144, ale tak\u017ce pozwoli\u0142a stworzy\u0107 niezapomniane chwile, kt\u00f3re b\u0119d\u0105 trwa\u0142y w naszych sercach.<\/p>\n<p>Dzi\u0119kujemy za ka\u017cdy moment zaanga\u017cowania, za rado\u015b\u0107 ze wsp\u00f3lnych sukces\u00f3w i wsparcie w trudniejszych chwilach. Wasza pasja i determinacja naprawd\u0119 tworz\u0105 niepowtarzaln\u0105 atmosfer\u0119 panuj\u0105c\u0105 wok\u00f3\u0142 projektu Nasz Sportowy Fyrtel.<\/p>\n<p>W tym magicznym okresie \u015awi\u0105t Bo\u017cego Narodzenia pragniemy Wam z serca \u017cyczy\u0107 rodzinnego ciep\u0142a, rado\u015bci ze spotka\u0144 oraz chwil refleksji i spokoju. Niech \u015bwi\u0119ta nios\u0105 ze sob\u0105 magi\u0119, a Nowy Rok przyniesie wiele sukces\u00f3w, zdrowia i spe\u0142nienia marze\u0144.<\/p>\n<p>Dzi\u0119kujemy, \u017ce byli\u015bcie z nami podczas tegorocznej edycji programu Nasz Sportowy Fyrtel. Jeste\u015bcie niezwyk\u0142\u0105 cz\u0119\u015bci\u0105 naszej sportowej spo\u0142eczno\u015bci. Niech kolejne lata przynios\u0105 nam jeszcze wi\u0119cej sportowych wyzwa\u0144 i wsp\u00f3lnych sukces\u00f3w.<\/p>\n<p>Weso\u0142ych \u015awi\u0105t i Szcz\u0119\u015bliwego Nowego Roku!<\/p>\n<p>&nbsp;<\/p>\n<p><strong>PROGRAM NASZ SPORTOWY FYRTEL NA TERENIE REJONU NR 2 PRZEZNACZONY JEST DLA MIESZKA\u0143C\u00d3W KIEKRZA, KRZY\u017bOWNIK \u2013 SMOCHOWIC, PODOLAN ORAZ STRZESZYNA. UDZIA\u0141 W ZAJ\u0118CIACH CZY INNYCH AKTYWNO\u015aCIACH W RAMACH PROGRAMU NASZ SPORTOWY FYRTEL R\u00d3WNOZNACZNY JEST Z AKCEPTACJ\u0104 REGULAMINU PO UZUPE\u0141NIENIU O\u015aWIADCZENIA UCZESTNIKA ZAJ\u0118\u0106, KT\u00d3RE NALE\u017bY PRZED ROZPOCZ\u0118CIEM ZAJ\u0118\u0106 PRZEKAZA\u0106 INSTRUKTOROWI.<\/strong><\/p>\n<p><strong><a href=\"http:\/\/sportowyfyrtel.pl\/2\/wp-content\/uploads\/2023\/02\/Oswiadczenie-uczestnika-zajec-sportowych-w-ramach-programu-Nasz-Sportowy-Fyrtel-na-terenie-rejonu-nr-2-1.pdf\">O\u015aWIADCZENIE UCZESTNIKA ZAJ\u0118\u0106 DO POBRANIA<\/a><\/strong><\/p>\n<p><strong>PROBLEMY, PYTANIA I W\u0104TPLIWO\u015aCI: 2@sportowyfyrtel.pl<\/strong><\/p>\n","protected":false},"excerpt":{"rendered":"<p>Drodzy Uczestnicy programu Nasz Sportowy Fyrtel, Zamykamy kolejny rozdzia\u0142 wsp\u00f3lnych aktywno\u015bci, pe\u0142en u\u015bmiech\u00f3w, rywalizacji i sportowego ducha. Wasza obecno\u015b\u0107 sprawi\u0142a, \u017ce tegoroczna edycja by\u0142a nie tylko pe\u0142na sportowych zmaga\u0144 podczas zaj\u0119\u0107 sportowo &#8211; rekreacyjnych czy innych wydarze\u0144, ale tak\u017ce pozwoli\u0142a stworzy\u0107 niezapomniane chwile, kt\u00f3re b\u0119d\u0105 trwa\u0142y w naszych sercach. Dzi\u0119kujemy za ka\u017cdy moment zaanga\u017cowania, za [&#8230;]<\/p>\n<p><a class=\"btn btn-secondary understrap-read-more-link\" href=\"https:\/\/sportowyfyrtel.pl\/2\/2023\/12\/16\/dziekujemy-za-udzial-w-kolejnej-edycji-programu-nasz-sportowy-fyrtel-i-zyczymy-wesolych-swiat\/\">Czytaj dalej\u2026<\/a><\/p>\n","protected":false},"author":9,"featured_media":0,"comment_status":"closed","ping_status":"closed","sticky":false,"template":"","format":"standard","meta":{"footnotes":""},"categories":[1],"tags":[],"_links":{"self":[{"href":"https:\/\/sportowyfyrtel.pl\/2\/wp-json\/wp\/v2\/posts\/908"}],"collection":[{"href":"https:\/\/sportowyfyrtel.pl\/2\/wp-json\/wp\/v2\/posts"}],"about":[{"href":"https:\/\/sportowyfyrtel.pl\/2\/wp-json\/wp\/v2\/types\/post"}],"author":[{"embeddable":true,"href":"https:\/\/sportowyfyrtel.pl\/2\/wp-json\/wp\/v2\/users\/9"}],"replies":[{"embeddable":true,"href":"https:\/\/sportowyfyrtel.pl\/2\/wp-json\/wp\/v2\/comments?post=908"}],"version-history":[{"count":2,"href":"https:\/\/sportowyfyrtel.pl\/2\/wp-json\/wp\/v2\/posts\/908\/revisions"}],"predecessor-version":[{"id":910,"href":"https:\/\/sportowyfyrtel.pl\/2\/wp-json\/wp\/v2\/posts\/908\/revisions\/910"}],"wp:attachment":[{"href":"https:\/\/sportowyfyrtel.pl\/2\/wp-json\/wp\/v2\/media?parent=908"}],"wp:term":[{"taxonomy":"category","embeddable":true,"href":"https:\/\/sportowyfyrtel.pl\/2\/wp-json\/wp\/v2\/categories?post=908"},{"taxonomy":"post_tag","embeddable":true,"href":"https:\/\/sportowyfyrtel.pl\/2\/wp-json\/wp\/v2\/tags?post=908"}],"curies":[{"name":"wp","href":"https:\/\/api.w.org\/{rel}","templated":true}]}}