{"id":904,"date":"2023-11-28T21:10:05","date_gmt":"2023-11-28T20:10:05","guid":{"rendered":"https:\/\/sportowyfyrtel.pl\/2\/?p=904"},"modified":"2023-11-28T21:13:56","modified_gmt":"2023-11-28T20:13:56","slug":"zbierz-druzyne-albo-zglos-sie-samemu-do-mikolajkowego-turnieju-pilki-noznej","status":"publish","type":"post","link":"https:\/\/sportowyfyrtel.pl\/2\/2023\/11\/28\/zbierz-druzyne-albo-zglos-sie-samemu-do-mikolajkowego-turnieju-pilki-noznej\/","title":{"rendered":"Zbierz dru\u017cyn\u0119 albo zg\u0142o\u015b si\u0119 samemu do Miko\u0142ajkowego Turnieju Pi\u0142ki No\u017cnej!"},"content":{"rendered":"<p>Czo\u0142em Fyrtel nr 2! Nie zwalniamy tempa i zapraszamy dzieci, m\u0142odzie\u017c, doros\u0142ych i senior\u00f3w zamieszkuj\u0105cych rejon Kiekrz, Krzy\u017cowniki \u2013 Smochowice, Podolany oraz Strzeszyn do udzia\u0142u w darmowych zaj\u0119ciach sportowych, kt\u00f3re w wyniku wsp\u00f3\u0142pracy z Radami Osiedla goszcz\u0105 na terenie Waszego rejonu! Ciesz si\u0119 pasj\u0105 do pi\u0142ki no\u017cnej, tworz\u0105c niezapomniane wspomnienia i buduj\u0105c trwa\u0142e przyja\u017anie w Miko\u0142ajkowym Turnieju Pi\u0142ki No\u017cnej ramach programu &#8222;Nasz Sportowy Fyrtel&#8221;.<\/p>\n<p>&nbsp;<\/p>\n<h3><strong>MIKO\u0141AJKOWY TURNIEJ PI\u0141KI NO\u017bNEJ<\/strong><\/h3>\n<p>Zapraszamy wszystkich mi\u0142o\u015bnik\u00f3w pi\u0142ki no\u017cnej powy\u017cej 16 roku \u017cycia do uczestnictwa w Miko\u0142ajkowym Turnieju Pi\u0142ki No\u017cnej, kt\u00f3ry odb\u0119dzie si\u0119 w ramach programu Nasz Sportowy Fyrtel. To wyj\u0105tkowe wydarzenie, kt\u00f3re po\u0142\u0105czy pasj\u0119 do sportu z atmosfer\u0105 \u015bwi\u0105tecznej rado\u015bci.<\/p>\n<p>JE\u017bELI NIE MASZ DRU\u017bYNY, A CHCIA\u0141BY\u015a LUB CHCIA\u0141ABY\u015a WZI\u0104\u0106 UDZIA\u0141 W NASZYCH ROZGRYWKACH ZG\u0141O\u015a SI\u0118 DO NAS, A MY ZNAJDZIEMY DLA CIEBIE DRU\u017bYN\u0118 LUB SKOMPLETUJEMY KADR\u0118 KOLEJNEGO ZESPO\u0141U!<\/p>\n<p><strong>Lokalizacja:<\/strong> Szko\u0142a Podstawowa nr 1 przy ul. Hezjoda 15<\/p>\n<p><strong>Termin:<\/strong> 9 grudnia (sobota) w godzinach 12:00 &#8211; 16:00<\/p>\n<p><strong>Zapisy do dnia 3 grudnia: <\/strong>e-mail &#8211; 2@sportowyfyrtel.pl<\/p>\n<p>&nbsp;<\/p>\n<p><strong>PROGRAM NASZ SPORTOWY FYRTEL NA TERENIE REJONU NR 2 PRZEZNACZONY JEST DLA MIESZKA\u0143C\u00d3W KIEKRZA, KRZY\u017bOWNIK \u2013 SMOCHOWIC, PODOLAN ORAZ STRZESZYNA. UDZIA\u0141 W ZAJ\u0118CIACH CZY INNYCH AKTYWNO\u015aCIACH W RAMACH PROGRAMU NASZ SPORTOWY FYRTEL R\u00d3WNOZNACZNY JEST Z AKCEPTACJ\u0104 REGULAMINU PO UZUPE\u0141NIENIU O\u015aWIADCZENIA UCZESTNIKA ZAJ\u0118\u0106, KT\u00d3RE NALE\u017bY PRZED ROZPOCZ\u0118CIEM ZAJ\u0118\u0106 PRZEKAZA\u0106 INSTRUKTOROWI.<\/strong><\/p>\n<p><strong><a href=\"http:\/\/sportowyfyrtel.pl\/2\/wp-content\/uploads\/2023\/02\/Oswiadczenie-uczestnika-zajec-sportowych-w-ramach-programu-Nasz-Sportowy-Fyrtel-na-terenie-rejonu-nr-2-1.pdf\">O\u015aWIADCZENIE UCZESTNIKA ZAJ\u0118\u0106 DO POBRANIA<\/a><\/strong><\/p>\n<p><strong>PROBLEMY, PYTANIA I W\u0104TPLIWO\u015aCI: 2@sportowyfyrtel.pl<\/strong><\/p>\n","protected":false},"excerpt":{"rendered":"<p>Czo\u0142em Fyrtel nr 2! Nie zwalniamy tempa i zapraszamy dzieci, m\u0142odzie\u017c, doros\u0142ych i senior\u00f3w zamieszkuj\u0105cych rejon Kiekrz, Krzy\u017cowniki \u2013 Smochowice, Podolany oraz Strzeszyn do udzia\u0142u w darmowych zaj\u0119ciach sportowych, kt\u00f3re w wyniku wsp\u00f3\u0142pracy z Radami Osiedla goszcz\u0105 na terenie Waszego rejonu! Ciesz si\u0119 pasj\u0105 do pi\u0142ki no\u017cnej, tworz\u0105c niezapomniane wspomnienia i buduj\u0105c trwa\u0142e przyja\u017anie w [&#8230;]<\/p>\n<p><a class=\"btn btn-secondary understrap-read-more-link\" href=\"https:\/\/sportowyfyrtel.pl\/2\/2023\/11\/28\/zbierz-druzyne-albo-zglos-sie-samemu-do-mikolajkowego-turnieju-pilki-noznej\/\">Czytaj dalej\u2026<\/a><\/p>\n","protected":false},"author":9,"featured_media":0,"comment_status":"closed","ping_status":"closed","sticky":false,"template":"","format":"standard","meta":{"footnotes":""},"categories":[1],"tags":[],"_links":{"self":[{"href":"https:\/\/sportowyfyrtel.pl\/2\/wp-json\/wp\/v2\/posts\/904"}],"collection":[{"href":"https:\/\/sportowyfyrtel.pl\/2\/wp-json\/wp\/v2\/posts"}],"about":[{"href":"https:\/\/sportowyfyrtel.pl\/2\/wp-json\/wp\/v2\/types\/post"}],"author":[{"embeddable":true,"href":"https:\/\/sportowyfyrtel.pl\/2\/wp-json\/wp\/v2\/users\/9"}],"replies":[{"embeddable":true,"href":"https:\/\/sportowyfyrtel.pl\/2\/wp-json\/wp\/v2\/comments?post=904"}],"version-history":[{"count":2,"href":"https:\/\/sportowyfyrtel.pl\/2\/wp-json\/wp\/v2\/posts\/904\/revisions"}],"predecessor-version":[{"id":906,"href":"https:\/\/sportowyfyrtel.pl\/2\/wp-json\/wp\/v2\/posts\/904\/revisions\/906"}],"wp:attachment":[{"href":"https:\/\/sportowyfyrtel.pl\/2\/wp-json\/wp\/v2\/media?parent=904"}],"wp:term":[{"taxonomy":"category","embeddable":true,"href":"https:\/\/sportowyfyrtel.pl\/2\/wp-json\/wp\/v2\/categories?post=904"},{"taxonomy":"post_tag","embeddable":true,"href":"https:\/\/sportowyfyrtel.pl\/2\/wp-json\/wp\/v2\/tags?post=904"}],"curies":[{"name":"wp","href":"https:\/\/api.w.org\/{rel}","templated":true}]}}