{"id":900,"date":"2023-11-27T21:07:40","date_gmt":"2023-11-27T20:07:40","guid":{"rendered":"https:\/\/sportowyfyrtel.pl\/2\/?p=900"},"modified":"2023-11-27T21:07:43","modified_gmt":"2023-11-27T20:07:43","slug":"koniec-zajec-sportowo-rekreacyjnych-w-ramach-tegorocznej-edycji-programu-nasz-sportowy-fyrtel-17-grudnia","status":"publish","type":"post","link":"https:\/\/sportowyfyrtel.pl\/2\/2023\/11\/27\/koniec-zajec-sportowo-rekreacyjnych-w-ramach-tegorocznej-edycji-programu-nasz-sportowy-fyrtel-17-grudnia\/","title":{"rendered":"Koniec zaj\u0119\u0107 sportowo \u2013 rekreacyjnych w ramach tegorocznej edycji programu Nasz Sportowy Fyrtel 17 grudnia!"},"content":{"rendered":"<p>Serwus Fyrtel! Informujemy, \u017ce zaj\u0119cia sportowo \u2013 rekreacyjne w ramach tegorocznej edycji programu Nasz Sportowy Fyrtel potrwaj\u0105 tydzie\u0144 d\u0142u\u017cej ni\u017c pierwotnie zak\u0142adali\u015bmy, a wi\u0119c w tym roku b\u0119dziecie mogli korzysta\u0107 z oferty darmowych zaj\u0119\u0107 dla dzieci, m\u0142odzie\u017cy, a tak\u017ce doros\u0142ych i senior\u00f3w na terenie rejonu nr 2 a\u017c do dnia 17 grudnia!<\/p>\n<p>Nadszed\u0142 czas \u017ceby ka\u017cdy mieszkaniec Kiekrza, Krzy\u017cownik, Smochowic, Podolan, a tak\u017ce Strzeszyna, kt\u00f3ry chce aktywnie sp\u0119dzi\u0107 przysz\u0142y rok do\u0142\u0105czy\u0142 do naszej grupy na Facebooku gdzie jako pierwszy b\u0119dzie m\u00f3g\u0142 znale\u017a\u0107 szczeg\u00f3\u0142owe informacje dotycz\u0105ce wszystkich aktywno\u015bci, kt\u00f3re zaplanowali\u015bmy dla mieszka\u0144c\u00f3w rejonu nr 2. Kliknij\u00a0<a href=\"https:\/\/www.facebook.com\/groups\/fyrtel2\">tutaj<\/a>\u00a0i b\u0105d\u017a na bie\u017c\u0105co z naszymi sportowymi inicjatywami!<\/p>\n<p><strong>PROGRAM NASZ SPORTOWY FYRTEL NA TERENIE REJONU NR 2 PRZEZNACZONY JEST DLA MIESZKA\u0143C\u00d3W KIEKRZA, KRZY\u017bOWNIK \u2013 SMOCHOWIC, PODOLAN ORAZ STRZESZYNA.<\/strong><\/p>\n<p><strong>UDZIA\u0141 W ZAJ\u0118CIACH CZY INNYCH AKTYWNO\u015aCIACH W RAMACH PROGRAMU NASZ SPORTOWY FYRTEL R\u00d3WNOZNACZNY JEST Z AKCEPTACJ\u0104 REGULAMINU PO UZUPE\u0141NIENIU O\u015aWIADCZENIA UCZESTNIKA ZAJ\u0118\u0106, KT\u00d3RE NALE\u017bY PRZED ROZPOCZ\u0118CIEM ZAJ\u0118\u0106 PRZEKAZA\u0106 INSTRUKTOROWI.<\/strong><\/p>\n<p><a href=\"https:\/\/sportowyfyrtel.pl\/2\/wp-content\/uploads\/2023\/03\/WZOR-3-Oswiadczenie-uczestnika-zajec-2023_NSF_F2.pdf\"><strong>O\u015aWIADCZENIE UCZESTNIKA ZAJ\u0118\u0106 DO POBRANIA<\/strong><\/a><\/p>\n<p><strong>PROBLEMY, PYTANIA I W\u0104TPLIWO\u015aCI: 2@sportowyfyrtel.pl<\/strong><\/p>\n","protected":false},"excerpt":{"rendered":"<p>Serwus Fyrtel! Informujemy, \u017ce zaj\u0119cia sportowo \u2013 rekreacyjne w ramach tegorocznej edycji programu Nasz Sportowy Fyrtel potrwaj\u0105 tydzie\u0144 d\u0142u\u017cej ni\u017c pierwotnie zak\u0142adali\u015bmy, a wi\u0119c w tym roku b\u0119dziecie mogli korzysta\u0107 z oferty darmowych zaj\u0119\u0107 dla dzieci, m\u0142odzie\u017cy, a tak\u017ce doros\u0142ych i senior\u00f3w na terenie rejonu nr 2 a\u017c do dnia 17 grudnia! Nadszed\u0142 czas \u017ceby [&#8230;]<\/p>\n<p><a class=\"btn btn-secondary understrap-read-more-link\" href=\"https:\/\/sportowyfyrtel.pl\/2\/2023\/11\/27\/koniec-zajec-sportowo-rekreacyjnych-w-ramach-tegorocznej-edycji-programu-nasz-sportowy-fyrtel-17-grudnia\/\">Czytaj dalej\u2026<\/a><\/p>\n","protected":false},"author":9,"featured_media":0,"comment_status":"closed","ping_status":"closed","sticky":false,"template":"","format":"standard","meta":{"footnotes":""},"categories":[1],"tags":[],"_links":{"self":[{"href":"https:\/\/sportowyfyrtel.pl\/2\/wp-json\/wp\/v2\/posts\/900"}],"collection":[{"href":"https:\/\/sportowyfyrtel.pl\/2\/wp-json\/wp\/v2\/posts"}],"about":[{"href":"https:\/\/sportowyfyrtel.pl\/2\/wp-json\/wp\/v2\/types\/post"}],"author":[{"embeddable":true,"href":"https:\/\/sportowyfyrtel.pl\/2\/wp-json\/wp\/v2\/users\/9"}],"replies":[{"embeddable":true,"href":"https:\/\/sportowyfyrtel.pl\/2\/wp-json\/wp\/v2\/comments?post=900"}],"version-history":[{"count":1,"href":"https:\/\/sportowyfyrtel.pl\/2\/wp-json\/wp\/v2\/posts\/900\/revisions"}],"predecessor-version":[{"id":901,"href":"https:\/\/sportowyfyrtel.pl\/2\/wp-json\/wp\/v2\/posts\/900\/revisions\/901"}],"wp:attachment":[{"href":"https:\/\/sportowyfyrtel.pl\/2\/wp-json\/wp\/v2\/media?parent=900"}],"wp:term":[{"taxonomy":"category","embeddable":true,"href":"https:\/\/sportowyfyrtel.pl\/2\/wp-json\/wp\/v2\/categories?post=900"},{"taxonomy":"post_tag","embeddable":true,"href":"https:\/\/sportowyfyrtel.pl\/2\/wp-json\/wp\/v2\/tags?post=900"}],"curies":[{"name":"wp","href":"https:\/\/api.w.org\/{rel}","templated":true}]}}