{"id":884,"date":"2023-11-20T19:27:49","date_gmt":"2023-11-20T18:27:49","guid":{"rendered":"https:\/\/sportowyfyrtel.pl\/2\/?p=884"},"modified":"2023-11-21T22:22:47","modified_gmt":"2023-11-21T21:22:47","slug":"dziekujemy-nasz-sportowy-fyrtel-zagosci-na-terenie-rejonu-nr-2-w-2024-roku","status":"publish","type":"post","link":"https:\/\/sportowyfyrtel.pl\/2\/2023\/11\/20\/dziekujemy-nasz-sportowy-fyrtel-zagosci-na-terenie-rejonu-nr-2-w-2024-roku\/","title":{"rendered":"Dzi\u0119kujemy! Nasz Sportowy Fyrtel zago\u015bci na terenie rejonu nr 2 w 2024 roku!"},"content":{"rendered":"<p>Serwus Fyrtel! Dzi\u0119kujemy za wyrazy wsparcia oraz g\u0142osy oddane na projekt Nasz Sportowy Fyrtel w g\u0142osowaniu w ramach Pozna\u0144skiego Bud\u017cetu Obywatelskiego dzi\u0119ki kt\u00f3rym na prze\u0142omie lutego i marca 2024 roku na terenie dzielnicy Kiekrz, Krzy\u017cowniki &#8211; Smochowice, Podolany, a tak\u017ce Strzeszyn zn\u00f3w zagoszcz\u0105 darmowe zaj\u0119cia sportowo \u2013 rekreacyjne przeznaczone dla dzieci i m\u0142odzie\u017cy, doros\u0142ych, a tak\u017ce senior\u00f3w zamieszkuj\u0105cych rejon nr 2!<\/p>\n<p>Nadszed\u0142 czas \u017ceby ka\u017cdy mieszkaniec Kiekrza, Krzy\u017cownik, Smochowic, Podolan, a tak\u017ce Strzeszyna, kt\u00f3ry chce aktywnie sp\u0119dzi\u0107 przysz\u0142y rok do\u0142\u0105czy\u0142 do naszej grupy na Facebooku gdzie jako pierwszy b\u0119dzie m\u00f3g\u0142 znale\u017a\u0107 szczeg\u00f3\u0142owe informacje dotycz\u0105ce wszystkich aktywno\u015bci, kt\u00f3re zaplanowali\u015bmy dla mieszka\u0144c\u00f3w rejonu nr 2. Kliknij <a href=\"https:\/\/www.facebook.com\/groups\/fyrtel2\">tutaj<\/a> i b\u0105d\u017a na bie\u017c\u0105co z naszymi sportowymi inicjatywami!<\/p>\n<p><strong>PROGRAM NASZ SPORTOWY FYRTEL NA TERENIE REJONU NR 2 PRZEZNACZONY JEST DLA MIESZKA\u0143C\u00d3W KIEKRZA, KRZY\u017bOWNIK \u2013 SMOCHOWIC, PODOLAN ORAZ STRZESZYNA.<\/strong><\/p>\n<p><strong>UDZIA\u0141 W ZAJ\u0118CIACH CZY INNYCH AKTYWNO\u015aCIACH W RAMACH PROGRAMU NASZ SPORTOWY FYRTEL R\u00d3WNOZNACZNY JEST Z AKCEPTACJ\u0104 REGULAMINU PO UZUPE\u0141NIENIU O\u015aWIADCZENIA UCZESTNIKA ZAJ\u0118\u0106, KT\u00d3RE NALE\u017bY PRZED ROZPOCZ\u0118CIEM ZAJ\u0118\u0106 PRZEKAZA\u0106 INSTRUKTOROWI.<\/strong><\/p>\n<p><a href=\"https:\/\/sportowyfyrtel.pl\/2\/wp-content\/uploads\/2023\/03\/WZOR-3-Oswiadczenie-uczestnika-zajec-2023_NSF_F2.pdf\"><strong>O\u015aWIADCZENIE UCZESTNIKA ZAJ\u0118\u0106 DO POBRANIA<\/strong><\/a><\/p>\n<p><strong>PROBLEMY, PYTANIA I W\u0104TPLIWO\u015aCI: 2@sportowyfyrtel.pl<\/strong><\/p>\n","protected":false},"excerpt":{"rendered":"<p>Serwus Fyrtel! Dzi\u0119kujemy za wyrazy wsparcia oraz g\u0142osy oddane na projekt Nasz Sportowy Fyrtel w g\u0142osowaniu w ramach Pozna\u0144skiego Bud\u017cetu Obywatelskiego dzi\u0119ki kt\u00f3rym na prze\u0142omie lutego i marca 2024 roku na terenie dzielnicy Kiekrz, Krzy\u017cowniki &#8211; Smochowice, Podolany, a tak\u017ce Strzeszyn zn\u00f3w zagoszcz\u0105 darmowe zaj\u0119cia sportowo \u2013 rekreacyjne przeznaczone dla dzieci i m\u0142odzie\u017cy, doros\u0142ych, a [&#8230;]<\/p>\n<p><a class=\"btn btn-secondary understrap-read-more-link\" href=\"https:\/\/sportowyfyrtel.pl\/2\/2023\/11\/20\/dziekujemy-nasz-sportowy-fyrtel-zagosci-na-terenie-rejonu-nr-2-w-2024-roku\/\">Czytaj dalej\u2026<\/a><\/p>\n","protected":false},"author":9,"featured_media":0,"comment_status":"closed","ping_status":"closed","sticky":false,"template":"","format":"standard","meta":{"footnotes":""},"categories":[1],"tags":[],"_links":{"self":[{"href":"https:\/\/sportowyfyrtel.pl\/2\/wp-json\/wp\/v2\/posts\/884"}],"collection":[{"href":"https:\/\/sportowyfyrtel.pl\/2\/wp-json\/wp\/v2\/posts"}],"about":[{"href":"https:\/\/sportowyfyrtel.pl\/2\/wp-json\/wp\/v2\/types\/post"}],"author":[{"embeddable":true,"href":"https:\/\/sportowyfyrtel.pl\/2\/wp-json\/wp\/v2\/users\/9"}],"replies":[{"embeddable":true,"href":"https:\/\/sportowyfyrtel.pl\/2\/wp-json\/wp\/v2\/comments?post=884"}],"version-history":[{"count":8,"href":"https:\/\/sportowyfyrtel.pl\/2\/wp-json\/wp\/v2\/posts\/884\/revisions"}],"predecessor-version":[{"id":895,"href":"https:\/\/sportowyfyrtel.pl\/2\/wp-json\/wp\/v2\/posts\/884\/revisions\/895"}],"wp:attachment":[{"href":"https:\/\/sportowyfyrtel.pl\/2\/wp-json\/wp\/v2\/media?parent=884"}],"wp:term":[{"taxonomy":"category","embeddable":true,"href":"https:\/\/sportowyfyrtel.pl\/2\/wp-json\/wp\/v2\/categories?post=884"},{"taxonomy":"post_tag","embeddable":true,"href":"https:\/\/sportowyfyrtel.pl\/2\/wp-json\/wp\/v2\/tags?post=884"}],"curies":[{"name":"wp","href":"https:\/\/api.w.org\/{rel}","templated":true}]}}