{"id":859,"date":"2023-10-01T17:45:20","date_gmt":"2023-10-01T15:45:20","guid":{"rendered":"https:\/\/sportowyfyrtel.pl\/2\/?p=859"},"modified":"2023-10-01T17:45:20","modified_gmt":"2023-10-01T15:45:20","slug":"glosuj-na-projekt-nasz-sportowy-fyrtel-w-poznanskim-budzecie-obywatelskim","status":"publish","type":"post","link":"https:\/\/sportowyfyrtel.pl\/2\/2023\/10\/01\/glosuj-na-projekt-nasz-sportowy-fyrtel-w-poznanskim-budzecie-obywatelskim\/","title":{"rendered":"G\u0142osuj na projekt Nasz Sportowy Fyrtel w Pozna\u0144skim Bud\u017cecie Obywatelskim!"},"content":{"rendered":"<p>Uwaga! Fyrtel nr 2! \u0106wiczycie razem z nami? Dbacie o swoj\u0105 form\u0119 z pomoc\u0105 naszych trener\u00f3w czy instruktor\u00f3w? Bawicie si\u0119 z ca\u0142\u0105 rodzin\u0105 na organizowanych przez nas festynach? Je\u017adzicie z nami na rajdy rowerowe? Bierzecie udzia\u0142 w sp\u0142ywach kajakowych czy wycieczkach na deskach SUP Pami\u0119tajcie, \u017ce organizacja naszego programu na terenie rejonu nr 2 w 2024 roku zale\u017cy tylko i wy\u0142\u0105cznie od Waszego zaanga\u017cowania w g\u0142osowanie w ramach Pozna\u0144skiego Bud\u017cetu Obywatelskiego, kt\u00f3re odbywa si\u0119 w dniach 2 &#8211; 23 pa\u017adziernika na stronie internetowej <a class=\"x1i10hfl xjbqb8w x6umtig x1b1mbwd xaqea5y xav7gou x9f619 x1ypdohk xt0psk2 xe8uvvx xdj266r x11i5rnm xat24cr x1mh8g0r xexx8yu x4uap5 x18d9i69 xkhd6sd x16tdsg8 x1hl2dhg xggy1nq x1a2a7pz xt0b8zv x1fey0fg\" tabindex=\"0\" role=\"link\" href=\"https:\/\/budzet.um.poznan.pl\/pbo24\/?fbclid=IwAR0oMs-zBTAM7SQBCM-jaMAGoocsQWWnL90qAcWvXVRxGEYrorJsQTL-w9Q\" target=\"_blank\" rel=\"nofollow noopener noreferrer\">https:\/\/budzet.um.poznan.pl\/pbo24\/<\/a>! Nie zapomnijcie odda\u0107 g\u0142osu zanim wyjdziecie z domu \u017ceby wzi\u0105\u0107 udzia\u0142 w jednych z przesz\u0142o 100 godzin zaj\u0119\u0107 w ramach oferty projektu Nasz Sportowy Fyrtel!<\/p>\n<p>&nbsp;<\/p>\n<p>PROGRAM NASZ SPORTOWY FYRTEL NA TERENIE REJONU NR 2 PRZEZNACZONY JEST DLA MIESZKA\u0143C\u00d3W KIEKRZA, KRZY\u017bOWNIK \u2013 SMOCHOWIC, PODOLAN ORAZ STRZESZYNA. UDZIA\u0141 W ZAJ\u0118CIACH CZY INNYCH AKTYWNO\u015aCIACH W RAMACH PROGRAMU NASZ SPORTOWY FYRTEL R\u00d3WNOZNACZNY JEST Z AKCEPTACJ\u0104 REGULAMINU PO UZUPE\u0141NIENIU O\u015aWIADCZENIA UCZESTNIKA ZAJ\u0118\u0106, KT\u00d3RE NALE\u017bY PRZED ROZPOCZ\u0118CIEM ZAJ\u0118\u0106 PRZEKAZA\u0106 INSTRUKTOROWI.<\/p>\n<p><strong><a href=\"http:\/\/sportowyfyrtel.pl\/2\/wp-content\/uploads\/2023\/02\/Oswiadczenie-uczestnika-zajec-sportowych-w-ramach-programu-Nasz-Sportowy-Fyrtel-na-terenie-rejonu-nr-2-1.pdf\">O\u015aWIADCZENIE UCZESTNIKA ZAJ\u0118\u0106 DO POBRANIA<\/a><\/strong><\/p>\n<p>PROBLEMY, PYTANIA I W\u0104TPLIWO\u015aCI: 2@sportowyfyrtel.pl<\/p>\n","protected":false},"excerpt":{"rendered":"<p>Uwaga! Fyrtel nr 2! \u0106wiczycie razem z nami? Dbacie o swoj\u0105 form\u0119 z pomoc\u0105 naszych trener\u00f3w czy instruktor\u00f3w? Bawicie si\u0119 z ca\u0142\u0105 rodzin\u0105 na organizowanych przez nas festynach? Je\u017adzicie z nami na rajdy rowerowe? Bierzecie udzia\u0142 w sp\u0142ywach kajakowych czy wycieczkach na deskach SUP Pami\u0119tajcie, \u017ce organizacja naszego programu na terenie rejonu nr 2 w [&#8230;]<\/p>\n<p><a class=\"btn btn-secondary understrap-read-more-link\" href=\"https:\/\/sportowyfyrtel.pl\/2\/2023\/10\/01\/glosuj-na-projekt-nasz-sportowy-fyrtel-w-poznanskim-budzecie-obywatelskim\/\">Czytaj dalej\u2026<\/a><\/p>\n","protected":false},"author":9,"featured_media":0,"comment_status":"closed","ping_status":"closed","sticky":false,"template":"","format":"standard","meta":{"footnotes":""},"categories":[1],"tags":[],"_links":{"self":[{"href":"https:\/\/sportowyfyrtel.pl\/2\/wp-json\/wp\/v2\/posts\/859"}],"collection":[{"href":"https:\/\/sportowyfyrtel.pl\/2\/wp-json\/wp\/v2\/posts"}],"about":[{"href":"https:\/\/sportowyfyrtel.pl\/2\/wp-json\/wp\/v2\/types\/post"}],"author":[{"embeddable":true,"href":"https:\/\/sportowyfyrtel.pl\/2\/wp-json\/wp\/v2\/users\/9"}],"replies":[{"embeddable":true,"href":"https:\/\/sportowyfyrtel.pl\/2\/wp-json\/wp\/v2\/comments?post=859"}],"version-history":[{"count":1,"href":"https:\/\/sportowyfyrtel.pl\/2\/wp-json\/wp\/v2\/posts\/859\/revisions"}],"predecessor-version":[{"id":860,"href":"https:\/\/sportowyfyrtel.pl\/2\/wp-json\/wp\/v2\/posts\/859\/revisions\/860"}],"wp:attachment":[{"href":"https:\/\/sportowyfyrtel.pl\/2\/wp-json\/wp\/v2\/media?parent=859"}],"wp:term":[{"taxonomy":"category","embeddable":true,"href":"https:\/\/sportowyfyrtel.pl\/2\/wp-json\/wp\/v2\/categories?post=859"},{"taxonomy":"post_tag","embeddable":true,"href":"https:\/\/sportowyfyrtel.pl\/2\/wp-json\/wp\/v2\/tags?post=859"}],"curies":[{"name":"wp","href":"https:\/\/api.w.org\/{rel}","templated":true}]}}