{"id":852,"date":"2023-09-26T21:27:03","date_gmt":"2023-09-26T19:27:03","guid":{"rendered":"https:\/\/sportowyfyrtel.pl\/2\/?p=852"},"modified":"2023-09-26T21:27:27","modified_gmt":"2023-09-26T19:27:27","slug":"dolacz-do-naszej-grupy-i-badz-na-biezaco-z-oferta-programu-nasz-sportowy-fyrtel-2","status":"publish","type":"post","link":"https:\/\/sportowyfyrtel.pl\/2\/2023\/09\/26\/dolacz-do-naszej-grupy-i-badz-na-biezaco-z-oferta-programu-nasz-sportowy-fyrtel-2\/","title":{"rendered":"Do\u0142\u0105cz do naszej grupy na Facebooku i b\u0105d\u017a na bie\u017c\u0105co z ofert\u0105 programu Nasz Sportowy Fyrtel"},"content":{"rendered":"<p>Serwus Fyrtel! Nadszed\u0142 czas \u017ceby ka\u017cdy mieszkaniec Kiekrza, Krzy\u017cownik, Smochowic, Podolan, a tak\u017ce Strzeszyna, kt\u00f3ry chce aktywnie sp\u0119dzi\u0107 tegoroczn\u0105 jesie\u0144 oraz zim\u0119 do\u0142\u0105czy\u0142 do naszej grupy na Facebooku gdzie jako pierwszy b\u0119dzie m\u00f3g\u0142 znale\u017a\u0107 szczeg\u00f3\u0142owe informacje dotycz\u0105ce wszystkich aktywno\u015bci, kt\u00f3re zaplanowali\u015bmy dla mieszka\u0144c\u00f3w rejonu nr 2. Kliknij <a href=\"https:\/\/www.facebook.com\/groups\/fyrtel2\">tutaj<\/a> i b\u0105d\u017a na bie\u017c\u0105co z naszymi sportowymi inicjatywami!<\/p>\n<p>Pami\u0119tajcie, \u017ce w zaj\u0119ciach sportowych czy pozosta\u0142ych wydarzeniach w ramach projektu Nasz Sportowy Fyrtel na terenie Kiekrza, Krzy\u017cownik, Smochowic, Podolan, a tak\u017ce Strzeszyna bra\u0107 mog\u0105 udzia\u0142 tylko mieszka\u0144cy tych dzielnic, dlatego przed przyst\u0105pieniem do zaj\u0119\u0107 nale\u017cy wype\u0142ni\u0107 o\u015bwiadczenie uczestnika o miejscu zamieszkania.<\/p>\n<div class=\"x1e56ztr\">\n<p>PROGRAM NASZ SPORTOWY FYRTEL NA TERENIE REJONU NR 2 PRZEZNACZONY JEST DLA MIESZKA\u0143C\u00d3W KIEKRZA, KRZY\u017bOWNIK \u2013 SMOCHOWIC, PODOLAN ORAZ STRZESZYNA. UDZIA\u0141 W ZAJ\u0118CIACH CZY INNYCH AKTYWNO\u015aCIACH W RAMACH PROGRAMU NASZ SPORTOWY FYRTEL R\u00d3WNOZNACZNY JEST Z AKCEPTACJ\u0104 REGULAMINU PO UZUPE\u0141NIENIU O\u015aWIADCZENIA UCZESTNIKA ZAJ\u0118\u0106, KT\u00d3RE NALE\u017bY PRZED ROZPOCZ\u0118CIEM ZAJ\u0118\u0106 PRZEKAZA\u0106 INSTRUKTOROWI.<\/p>\n<p><strong><a href=\"http:\/\/sportowyfyrtel.pl\/2\/wp-content\/uploads\/2023\/02\/Oswiadczenie-uczestnika-zajec-sportowych-w-ramach-programu-Nasz-Sportowy-Fyrtel-na-terenie-rejonu-nr-2-1.pdf\">O\u015aWIADCZENIE UCZESTNIKA ZAJ\u0118\u0106 DO POBRANIA<\/a><\/strong><\/p>\n<p>PROBLEMY, PYTANIA I W\u0104TPLIWO\u015aCI: 2@sportowyfyrtel.pl<\/p>\n<\/div>\n","protected":false},"excerpt":{"rendered":"<p>Serwus Fyrtel! Nadszed\u0142 czas \u017ceby ka\u017cdy mieszkaniec Kiekrza, Krzy\u017cownik, Smochowic, Podolan, a tak\u017ce Strzeszyna, kt\u00f3ry chce aktywnie sp\u0119dzi\u0107 tegoroczn\u0105 jesie\u0144 oraz zim\u0119 do\u0142\u0105czy\u0142 do naszej grupy na Facebooku gdzie jako pierwszy b\u0119dzie m\u00f3g\u0142 znale\u017a\u0107 szczeg\u00f3\u0142owe informacje dotycz\u0105ce wszystkich aktywno\u015bci, kt\u00f3re zaplanowali\u015bmy dla mieszka\u0144c\u00f3w rejonu nr 2. Kliknij tutaj i b\u0105d\u017a na bie\u017c\u0105co z naszymi sportowymi [&#8230;]<\/p>\n<p><a class=\"btn btn-secondary understrap-read-more-link\" href=\"https:\/\/sportowyfyrtel.pl\/2\/2023\/09\/26\/dolacz-do-naszej-grupy-i-badz-na-biezaco-z-oferta-programu-nasz-sportowy-fyrtel-2\/\">Czytaj dalej\u2026<\/a><\/p>\n","protected":false},"author":9,"featured_media":0,"comment_status":"closed","ping_status":"closed","sticky":false,"template":"","format":"standard","meta":{"footnotes":""},"categories":[1],"tags":[],"_links":{"self":[{"href":"https:\/\/sportowyfyrtel.pl\/2\/wp-json\/wp\/v2\/posts\/852"}],"collection":[{"href":"https:\/\/sportowyfyrtel.pl\/2\/wp-json\/wp\/v2\/posts"}],"about":[{"href":"https:\/\/sportowyfyrtel.pl\/2\/wp-json\/wp\/v2\/types\/post"}],"author":[{"embeddable":true,"href":"https:\/\/sportowyfyrtel.pl\/2\/wp-json\/wp\/v2\/users\/9"}],"replies":[{"embeddable":true,"href":"https:\/\/sportowyfyrtel.pl\/2\/wp-json\/wp\/v2\/comments?post=852"}],"version-history":[{"count":2,"href":"https:\/\/sportowyfyrtel.pl\/2\/wp-json\/wp\/v2\/posts\/852\/revisions"}],"predecessor-version":[{"id":854,"href":"https:\/\/sportowyfyrtel.pl\/2\/wp-json\/wp\/v2\/posts\/852\/revisions\/854"}],"wp:attachment":[{"href":"https:\/\/sportowyfyrtel.pl\/2\/wp-json\/wp\/v2\/media?parent=852"}],"wp:term":[{"taxonomy":"category","embeddable":true,"href":"https:\/\/sportowyfyrtel.pl\/2\/wp-json\/wp\/v2\/categories?post=852"},{"taxonomy":"post_tag","embeddable":true,"href":"https:\/\/sportowyfyrtel.pl\/2\/wp-json\/wp\/v2\/tags?post=852"}],"curies":[{"name":"wp","href":"https:\/\/api.w.org\/{rel}","templated":true}]}}