{"id":850,"date":"2023-09-26T21:11:43","date_gmt":"2023-09-26T19:11:43","guid":{"rendered":"https:\/\/sportowyfyrtel.pl\/2\/?p=850"},"modified":"2023-09-26T21:11:43","modified_gmt":"2023-09-26T19:11:43","slug":"powitanie-jesieni-z-naszym-sportowym-fyrtlem-oraz-cil-podolany-na-terenie-zielonej-polany-przy-siedzibie-partnera-spar-sp-z-o-o-przy-ul-druskienickiej-12","status":"publish","type":"post","link":"https:\/\/sportowyfyrtel.pl\/2\/2023\/09\/26\/powitanie-jesieni-z-naszym-sportowym-fyrtlem-oraz-cil-podolany-na-terenie-zielonej-polany-przy-siedzibie-partnera-spar-sp-z-o-o-przy-ul-druskienickiej-12\/","title":{"rendered":"Powitanie Jesieni z Naszym Sportowym Fyrtlem oraz CIL Podolany na terenie zielonej polany przy siedzibie partnera SPAR Sp. z o.o. przy ul. Druskienickiej 12"},"content":{"rendered":"<p>Czo\u0142em Fyrtel nr 2! Nie zwalniamy tempa i zapraszamy dzieci, m\u0142odzie\u017c, doros\u0142ych i senior\u00f3w zamieszkuj\u0105cych rejon Kiekrz, Krzy\u017cowniki \u2013 Smochowice, Podolany oraz Strzeszyn do udzia\u0142u w darmowym festynie sportowo &#8211; rekreacyjnym, kt\u00f3ry w wyniku wsp\u00f3\u0142pracy z Radami Osiedla po raz pierwszy ale mamy nadziej\u0119 nie ostatni zago\u015bci na terenie Waszego rejonu!<\/p>\n<p>&nbsp;<\/p>\n<div class=\"x11i5rnm xat24cr x1mh8g0r x1vvkbs xtlvy1s x126k92a\">\n<h3 dir=\"auto\">POWITANIE JESIENI Z NASZYM SPORTOWYM FYRTLEM ORAZ CIL PODOLANY<\/h3>\n<div dir=\"auto\">Termin: 30 wrze\u015bnia (sobota) w godzinach 15:00 &#8211; 18:00<\/div>\n<div dir=\"auto\">Lokalizacja: zielona polana przy siedzibie partnera SPAR Sp. z o.o. przy ul. Druskienickiej 12<\/div>\n<\/div>\n<div class=\"x11i5rnm xat24cr x1mh8g0r x1vvkbs xtlvy1s x126k92a\">\n<div dir=\"auto\">Jesie\u0144 ju\u017c puka do naszych drzwi, a my mamy dla Was wyj\u0105tkowe wydarzenie, kt\u00f3re pozwoli Wam cieszy\u0107 si\u0119 pi\u0119kn\u0105 jesienn\u0105 aur\u0105! Przygotujcie si\u0119 na dzie\u0144 pe\u0142en aktywno\u015bci, smaku i u\u015bmiechu \u2013 to b\u0119dzie niezapomniane wydarzenie! Czekaj\u0105 na Was liczne atrakcje, takie jak dmuchana \u015bcianka wspinaczkowa, dmuchana zje\u017cd\u017calnia, zamek i combo dla dzieci, a tak\u017ce pyszna wata cukrowa, popcorn, groch\u00f3wka i kie\u0142baski z grilla. Niezapomniane chwile z festynu mo\u017cecie uwieczni\u0107 w wideobudce. Wszystkie atrakcje s\u0105 darmowe, wi\u0119c przyjd\u017acie z rodzin\u0105 i przyjaci\u00f3\u0142mi, by razem z nami uczci\u0107 pocz\u0105tek tegorocznej jesieni.<\/div>\n<\/div>\n<div class=\"x11i5rnm xat24cr x1mh8g0r x1vvkbs xtlvy1s x126k92a\">\n<div dir=\"auto\"><\/div>\n<div dir=\"auto\">Pami\u0119tajcie, \u017ce kontynuacja naszych zaj\u0119\u0107 w 2024 roku zale\u017cy tylko i wy\u0142\u0105cznie od Waszego zaanga\u017cowania w g\u0142osowanie w ramach Pozna\u0144skiego Bud\u017cetu Obywatelskiego, kt\u00f3re odb\u0119dzie si\u0119 w dniach 2 &#8211; 23 pa\u017adziernika!<\/div>\n<\/div>\n<p>&nbsp;<\/p>\n<p>PROGRAM NASZ SPORTOWY FYRTEL NA TERENIE REJONU NR 2 PRZEZNACZONY JEST DLA MIESZKA\u0143C\u00d3W KIEKRZA, KRZY\u017bOWNIK \u2013 SMOCHOWIC, PODOLAN ORAZ STRZESZYNA. UDZIA\u0141 W ZAJ\u0118CIACH CZY INNYCH AKTYWNO\u015aCIACH W RAMACH PROGRAMU NASZ SPORTOWY FYRTEL R\u00d3WNOZNACZNY JEST Z AKCEPTACJ\u0104 REGULAMINU PO UZUPE\u0141NIENIU O\u015aWIADCZENIA UCZESTNIKA ZAJ\u0118\u0106, KT\u00d3RE NALE\u017bY PRZED ROZPOCZ\u0118CIEM ZAJ\u0118\u0106 PRZEKAZA\u0106 INSTRUKTOROWI.<\/p>\n<p><strong><a href=\"http:\/\/sportowyfyrtel.pl\/2\/wp-content\/uploads\/2023\/02\/Oswiadczenie-uczestnika-zajec-sportowych-w-ramach-programu-Nasz-Sportowy-Fyrtel-na-terenie-rejonu-nr-2-1.pdf\">O\u015aWIADCZENIE UCZESTNIKA ZAJ\u0118\u0106 DO POBRANIA<\/a><\/strong><\/p>\n<p>PROBLEMY, PYTANIA I W\u0104TPLIWO\u015aCI: 2@sportowyfyrtel.pl<\/p>\n","protected":false},"excerpt":{"rendered":"<p>Czo\u0142em Fyrtel nr 2! Nie zwalniamy tempa i zapraszamy dzieci, m\u0142odzie\u017c, doros\u0142ych i senior\u00f3w zamieszkuj\u0105cych rejon Kiekrz, Krzy\u017cowniki \u2013 Smochowice, Podolany oraz Strzeszyn do udzia\u0142u w darmowym festynie sportowo &#8211; rekreacyjnym, kt\u00f3ry w wyniku wsp\u00f3\u0142pracy z Radami Osiedla po raz pierwszy ale mamy nadziej\u0119 nie ostatni zago\u015bci na terenie Waszego rejonu! &nbsp; POWITANIE JESIENI Z [&#8230;]<\/p>\n<p><a class=\"btn btn-secondary understrap-read-more-link\" href=\"https:\/\/sportowyfyrtel.pl\/2\/2023\/09\/26\/powitanie-jesieni-z-naszym-sportowym-fyrtlem-oraz-cil-podolany-na-terenie-zielonej-polany-przy-siedzibie-partnera-spar-sp-z-o-o-przy-ul-druskienickiej-12\/\">Czytaj dalej\u2026<\/a><\/p>\n","protected":false},"author":9,"featured_media":0,"comment_status":"closed","ping_status":"closed","sticky":false,"template":"","format":"standard","meta":{"footnotes":""},"categories":[1],"tags":[],"_links":{"self":[{"href":"https:\/\/sportowyfyrtel.pl\/2\/wp-json\/wp\/v2\/posts\/850"}],"collection":[{"href":"https:\/\/sportowyfyrtel.pl\/2\/wp-json\/wp\/v2\/posts"}],"about":[{"href":"https:\/\/sportowyfyrtel.pl\/2\/wp-json\/wp\/v2\/types\/post"}],"author":[{"embeddable":true,"href":"https:\/\/sportowyfyrtel.pl\/2\/wp-json\/wp\/v2\/users\/9"}],"replies":[{"embeddable":true,"href":"https:\/\/sportowyfyrtel.pl\/2\/wp-json\/wp\/v2\/comments?post=850"}],"version-history":[{"count":1,"href":"https:\/\/sportowyfyrtel.pl\/2\/wp-json\/wp\/v2\/posts\/850\/revisions"}],"predecessor-version":[{"id":851,"href":"https:\/\/sportowyfyrtel.pl\/2\/wp-json\/wp\/v2\/posts\/850\/revisions\/851"}],"wp:attachment":[{"href":"https:\/\/sportowyfyrtel.pl\/2\/wp-json\/wp\/v2\/media?parent=850"}],"wp:term":[{"taxonomy":"category","embeddable":true,"href":"https:\/\/sportowyfyrtel.pl\/2\/wp-json\/wp\/v2\/categories?post=850"},{"taxonomy":"post_tag","embeddable":true,"href":"https:\/\/sportowyfyrtel.pl\/2\/wp-json\/wp\/v2\/tags?post=850"}],"curies":[{"name":"wp","href":"https:\/\/api.w.org\/{rel}","templated":true}]}}