{"id":848,"date":"2023-09-24T18:53:00","date_gmt":"2023-09-24T16:53:00","guid":{"rendered":"https:\/\/sportowyfyrtel.pl\/2\/?p=848"},"modified":"2023-09-24T18:53:00","modified_gmt":"2023-09-24T16:53:00","slug":"ruszaja-profesjonalne-treningi-pilki-noznej-dla-chlopcow-i-dziewczynek-w-wieku-7-13-lat-na-boisku-przy-ul-krajeneckiej","status":"publish","type":"post","link":"https:\/\/sportowyfyrtel.pl\/2\/2023\/09\/24\/ruszaja-profesjonalne-treningi-pilki-noznej-dla-chlopcow-i-dziewczynek-w-wieku-7-13-lat-na-boisku-przy-ul-krajeneckiej\/","title":{"rendered":"Ruszaj\u0105 profesjonalne treningi pi\u0142ki no\u017cnej dla ch\u0142opc\u00f3w i dziewczynek w wieku 7 &#8211; 13 lat na boisku przy ul. Krajeneckiej!"},"content":{"rendered":"<p>Czo\u0142em Fyrtel nr 2! Nie zwalniamy tempa i zapraszamy dzieci, m\u0142odzie\u017c, doros\u0142ych i senior\u00f3w zamieszkuj\u0105cych rejon Kiekrz, Krzy\u017cowniki \u2013 Smochowice, Podolany oraz Strzeszyn do udzia\u0142u w darmowych zaj\u0119ciach sportowych, kt\u00f3re w wyniku wsp\u00f3\u0142pracy z Radami Osiedla po raz pierwszy ale mamy nadziej\u0119 nie ostatni goszcz\u0105 na terenie Waszego rejonu!<\/p>\n<p>&nbsp;<\/p>\n<h3><strong>PI\u0141KA NO\u017bNA DLA DZIECI I M\u0141ODZIE\u017bY<\/strong><\/h3>\n<p>Zaj\u0119cia pi\u0142ki no\u017cnej dla dzieci i m\u0142odzie\u017cy to \u015bwietna okazja do nauki umiej\u0119tno\u015bci sportowych, rozwoju fizycznego i spo\u0142ecznego, a tak\u017ce dobrej zabawy. Celem tych zaj\u0119\u0107 jest nie tylko nauczenie techniki gry w pi\u0142k\u0119 no\u017cn\u0105, ale tak\u017ce rozwijanie umiej\u0119tno\u015bci takich jak wsp\u00f3\u0142praca, komunikacja, dyscyplina, zdrowy styl \u017cycia i ducha rywalizacji. Program zaj\u0119\u0107 obejmuje rozgrzewk\u0119, trening techniczny, gry i \u0107wiczenia, nauk\u0119 taktyki gry, mecze oraz rozci\u0105ganie. Dzieci ucz\u0105 si\u0119 podstawowych umiej\u0119tno\u015bci gry, rozwijaj\u0105 kondycj\u0119 fizyczn\u0105 i motoryk\u0119, a tak\u017ce ucz\u0105 si\u0119 pracy w zespole. Zaj\u0119cia te sprzyjaj\u0105 rozwojowi psychicznemu i emocjonalnemu, kszta\u0142tuj\u0105c jednocze\u015bnie zdrowy styl \u017cycia i aktywno\u015b\u0107 fizyczn\u0105. To doskona\u0142a okazja do budowania relacji spo\u0142ecznych i zdobywania nowych umiej\u0119tno\u015bci, zar\u00f3wno na boisku, jak i poza nim. Wszystko to odbywa si\u0119 w atmosferze zabawy i przyjemno\u015bci.<\/p>\n<p><strong>Lokalizacja:<\/strong>\u00a0boisko przy ul. Krajeneckiej<\/p>\n<p><strong>Zapisy:\u00a0<\/strong>SMS \u2013 nr tel.\u00a0<span data-sheets-value=\"{&quot;1&quot;:3,&quot;3&quot;:669091910}\" data-sheets-userformat=\"{&quot;2&quot;:15359,&quot;3&quot;:{&quot;1&quot;:0},&quot;4&quot;:{&quot;1&quot;:2,&quot;2&quot;:16777215},&quot;5&quot;:{&quot;1&quot;:[{&quot;1&quot;:2,&quot;2&quot;:0,&quot;5&quot;:{&quot;1&quot;:2,&quot;2&quot;:0}},{&quot;1&quot;:0,&quot;2&quot;:0,&quot;3&quot;:3},{&quot;1&quot;:1,&quot;2&quot;:0,&quot;4&quot;:1}]},&quot;6&quot;:{&quot;1&quot;:[{&quot;1&quot;:2,&quot;2&quot;:0,&quot;5&quot;:{&quot;1&quot;:2,&quot;2&quot;:0}},{&quot;1&quot;:0,&quot;2&quot;:0,&quot;3&quot;:3},{&quot;1&quot;:1,&quot;2&quot;:0,&quot;4&quot;:1}]},&quot;7&quot;:{&quot;1&quot;:[{&quot;1&quot;:2,&quot;2&quot;:0,&quot;5&quot;:{&quot;1&quot;:2,&quot;2&quot;:0}},{&quot;1&quot;:0,&quot;2&quot;:0,&quot;3&quot;:3},{&quot;1&quot;:1,&quot;2&quot;:0,&quot;4&quot;:1}]},&quot;8&quot;:{&quot;1&quot;:[{&quot;1&quot;:2,&quot;2&quot;:0,&quot;5&quot;:{&quot;1&quot;:2,&quot;2&quot;:0}},{&quot;1&quot;:0,&quot;2&quot;:0,&quot;3&quot;:3},{&quot;1&quot;:1,&quot;2&quot;:0,&quot;4&quot;:1}]},&quot;9&quot;:1,&quot;10&quot;:1,&quot;11&quot;:3,&quot;12&quot;:0,&quot;14&quot;:{&quot;1&quot;:2,&quot;2&quot;:0},&quot;15&quot;:&quot;Arial&quot;,&quot;16&quot;:11}\">669 091 910<\/span><\/p>\n<p>&nbsp;<\/p>\n<p>PROGRAM NASZ SPORTOWY FYRTEL NA TERENIE REJONU NR 2 PRZEZNACZONY JEST DLA MIESZKA\u0143C\u00d3W KIEKRZA, KRZY\u017bOWNIK \u2013 SMOCHOWIC, PODOLAN ORAZ STRZESZYNA. UDZIA\u0141 W ZAJ\u0118CIACH CZY INNYCH AKTYWNO\u015aCIACH W RAMACH PROGRAMU NASZ SPORTOWY FYRTEL R\u00d3WNOZNACZNY JEST Z AKCEPTACJ\u0104 REGULAMINU PO UZUPE\u0141NIENIU O\u015aWIADCZENIA UCZESTNIKA ZAJ\u0118\u0106, KT\u00d3RE NALE\u017bY PRZED ROZPOCZ\u0118CIEM ZAJ\u0118\u0106 PRZEKAZA\u0106 INSTRUKTOROWI.<\/p>\n<p><strong><a href=\"http:\/\/sportowyfyrtel.pl\/2\/wp-content\/uploads\/2023\/02\/Oswiadczenie-uczestnika-zajec-sportowych-w-ramach-programu-Nasz-Sportowy-Fyrtel-na-terenie-rejonu-nr-2-1.pdf\">O\u015aWIADCZENIE UCZESTNIKA ZAJ\u0118\u0106 DO POBRANIA<\/a><\/strong><\/p>\n<p>PROBLEMY, PYTANIA I W\u0104TPLIWO\u015aCI: 2@sportowyfyrtel.pl<\/p>\n","protected":false},"excerpt":{"rendered":"<p>Czo\u0142em Fyrtel nr 2! Nie zwalniamy tempa i zapraszamy dzieci, m\u0142odzie\u017c, doros\u0142ych i senior\u00f3w zamieszkuj\u0105cych rejon Kiekrz, Krzy\u017cowniki \u2013 Smochowice, Podolany oraz Strzeszyn do udzia\u0142u w darmowych zaj\u0119ciach sportowych, kt\u00f3re w wyniku wsp\u00f3\u0142pracy z Radami Osiedla po raz pierwszy ale mamy nadziej\u0119 nie ostatni goszcz\u0105 na terenie Waszego rejonu! &nbsp; PI\u0141KA NO\u017bNA DLA DZIECI I [&#8230;]<\/p>\n<p><a class=\"btn btn-secondary understrap-read-more-link\" href=\"https:\/\/sportowyfyrtel.pl\/2\/2023\/09\/24\/ruszaja-profesjonalne-treningi-pilki-noznej-dla-chlopcow-i-dziewczynek-w-wieku-7-13-lat-na-boisku-przy-ul-krajeneckiej\/\">Czytaj dalej\u2026<\/a><\/p>\n","protected":false},"author":9,"featured_media":0,"comment_status":"closed","ping_status":"closed","sticky":false,"template":"","format":"standard","meta":{"footnotes":""},"categories":[1],"tags":[],"_links":{"self":[{"href":"https:\/\/sportowyfyrtel.pl\/2\/wp-json\/wp\/v2\/posts\/848"}],"collection":[{"href":"https:\/\/sportowyfyrtel.pl\/2\/wp-json\/wp\/v2\/posts"}],"about":[{"href":"https:\/\/sportowyfyrtel.pl\/2\/wp-json\/wp\/v2\/types\/post"}],"author":[{"embeddable":true,"href":"https:\/\/sportowyfyrtel.pl\/2\/wp-json\/wp\/v2\/users\/9"}],"replies":[{"embeddable":true,"href":"https:\/\/sportowyfyrtel.pl\/2\/wp-json\/wp\/v2\/comments?post=848"}],"version-history":[{"count":1,"href":"https:\/\/sportowyfyrtel.pl\/2\/wp-json\/wp\/v2\/posts\/848\/revisions"}],"predecessor-version":[{"id":849,"href":"https:\/\/sportowyfyrtel.pl\/2\/wp-json\/wp\/v2\/posts\/848\/revisions\/849"}],"wp:attachment":[{"href":"https:\/\/sportowyfyrtel.pl\/2\/wp-json\/wp\/v2\/media?parent=848"}],"wp:term":[{"taxonomy":"category","embeddable":true,"href":"https:\/\/sportowyfyrtel.pl\/2\/wp-json\/wp\/v2\/categories?post=848"},{"taxonomy":"post_tag","embeddable":true,"href":"https:\/\/sportowyfyrtel.pl\/2\/wp-json\/wp\/v2\/tags?post=848"}],"curies":[{"name":"wp","href":"https:\/\/api.w.org\/{rel}","templated":true}]}}