{"id":828,"date":"2024-07-11T10:25:11","date_gmt":"2024-07-11T08:25:11","guid":{"rendered":"https:\/\/sportowyfyrtel.pl\/2\/?p=828"},"modified":"2024-07-11T10:50:45","modified_gmt":"2024-07-11T08:50:45","slug":"zbierz-druzyne-albo-zglos-sie-samemu-i-dolacz-do-rozgrywek-fyrtel-ligi-pilki-noznej","status":"publish","type":"post","link":"https:\/\/sportowyfyrtel.pl\/2\/2024\/07\/11\/zbierz-druzyne-albo-zglos-sie-samemu-i-dolacz-do-rozgrywek-fyrtel-ligi-pilki-noznej\/","title":{"rendered":"Zapraszamy do udzia\u0142u w Fyrtel Turnieju Pi\u0142ki No\u017cnej! Zbierz dru\u017cyn\u0119 albo zg\u0142o\u015b si\u0119 samemu!"},"content":{"rendered":"<p>Czo\u0142em Fyrtel nr 2! Nie zwalniamy tempa i zapraszamy dzieci, m\u0142odzie\u017c, doros\u0142ych i senior\u00f3w zamieszkuj\u0105cych rejon Kiekrz, Krzy\u017cowniki \u2013 Smochowice, Podolany oraz Strzeszyn do udzia\u0142u w kolejnych darmowych zaj\u0119ciach sportowych, kt\u00f3re w wyniku wsp\u00f3\u0142pracy z Radami Osiedla po raz kolejny ale mamy nadziej\u0119 nie ostatni go\u015bci\u0107 b\u0119d\u0105 na terenie Waszej dzielnicy!<\/p>\n<p>Pami\u0119tajcie, \u017ce udzia\u0142 w naszych zaj\u0119ciach mo\u017cliwy jest tylko i wy\u0142\u0105cznie po wype\u0142nieniu o\u015bwiadczenia, kt\u00f3re nale\u017cy przekaza\u0107 trenerom czy instruktorom przed pierwszymi zaj\u0119ciami. Deklaracj\u0119 uczestnika zaj\u0119\u0107 w ramach programu Nasz Sportowy Fyrtel znajdziecie\u00a0<a href=\"https:\/\/sportowyfyrtel.pl\/wp-content\/uploads\/2024\/02\/WZOR-3_Oswiadczenie-uczestnika-zajec-2024_NSF_F2.pdf\">TUTAJ<\/a>, wype\u0142nijcie j\u0105 w domu, zabierzcie ze sob\u0105, a potem dajcie z siebie wszystko!<\/p>\n<hr \/>\n<p>&nbsp;<\/p>\n<h3><strong>FYRTEL TURNIEJ PI\u0141KI NO\u017bNEJ<\/strong><\/h3>\n<p>Fyrtel Turniej Pi\u0142ki No\u017cnej w ramach programu Nasz Sportowy Fyrtel to ekscytuj\u0105ce wydarzenie sportowe, kt\u00f3re zgromadzi pasjonat\u00f3w pi\u0142ki no\u017cnej z ca\u0142ej okolicy. Turniej jest otwarty dla dru\u017cyn amatorskich, sk\u0142adaj\u0105cych si\u0119 z zawodnik\u00f3w w r\u00f3\u017cnym wieku i o r\u00f3\u017cnym poziomie umiej\u0119tno\u015bci.<\/p>\n<p>Podczas turnieju dru\u017cyny rywalizowa\u0107 b\u0119d\u0105 ze sob\u0105 w przyjaznej, ale sportowej atmosferze. Mecze rozgrywane b\u0119d\u0105 na profesjonalnie przygotowanych boiskach w Centrum Sportu PLEK, a nad przebiegiem rozgrywek czuwa\u0107 b\u0119dzie do\u015bwiadczona kadra s\u0119dziowska. Organizatorzy zadbaj\u0105 o to, aby ka\u017cdy mecz by\u0142 fair play i aby wszyscy uczestnicy mogli cieszy\u0107 si\u0119 gr\u0105 w pi\u0142k\u0119 no\u017cn\u0105 w bezpiecznym i zorganizowanym \u015brodowisku.<\/p>\n<p>Fyrtel Turniej Pi\u0142ki No\u017cnej to nie tylko rywalizacja, ale tak\u017ce doskona\u0142a okazja do integracji spo\u0142eczno\u015bci lokalnej, nawi\u0105zywania nowych znajomo\u015bci i promowania aktywnego stylu \u017cycia. Uczestnicy turnieju maj\u0105 okazj\u0119 do pokazania swoich umiej\u0119tno\u015bci, wsp\u00f3\u0142pracy w dru\u017cynie oraz czerpania rado\u015bci z gry w pi\u0142k\u0119 no\u017cn\u0105.<\/p>\n<p>Zapraszamy wszystkich mi\u0142o\u015bnik\u00f3w pi\u0142ki no\u017cnej do udzia\u0142u w Fyrtel Turnieju Pi\u0142ki No\u017cnej i wsp\u00f3lnego sp\u0119dzenia czasu w duchu sportowej rywalizacji i dobrej zabawy.<\/p>\n<p><strong>Lokalizacja:<\/strong> Boisko PLEK Centrum Sportu przy ul. Margoni\u0144skiej<br \/>\n<strong>Termin:<\/strong> 14 lipca (niedziela) w godzinach 15:00 &#8211; 19:00<br \/>\n<strong>Zapisy:<\/strong> w formie SMS pod nr tel. 731084241<\/p>\n<p>&nbsp;<\/p>\n<hr \/>\n<h4>PROGRAM NASZ SPORTOWY FYRTEL NA TERENIE REJONU NR 2 PRZEZNACZONY JEST DLA MIESZKA\u0143C\u00d3W KIEKRZA, KRZY\u017bOWNIK \u2013 SMOCHOWIC, PODOLAN ORAZ STRZESZYNA.<\/h4>\n<h4>UDZIA\u0141 W ZAJ\u0118CIACH CZY INNYCH AKTYWNO\u015aCIACH W RAMACH PROGRAMU NASZ SPORTOWY FYRTEL R\u00d3WNOZNACZNY JEST Z AKCEPTACJ\u0104 REGULAMINU PO UZUPE\u0141NIENIU O\u015aWIADCZENIA UCZESTNIKA ZAJ\u0118\u0106, KT\u00d3RE NALE\u017bY PRZED ROZPOCZ\u0118CIEM ZAJ\u0118\u0106 PRZEKAZA\u0106 INSTRUKTOROWI.<\/h4>\n<h4><a href=\"https:\/\/sportowyfyrtel.pl\/wp-content\/uploads\/2024\/02\/WZOR-3_Oswiadczenie-uczestnika-zajec-2024_NSF_F2.pdf\">O\u015aWIADCZENIE UCZESTNIKA ZAJ\u0118\u0106 DO POBRANIA<\/a><\/h4>\n<h4><a href=\"https:\/\/sportowyfyrtel.pl\/2\/godziny-zajec\/\">AKTUALNY HARMONOGRAM ZAJ\u0118\u0106<\/a><\/h4>\n<h4>PROBLEMY, PYTANIA I W\u0104TPLIWO\u015aCI: 2@sportowyfyrtel.pl<\/h4>\n","protected":false},"excerpt":{"rendered":"<p>Czo\u0142em Fyrtel nr 2! Nie zwalniamy tempa i zapraszamy dzieci, m\u0142odzie\u017c, doros\u0142ych i senior\u00f3w zamieszkuj\u0105cych rejon Kiekrz, Krzy\u017cowniki \u2013 Smochowice, Podolany oraz Strzeszyn do udzia\u0142u w kolejnych darmowych zaj\u0119ciach sportowych, kt\u00f3re w wyniku wsp\u00f3\u0142pracy z Radami Osiedla po raz kolejny ale mamy nadziej\u0119 nie ostatni go\u015bci\u0107 b\u0119d\u0105 na terenie Waszej dzielnicy! Pami\u0119tajcie, \u017ce udzia\u0142 w [&#8230;]<\/p>\n<p><a class=\"btn btn-secondary understrap-read-more-link\" href=\"https:\/\/sportowyfyrtel.pl\/2\/2024\/07\/11\/zbierz-druzyne-albo-zglos-sie-samemu-i-dolacz-do-rozgrywek-fyrtel-ligi-pilki-noznej\/\">Czytaj dalej\u2026<\/a><\/p>\n","protected":false},"author":9,"featured_media":0,"comment_status":"closed","ping_status":"closed","sticky":false,"template":"","format":"standard","meta":{"footnotes":""},"categories":[1],"tags":[],"_links":{"self":[{"href":"https:\/\/sportowyfyrtel.pl\/2\/wp-json\/wp\/v2\/posts\/828"}],"collection":[{"href":"https:\/\/sportowyfyrtel.pl\/2\/wp-json\/wp\/v2\/posts"}],"about":[{"href":"https:\/\/sportowyfyrtel.pl\/2\/wp-json\/wp\/v2\/types\/post"}],"author":[{"embeddable":true,"href":"https:\/\/sportowyfyrtel.pl\/2\/wp-json\/wp\/v2\/users\/9"}],"replies":[{"embeddable":true,"href":"https:\/\/sportowyfyrtel.pl\/2\/wp-json\/wp\/v2\/comments?post=828"}],"version-history":[{"count":4,"href":"https:\/\/sportowyfyrtel.pl\/2\/wp-json\/wp\/v2\/posts\/828\/revisions"}],"predecessor-version":[{"id":1254,"href":"https:\/\/sportowyfyrtel.pl\/2\/wp-json\/wp\/v2\/posts\/828\/revisions\/1254"}],"wp:attachment":[{"href":"https:\/\/sportowyfyrtel.pl\/2\/wp-json\/wp\/v2\/media?parent=828"}],"wp:term":[{"taxonomy":"category","embeddable":true,"href":"https:\/\/sportowyfyrtel.pl\/2\/wp-json\/wp\/v2\/categories?post=828"},{"taxonomy":"post_tag","embeddable":true,"href":"https:\/\/sportowyfyrtel.pl\/2\/wp-json\/wp\/v2\/tags?post=828"}],"curies":[{"name":"wp","href":"https:\/\/api.w.org\/{rel}","templated":true}]}}