{"id":795,"date":"2023-08-27T15:45:22","date_gmt":"2023-08-27T13:45:22","guid":{"rendered":"https:\/\/sportowyfyrtel.pl\/2\/?p=795"},"modified":"2023-08-27T15:45:22","modified_gmt":"2023-08-27T13:45:22","slug":"startuje-jesienno-zimowa-odslona-programu-nasz-sportowy-fyrtel","status":"publish","type":"post","link":"https:\/\/sportowyfyrtel.pl\/2\/2023\/08\/27\/startuje-jesienno-zimowa-odslona-programu-nasz-sportowy-fyrtel\/","title":{"rendered":"Startuje jesienno &#8211; zimowa ods\u0142ona programu Nasz Sportowy Fyrtel!"},"content":{"rendered":"<p>Hej Fyrtel nr 2! Wakacyjna ods\u0142ona tegorocznej edycji programu Nasz Sportowy Fyrtel na terenie rejonu nr 2 dobiega powoli ko\u0144ca! Pytacie w listach, e-mailach czy wiadomo\u015bciach co dalej? Uspokajamy! Nie martwcie si\u0119 bo przed Wami jeszcze przesz\u0142o 3 miesi\u0105ce wsp\u00f3lnej aktywno\u015bci. Aktualnie we wsp\u00f3\u0142pracy z Radami Osiedli intensywnie pracujemy nad rozszerzeniem dotychczasowej oferty naszego projektu o kolejne aktywno\u015bci, kt\u00f3ra pozwol\u0105 Wam w okresie jesienno &#8211; zimowym podtrzyma\u0107 form\u0119. Efekty naszych dzia\u0142a\u0144 i komunikaty dotycz\u0105ce nowych zaj\u0119\u0107 publikowa\u0107 b\u0119dziemy w najbli\u017cszych tygodniach dlatego \u015bled\u017acie nasze strony uwa\u017cnie.<\/p>\n<p>Cieszymy si\u0119, \u017ce z nami jeste\u015bcie, pami\u0119tajcie jednak, \u017ce realizacja programu Nasz Sportowy Fyrtel w 2024 roku uzale\u017cniona jest tylko od Waszego wsparcia w g\u0142osowaniu w ramach Pozna\u0144skiego Bud\u017cetu Obywatelskiego, kt\u00f3re zbli\u017ca si\u0119 wielkimi krokami. Zapraszajcie, zach\u0119cajcie, udost\u0119pniajcie nasze komunikaty czy grup\u0119 rejonu 2, poniewa\u017c ka\u017cde z poszczeg\u00f3lnych zaj\u0119\u0107 sportowych b\u0119d\u0105 mog\u0142y by\u0107 realizowane tylko i wy\u0142\u0105cznie w przypadku sta\u0142ej frekwencji powy\u017cej 10 os\u00f3b.<\/p>\n<div class=\"xdj266r x11i5rnm xat24cr x1mh8g0r x1vvkbs\">\n<p>PROGRAM NASZ SPORTOWY FYRTEL NA TERENIE REJONU NR 2 PRZEZNACZONY JEST DLA MIESZKA\u0143C\u00d3W KIEKRZA, KRZY\u017bOWNIK \u2013 SMOCHOWIC, PODOLAN ORAZ STRZESZYNA. UDZIA\u0141 W ZAJ\u0118CIACH CZY INNYCH AKTYWNO\u015aCIACH W RAMACH PROGRAMU NASZ SPORTOWY FYRTEL R\u00d3WNOZNACZNY JEST Z AKCEPTACJ\u0104 REGULAMINU PO UZUPE\u0141NIENIU O\u015aWIADCZENIA UCZESTNIKA ZAJ\u0118\u0106, KT\u00d3RE NALE\u017bY PRZED ROZPOCZ\u0118CIEM ZAJ\u0118\u0106 PRZEKAZA\u0106 INSTRUKTOROWI.<\/p>\n<\/div>\n<p><strong><a href=\"http:\/\/sportowyfyrtel.pl\/2\/wp-content\/uploads\/2023\/02\/Oswiadczenie-uczestnika-zajec-sportowych-w-ramach-programu-Nasz-Sportowy-Fyrtel-na-terenie-rejonu-nr-2-1.pdf\">O\u015aWIADCZENIE UCZESTNIKA ZAJ\u0118\u0106 DO POBRANIA<\/a><\/strong><\/p>\n<p>PROBLEMY, PYTANIA I W\u0104TPLIWO\u015aCI: 2@sportowyfyrtel.pl<\/p>\n<p>&nbsp;<\/p>\n","protected":false},"excerpt":{"rendered":"<p>Hej Fyrtel nr 2! Wakacyjna ods\u0142ona tegorocznej edycji programu Nasz Sportowy Fyrtel na terenie rejonu nr 2 dobiega powoli ko\u0144ca! Pytacie w listach, e-mailach czy wiadomo\u015bciach co dalej? Uspokajamy! Nie martwcie si\u0119 bo przed Wami jeszcze przesz\u0142o 3 miesi\u0105ce wsp\u00f3lnej aktywno\u015bci. Aktualnie we wsp\u00f3\u0142pracy z Radami Osiedli intensywnie pracujemy nad rozszerzeniem dotychczasowej oferty naszego projektu [&#8230;]<\/p>\n<p><a class=\"btn btn-secondary understrap-read-more-link\" href=\"https:\/\/sportowyfyrtel.pl\/2\/2023\/08\/27\/startuje-jesienno-zimowa-odslona-programu-nasz-sportowy-fyrtel\/\">Czytaj dalej\u2026<\/a><\/p>\n","protected":false},"author":9,"featured_media":0,"comment_status":"closed","ping_status":"closed","sticky":false,"template":"","format":"standard","meta":{"footnotes":""},"categories":[1],"tags":[],"_links":{"self":[{"href":"https:\/\/sportowyfyrtel.pl\/2\/wp-json\/wp\/v2\/posts\/795"}],"collection":[{"href":"https:\/\/sportowyfyrtel.pl\/2\/wp-json\/wp\/v2\/posts"}],"about":[{"href":"https:\/\/sportowyfyrtel.pl\/2\/wp-json\/wp\/v2\/types\/post"}],"author":[{"embeddable":true,"href":"https:\/\/sportowyfyrtel.pl\/2\/wp-json\/wp\/v2\/users\/9"}],"replies":[{"embeddable":true,"href":"https:\/\/sportowyfyrtel.pl\/2\/wp-json\/wp\/v2\/comments?post=795"}],"version-history":[{"count":1,"href":"https:\/\/sportowyfyrtel.pl\/2\/wp-json\/wp\/v2\/posts\/795\/revisions"}],"predecessor-version":[{"id":796,"href":"https:\/\/sportowyfyrtel.pl\/2\/wp-json\/wp\/v2\/posts\/795\/revisions\/796"}],"wp:attachment":[{"href":"https:\/\/sportowyfyrtel.pl\/2\/wp-json\/wp\/v2\/media?parent=795"}],"wp:term":[{"taxonomy":"category","embeddable":true,"href":"https:\/\/sportowyfyrtel.pl\/2\/wp-json\/wp\/v2\/categories?post=795"},{"taxonomy":"post_tag","embeddable":true,"href":"https:\/\/sportowyfyrtel.pl\/2\/wp-json\/wp\/v2\/tags?post=795"}],"curies":[{"name":"wp","href":"https:\/\/api.w.org\/{rel}","templated":true}]}}