{"id":782,"date":"2023-08-09T15:27:33","date_gmt":"2023-08-09T13:27:33","guid":{"rendered":"https:\/\/sportowyfyrtel.pl\/2\/?p=782"},"modified":"2023-08-09T15:27:33","modified_gmt":"2023-08-09T13:27:33","slug":"15-sierpnia-2023r-dniem-wolnym-od-zajec","status":"publish","type":"post","link":"https:\/\/sportowyfyrtel.pl\/2\/2023\/08\/09\/15-sierpnia-2023r-dniem-wolnym-od-zajec\/","title":{"rendered":"15 sierpnia 2023r, dniem wolnym od zaj\u0119\u0107."},"content":{"rendered":"<p>Szanowni Pa\u0144stwo;<\/p>\n<p>W zwi\u0105zku w du\u017c\u0105 ilo\u015bci\u0105 podobnych pyta\u0144, informujemy, \u017ce w dniu 15 sierpnia 2023 roku, nie b\u0119d\u0105 si\u0119 odbywa\u0107 \u017cadne zaj\u0119cia w ramach prowadzonego programu. Podstawa prawna\u00a0 ustawa \u00a0o dniach wolnych od pracy. (Dz. U. 1951 Nr 4 poz. 28). Serdecznie zapraszamy na zaj\u0119cia ju\u017c od \u015brody!<\/p>\n","protected":false},"excerpt":{"rendered":"<p>Szanowni Pa\u0144stwo; W zwi\u0105zku w du\u017c\u0105 ilo\u015bci\u0105 podobnych pyta\u0144, informujemy, \u017ce w dniu 15 sierpnia 2023 roku, nie b\u0119d\u0105 si\u0119 odbywa\u0107 \u017cadne zaj\u0119cia w ramach prowadzonego programu. Podstawa prawna\u00a0 ustawa \u00a0o dniach wolnych od pracy. (Dz. U. 1951 Nr 4 poz. 28). Serdecznie zapraszamy na zaj\u0119cia ju\u017c od \u015brody! [&#8230;]<\/p>\n<p><a class=\"btn btn-secondary understrap-read-more-link\" href=\"https:\/\/sportowyfyrtel.pl\/2\/2023\/08\/09\/15-sierpnia-2023r-dniem-wolnym-od-zajec\/\">Czytaj dalej\u2026<\/a><\/p>\n","protected":false},"author":3,"featured_media":0,"comment_status":"closed","ping_status":"closed","sticky":false,"template":"","format":"standard","meta":{"footnotes":""},"categories":[1],"tags":[],"_links":{"self":[{"href":"https:\/\/sportowyfyrtel.pl\/2\/wp-json\/wp\/v2\/posts\/782"}],"collection":[{"href":"https:\/\/sportowyfyrtel.pl\/2\/wp-json\/wp\/v2\/posts"}],"about":[{"href":"https:\/\/sportowyfyrtel.pl\/2\/wp-json\/wp\/v2\/types\/post"}],"author":[{"embeddable":true,"href":"https:\/\/sportowyfyrtel.pl\/2\/wp-json\/wp\/v2\/users\/3"}],"replies":[{"embeddable":true,"href":"https:\/\/sportowyfyrtel.pl\/2\/wp-json\/wp\/v2\/comments?post=782"}],"version-history":[{"count":1,"href":"https:\/\/sportowyfyrtel.pl\/2\/wp-json\/wp\/v2\/posts\/782\/revisions"}],"predecessor-version":[{"id":783,"href":"https:\/\/sportowyfyrtel.pl\/2\/wp-json\/wp\/v2\/posts\/782\/revisions\/783"}],"wp:attachment":[{"href":"https:\/\/sportowyfyrtel.pl\/2\/wp-json\/wp\/v2\/media?parent=782"}],"wp:term":[{"taxonomy":"category","embeddable":true,"href":"https:\/\/sportowyfyrtel.pl\/2\/wp-json\/wp\/v2\/categories?post=782"},{"taxonomy":"post_tag","embeddable":true,"href":"https:\/\/sportowyfyrtel.pl\/2\/wp-json\/wp\/v2\/tags?post=782"}],"curies":[{"name":"wp","href":"https:\/\/api.w.org\/{rel}","templated":true}]}}