{"id":780,"date":"2023-08-09T13:46:00","date_gmt":"2023-08-09T11:46:00","guid":{"rendered":"https:\/\/sportowyfyrtel.pl\/2\/?p=780"},"modified":"2023-08-09T13:46:00","modified_gmt":"2023-08-09T11:46:00","slug":"splyw-kajakowy-do-czerwonaka-juz-w-najblizsza-sobote","status":"publish","type":"post","link":"https:\/\/sportowyfyrtel.pl\/2\/2023\/08\/09\/splyw-kajakowy-do-czerwonaka-juz-w-najblizsza-sobote\/","title":{"rendered":"Sp\u0142yw kajakowy do Czerwonaka ju\u017c w najbli\u017csz\u0105 sobot\u0119!"},"content":{"rendered":"<div dir=\"auto\">Ahoj!<\/div>\n<div dir=\"auto\">Serdecznie zapraszamy na sp\u0142yw Wart\u0105, tym razem z Poznania do Czerwonaka. Sp\u0142yw rozpoczynamy<strong> w SOBOT\u0118 12.08.2023r. o godz. 09:30 (zbi\u00f3rka) w POZNANIU na RATAJCH<\/strong> (dok\u0142adne miejsce zostanie przes\u0142ane zakwalifikowanym w osobnym mailu). Sp\u0142awiamy si\u0119 Wart\u0105, bezpieczn\u0105 szerok\u0105 rzek\u0105 bez przenosek. Przewidywany czas oko\u0142o 2,5 godziny a met\u0105 jest Czerwonak. Polecamy zabra\u0107 ze sob\u0105 kie\u0142bask\u0119, troch\u0119 chlebka, ketchup lub musztard\u0119 gdy\u017c po sp\u0142ywie planowane jest ognisko przewidziane na oko\u0142o 1,5 godziny.<\/div>\n<div dir=\"auto\">BARDZO PRZEMY\u015aL PROSZ\u0118 ZG\u0141OSZENIE DWA RAZY ABY NIE BLOKOWA\u0106 MIEJSCA INNYM!<\/div>\n<div dir=\"auto\">Aby zapisa\u0107 si\u0119 na sp\u0142yw musisz wype\u0142ni\u0107 i przes\u0142a\u0107 poni\u017cszy formularz (PONI\u017bEJ).<\/div>\n<div dir=\"auto\"><a class=\"x1i10hfl xjbqb8w x6umtig x1b1mbwd xaqea5y xav7gou x9f619 x1ypdohk xt0psk2 xe8uvvx xdj266r x11i5rnm xat24cr x1mh8g0r xexx8yu x4uap5 x18d9i69 xkhd6sd x16tdsg8 x1hl2dhg xggy1nq x1a2a7pz xt0b8zv x1fey0fg\" tabindex=\"0\" role=\"link\" href=\"https:\/\/forms.gle\/Q8SNdAYmB99uiBLp6?fbclid=IwAR3Tv9IhCcjy_JHDmIZWyFTJVMOIiep1dIsfwUIkFh6oVvj3JUQMBwbbEN4\" target=\"_blank\" rel=\"nofollow noopener noreferrer\">https:\/\/forms.gle\/Q8SNdAYmB99uiBLp6<\/a><\/div>\n<div dir=\"auto\">W nim r\u00f3wnie\u017c wszystkie dodatkowe informacje.<\/div>\n<div dir=\"auto\">Zapraszamy!<\/div>\n<div dir=\"auto\">Projekt \u201eAktywnie i Sportowo \u2013 \u017cycie na kolorowo!\u201d finansowany ze \u015brodk\u00f3w Wydzia\u0142u Sportu Urz\u0119du Miasta Poznania w ramach Pozna\u0144skiego Bud\u017cetu Obywatelskiego 2023 dzi\u0119ki g\u0142osom mieszka\u0144c\u00f3w miasta Poznania<\/div>\n","protected":false},"excerpt":{"rendered":"<p>Ahoj! Serdecznie zapraszamy na sp\u0142yw Wart\u0105, tym razem z Poznania do Czerwonaka. Sp\u0142yw rozpoczynamy w SOBOT\u0118 12.08.2023r. o godz. 09:30 (zbi\u00f3rka) w POZNANIU na RATAJCH (dok\u0142adne miejsce zostanie przes\u0142ane zakwalifikowanym w osobnym mailu). Sp\u0142awiamy si\u0119 Wart\u0105, bezpieczn\u0105 szerok\u0105 rzek\u0105 bez przenosek. Przewidywany czas oko\u0142o 2,5 godziny a met\u0105 jest Czerwonak. Polecamy zabra\u0107 ze sob\u0105 kie\u0142bask\u0119, [&#8230;]<\/p>\n<p><a class=\"btn btn-secondary understrap-read-more-link\" href=\"https:\/\/sportowyfyrtel.pl\/2\/2023\/08\/09\/splyw-kajakowy-do-czerwonaka-juz-w-najblizsza-sobote\/\">Czytaj dalej\u2026<\/a><\/p>\n","protected":false},"author":3,"featured_media":0,"comment_status":"closed","ping_status":"closed","sticky":false,"template":"","format":"standard","meta":{"footnotes":""},"categories":[1],"tags":[],"_links":{"self":[{"href":"https:\/\/sportowyfyrtel.pl\/2\/wp-json\/wp\/v2\/posts\/780"}],"collection":[{"href":"https:\/\/sportowyfyrtel.pl\/2\/wp-json\/wp\/v2\/posts"}],"about":[{"href":"https:\/\/sportowyfyrtel.pl\/2\/wp-json\/wp\/v2\/types\/post"}],"author":[{"embeddable":true,"href":"https:\/\/sportowyfyrtel.pl\/2\/wp-json\/wp\/v2\/users\/3"}],"replies":[{"embeddable":true,"href":"https:\/\/sportowyfyrtel.pl\/2\/wp-json\/wp\/v2\/comments?post=780"}],"version-history":[{"count":1,"href":"https:\/\/sportowyfyrtel.pl\/2\/wp-json\/wp\/v2\/posts\/780\/revisions"}],"predecessor-version":[{"id":781,"href":"https:\/\/sportowyfyrtel.pl\/2\/wp-json\/wp\/v2\/posts\/780\/revisions\/781"}],"wp:attachment":[{"href":"https:\/\/sportowyfyrtel.pl\/2\/wp-json\/wp\/v2\/media?parent=780"}],"wp:term":[{"taxonomy":"category","embeddable":true,"href":"https:\/\/sportowyfyrtel.pl\/2\/wp-json\/wp\/v2\/categories?post=780"},{"taxonomy":"post_tag","embeddable":true,"href":"https:\/\/sportowyfyrtel.pl\/2\/wp-json\/wp\/v2\/tags?post=780"}],"curies":[{"name":"wp","href":"https:\/\/api.w.org\/{rel}","templated":true}]}}