{"id":770,"date":"2023-08-07T15:03:33","date_gmt":"2023-08-07T13:03:33","guid":{"rendered":"https:\/\/sportowyfyrtel.pl\/2\/?p=770"},"modified":"2023-08-07T15:05:04","modified_gmt":"2023-08-07T13:05:04","slug":"wez-udzial-w-wakacyjnej-odslonie-rodzinnych-rajdow-rowerowych","status":"publish","type":"post","link":"https:\/\/sportowyfyrtel.pl\/2\/2023\/08\/07\/wez-udzial-w-wakacyjnej-odslonie-rodzinnych-rajdow-rowerowych\/","title":{"rendered":"We\u017a udzia\u0142 w wakacyjnej ods\u0142onie Rodzinnych Rajd\u00f3w Rowerowych!"},"content":{"rendered":"<div class=\"xdj266r x11i5rnm xat24cr x1mh8g0r x1vvkbs\">\n<p>Po raz kolejny w tym roku mieszka\u0144c\u00f3w pozna\u0144skich osiedli na Rodzinny Rajd Rowerowy!<\/p>\n<p>W sierpniu mamy dla Was trzy propozycje:<br \/>\nSobota 12 sierpnia &#8211; Rajd nr 15 &#8211; start z Winograd &#8211; 09:00 &#8211; dystans standardowo \u0142\u0105cznie ok 30-35 km<br \/>\nNiedziela 13 sierpnia &#8211; Rajd nr 16 &#8211; start z Ogrod\u00f3w &#8211; 09:00 &#8211; dystans standardowo \u0142\u0105cznie ok 30-35 km<br \/>\nWtorek 15 sierpnia &#8211; Rajd nr 17 &#8211; start z Rataj &#8211; 09:30 &#8211; dystans standardowo \u0142\u0105cznie ok 30-35 km<\/p>\n<p>PLAN<br \/>\nSpotykamy si\u0119 w wybranym przez Ciebie dniu (12 sierpnia, 13 sierpnia, 15 sierpnia) i wsp\u00f3lnie wyruszamy na rowerow\u0105 wycieczk\u0119 za miasto. W ramach wycieczki przewidzieli\u015bmy obiad oraz udzia\u0142 w atrakcji (wszystko bezp\u0142atne dla uczestnik\u00f3w wydarzenia).<\/p>\n<p>DLA KOGO<br \/>\nDo uczestnictwa w wydarzeniu uprawnieni s\u0105 mieszka\u0144cy rejon\u00f3w, w kt\u00f3rych realizowany jest projekt Nasz Sportowy Fyrtel (list\u0119 za\u0142\u0105czamy na ko\u0144cu opisu), najm\u0142odsi uczestnicy musz\u0105 jecha\u0107 w przyczepkach lub w fotelikach. Do pokonania mamy tras\u0119 licz\u0105c\u0105 ok 30-35 km.<\/p>\n<p>CZY JA\/MOJE DZIECKO DAM RAD\u0118?<br \/>\n\u015arednie tempo przejazdu to 11-12 km\/h. Doradzamy, aby m\u0142odsze dzieci mia\u0142y ju\u017c za sob\u0105 jakie\u015b d\u0142u\u017csze wycieczki rowerowe (i dobrze dobrany sprz\u0119t &#8211; na dzieci\u0119cym rowerku bez przerzutek mo\u017ce by\u0107 ci\u0119\u017cko pokona\u0107 le\u015bny odcinek).<br \/>\nOdradzamy rowery szosowe &#8211; trasa zawsze przebiega nieutwardzonymi drogami.<\/p>\n<p>CO ZABRA\u0106<br \/>\nZapasowa d\u0119tka, woda, dobry humor, co\u015b na komary, DZIECI i M\u0141ODZIE\u017b OBOWIAZKOWO KASKI<\/p>\n<p>WARUNKI UCZESTNICWA<br \/>\n&#8211; status mieszka\u0144ca osiedla, na kt\u00f3rym realizowany jest projekt Nasz Sportowy Fyrtel<br \/>\n&#8211; wymagane wcze\u015bniejsza rejestracja<br \/>\n&#8211; udzia\u0142 i atrakcje s\u0105 BEZP\u0141ATNE<br \/>\n&#8211; ilo\u015b\u0107 miejsc ograniczona<\/p>\n<p>ZAPISY<br \/>\n&#8211; poprzez formularz &#8211; kliknij i zapisz siebie lub swoj\u0105 ekip\u0119: https:\/\/forms.gle\/ze97sYJYQ89iFyBh6<\/p>\n<p>Rajd organizowany jest w ramach projektu Nasz Sportowy Fyrtel. W przypadku niepogody termin mo\u017ce ulec zmianie. Osoby niepe\u0142noletnie mog\u0105 bra\u0107 udzia\u0142 tylko w obecno\u015bci rodzica\/opiekuna.<\/p>\n<p>Lista rejon\u00f3w Poznania, w kt\u00f3rych dzia\u0142a nasz projekt (i jednocze\u015bnie mieszka\u0144cy tych obszar\u00f3w s\u0105 zaproszeni do udzia\u0142u w wydarzeniu):<br \/>\nFyrtel 1: Nowe Winogrady P\u00f3\u0142noc, Nowe Winogrady Po\u0142udnie, Nowe Winogrady Wsch\u00f3d, Stare Winogrady<br \/>\nFyrtel 2: Kiekrz, Krzy\u017cowniki, Smochowice, Podolany, Strzeszyn<br \/>\nFyrtel 4: G\u0142uszyna, Krzesiny-Pokrzywno-Garaszewo, Staro\u0142\u0119ka- Minikowo-Marlewo, Szczepankowo-Sp\u0142awie-Krzesinki<br \/>\nFyrtel 6: Ogrody, So\u0142acz, Winiary oraz Wola<br \/>\nFyrtel 8: Chartowo, Rataje oraz \u017begrze<br \/>\nFyrtel 10: \u015awierczewo, Wilda oraz Zielony D\u0119biec<br \/>\nFyrtel 11: Fabianowo-Kotowo, G\u00f3rczyn, Junikowo, Kwiatowe, \u0141awica<br \/>\nFyrtel 12: Antoninek-Zieliniec-Kobylepole, G\u0142\u00f3wna, Ostr\u00f3w Tumski-\u015ar\u00f3dka-Zawady-Komandoria, Warszawskie-Pomet-Malta\u0144skie<\/p>\n<p>&nbsp;<\/p>\n<p>PROGRAM NASZ SPORTOWY FYRTEL NA TERENIE REJONU NR 2 PRZEZNACZONY JEST DLA MIESZKA\u0143C\u00d3W KIEKRZA, KRZY\u017bOWNIK \u2013 SMOCHOWIC, PODOLAN ORAZ STRZESZYNA. UDZIA\u0141 W ZAJ\u0118CIACH CZY INNYCH AKTYWNO\u015aCIACH W RAMACH PROGRAMU NASZ SPORTOWY FYRTEL R\u00d3WNOZNACZNY JEST Z AKCEPTACJ\u0104 REGULAMINU PO UZUPE\u0141NIENIU O\u015aWIADCZENIA UCZESTNIKA ZAJ\u0118\u0106, KT\u00d3RE NALE\u017bY PRZED ROZPOCZ\u0118CIEM ZAJ\u0118\u0106 PRZEKAZA\u0106 INSTRUKTOROWI.<\/p>\n<\/div>\n<p><strong><a href=\"http:\/\/sportowyfyrtel.pl\/2\/wp-content\/uploads\/2023\/02\/Oswiadczenie-uczestnika-zajec-sportowych-w-ramach-programu-Nasz-Sportowy-Fyrtel-na-terenie-rejonu-nr-2-1.pdf\">O\u015aWIADCZENIE UCZESTNIKA ZAJ\u0118\u0106 DO POBRANIA<\/a><\/strong><\/p>\n<p>PROBLEMY, PYTANIA I W\u0104TPLIWO\u015aCI: 2@sportowyfyrtel.pl<\/p>\n","protected":false},"excerpt":{"rendered":"<p>Po raz kolejny w tym roku mieszka\u0144c\u00f3w pozna\u0144skich osiedli na Rodzinny Rajd Rowerowy! W sierpniu mamy dla Was trzy propozycje: Sobota 12 sierpnia &#8211; Rajd nr 15 &#8211; start z Winograd &#8211; 09:00 &#8211; dystans standardowo \u0142\u0105cznie ok 30-35 km Niedziela 13 sierpnia &#8211; Rajd nr 16 &#8211; start z Ogrod\u00f3w &#8211; 09:00 &#8211; dystans [&#8230;]<\/p>\n<p><a class=\"btn btn-secondary understrap-read-more-link\" href=\"https:\/\/sportowyfyrtel.pl\/2\/2023\/08\/07\/wez-udzial-w-wakacyjnej-odslonie-rodzinnych-rajdow-rowerowych\/\">Czytaj dalej\u2026<\/a><\/p>\n","protected":false},"author":9,"featured_media":0,"comment_status":"closed","ping_status":"closed","sticky":false,"template":"","format":"standard","meta":{"footnotes":""},"categories":[1],"tags":[],"_links":{"self":[{"href":"https:\/\/sportowyfyrtel.pl\/2\/wp-json\/wp\/v2\/posts\/770"}],"collection":[{"href":"https:\/\/sportowyfyrtel.pl\/2\/wp-json\/wp\/v2\/posts"}],"about":[{"href":"https:\/\/sportowyfyrtel.pl\/2\/wp-json\/wp\/v2\/types\/post"}],"author":[{"embeddable":true,"href":"https:\/\/sportowyfyrtel.pl\/2\/wp-json\/wp\/v2\/users\/9"}],"replies":[{"embeddable":true,"href":"https:\/\/sportowyfyrtel.pl\/2\/wp-json\/wp\/v2\/comments?post=770"}],"version-history":[{"count":3,"href":"https:\/\/sportowyfyrtel.pl\/2\/wp-json\/wp\/v2\/posts\/770\/revisions"}],"predecessor-version":[{"id":773,"href":"https:\/\/sportowyfyrtel.pl\/2\/wp-json\/wp\/v2\/posts\/770\/revisions\/773"}],"wp:attachment":[{"href":"https:\/\/sportowyfyrtel.pl\/2\/wp-json\/wp\/v2\/media?parent=770"}],"wp:term":[{"taxonomy":"category","embeddable":true,"href":"https:\/\/sportowyfyrtel.pl\/2\/wp-json\/wp\/v2\/categories?post=770"},{"taxonomy":"post_tag","embeddable":true,"href":"https:\/\/sportowyfyrtel.pl\/2\/wp-json\/wp\/v2\/tags?post=770"}],"curies":[{"name":"wp","href":"https:\/\/api.w.org\/{rel}","templated":true}]}}