{"id":768,"date":"2023-08-07T15:01:04","date_gmt":"2023-08-07T13:01:04","guid":{"rendered":"https:\/\/sportowyfyrtel.pl\/2\/?p=768"},"modified":"2023-08-07T15:01:04","modified_gmt":"2023-08-07T13:01:04","slug":"super-wycieczka-dla-malych-i-duzych","status":"publish","type":"post","link":"https:\/\/sportowyfyrtel.pl\/2\/2023\/08\/07\/super-wycieczka-dla-malych-i-duzych\/","title":{"rendered":"SUPer wycieczka dla ma\u0142ych i du\u017cych!"},"content":{"rendered":"<p>Zapraszamy na SUPer Wycieczk\u0119 &#8211; czyli zaj\u0119cia na deskach SUP dla pocz\u0105tkuj\u0105cych!<br \/>\nZapewniamy sprz\u0119t (deska, wios\u0142o, kamizelka), podstawowy instrukta\u017c i ma\u0142e szkolenie z zasad bezpiecze\u0144stwa oraz obs\u0142ugi i poruszania si\u0119 deskami SUP.<\/p>\n<p>Plan zaj\u0119\u0107:<br \/>\n1. Zasady bezpiecze\u0144stwa<br \/>\n2. Szkolenie<br \/>\n3. Wodowanie i \u0107wiczenia na wodzie<br \/>\n4. Wsp\u00f3lna wycieczka po Jeziorze Kierskim.<\/p>\n<p>Na Wycieczki zapraszamy nast\u0119puj\u0105ce Fyrtle wed\u0142ug poni\u017cszego planu:<br \/>\nFyrtel 2 &#8211; 10 sierpnia 16:30 lub 18:30<\/p>\n<p>Miejsce: Jezioro Kierskie (pla\u017ca \u0141ab\u0119dzia)<br \/>\nZapisy: poprzez formularz www &#8211; link: https:\/\/forms.gle\/nHmfnmMSDZdYPuw87<\/p>\n<p>Warunki uczestnictwa:<br \/>\n1. Jedna deska = jeden uczestnik lub jeden uczestnik z dzieckiem w wieku 5-10 lat<br \/>\n2. Dzieci w wieku powy\u017cej 10 lat p\u0142ywaj\u0105 samodzielnie.<br \/>\n3. Max waga uczestnika: 110 kg; w przypadku p\u0142ywania z dzieckiem: max suma ich wagi: 130 kg<br \/>\n4. Osoby niepe\u0142noletnie mog\u0105 uczestniczy\u0107 w wydarzeniu tylko pod opiek\u0105 rodzic\u00f3w\/prawnych opiekun\u00f3w (NA DESKACH I WODZIE, nie na l\u0105dzie).<br \/>\n5. Wype\u0142niasz formularz tylko raz. Je\u015bli pope\u0142ni\u0142e\u015b\/a\u015b b\u0142\u0105d &#8211; wype\u0142nij ponownie i w uwagach wpisz informacje o uniewa\u017cnieniu poprzedniego zg\u0142oszenia.<br \/>\n6. Konkretne zaj\u0119cia (dzie\u0144 i godzina) przypisane s\u0105 do danego Fyrtla. Nie ma mozliwo\u015bci zamiany.<\/p>\n<p>PROGRAM NASZ SPORTOWY FYRTEL NA TERENIE REJONU NR 2 PRZEZNACZONY JEST DLA MIESZKA\u0143C\u00d3W KIEKRZA, KRZY\u017bOWNIK \u2013 SMOCHOWIC, PODOLAN ORAZ STRZESZYNA. UDZIA\u0141 W ZAJ\u0118CIACH CZY INNYCH AKTYWNO\u015aCIACH W RAMACH PROGRAMU NASZ SPORTOWY FYRTEL R\u00d3WNOZNACZNY JEST Z AKCEPTACJ\u0104 REGULAMINU PO UZUPE\u0141NIENIU O\u015aWIADCZENIA UCZESTNIKA ZAJ\u0118\u0106, KT\u00d3RE NALE\u017bY PRZED ROZPOCZ\u0118CIEM ZAJ\u0118\u0106 PRZEKAZA\u0106 INSTRUKTOROWI.<\/p>\n<p><strong><a href=\"http:\/\/sportowyfyrtel.pl\/2\/wp-content\/uploads\/2023\/02\/Oswiadczenie-uczestnika-zajec-sportowych-w-ramach-programu-Nasz-Sportowy-Fyrtel-na-terenie-rejonu-nr-2-1.pdf\">O\u015aWIADCZENIE UCZESTNIKA ZAJ\u0118\u0106 DO POBRANIA<\/a><\/strong><\/p>\n<p>PROBLEMY, PYTANIA I W\u0104TPLIWO\u015aCI: 2@sportowyfyrtel.pl<\/p>\n","protected":false},"excerpt":{"rendered":"<p>Zapraszamy na SUPer Wycieczk\u0119 &#8211; czyli zaj\u0119cia na deskach SUP dla pocz\u0105tkuj\u0105cych! Zapewniamy sprz\u0119t (deska, wios\u0142o, kamizelka), podstawowy instrukta\u017c i ma\u0142e szkolenie z zasad bezpiecze\u0144stwa oraz obs\u0142ugi i poruszania si\u0119 deskami SUP. Plan zaj\u0119\u0107: 1. Zasady bezpiecze\u0144stwa 2. Szkolenie 3. Wodowanie i \u0107wiczenia na wodzie 4. Wsp\u00f3lna wycieczka po Jeziorze Kierskim. Na Wycieczki zapraszamy nast\u0119puj\u0105ce [&#8230;]<\/p>\n<p><a class=\"btn btn-secondary understrap-read-more-link\" href=\"https:\/\/sportowyfyrtel.pl\/2\/2023\/08\/07\/super-wycieczka-dla-malych-i-duzych\/\">Czytaj dalej\u2026<\/a><\/p>\n","protected":false},"author":9,"featured_media":0,"comment_status":"closed","ping_status":"closed","sticky":false,"template":"","format":"standard","meta":{"footnotes":""},"categories":[1],"tags":[],"_links":{"self":[{"href":"https:\/\/sportowyfyrtel.pl\/2\/wp-json\/wp\/v2\/posts\/768"}],"collection":[{"href":"https:\/\/sportowyfyrtel.pl\/2\/wp-json\/wp\/v2\/posts"}],"about":[{"href":"https:\/\/sportowyfyrtel.pl\/2\/wp-json\/wp\/v2\/types\/post"}],"author":[{"embeddable":true,"href":"https:\/\/sportowyfyrtel.pl\/2\/wp-json\/wp\/v2\/users\/9"}],"replies":[{"embeddable":true,"href":"https:\/\/sportowyfyrtel.pl\/2\/wp-json\/wp\/v2\/comments?post=768"}],"version-history":[{"count":1,"href":"https:\/\/sportowyfyrtel.pl\/2\/wp-json\/wp\/v2\/posts\/768\/revisions"}],"predecessor-version":[{"id":769,"href":"https:\/\/sportowyfyrtel.pl\/2\/wp-json\/wp\/v2\/posts\/768\/revisions\/769"}],"wp:attachment":[{"href":"https:\/\/sportowyfyrtel.pl\/2\/wp-json\/wp\/v2\/media?parent=768"}],"wp:term":[{"taxonomy":"category","embeddable":true,"href":"https:\/\/sportowyfyrtel.pl\/2\/wp-json\/wp\/v2\/categories?post=768"},{"taxonomy":"post_tag","embeddable":true,"href":"https:\/\/sportowyfyrtel.pl\/2\/wp-json\/wp\/v2\/tags?post=768"}],"curies":[{"name":"wp","href":"https:\/\/api.w.org\/{rel}","templated":true}]}}