{"id":763,"date":"2023-08-05T09:43:51","date_gmt":"2023-08-05T07:43:51","guid":{"rendered":"https:\/\/sportowyfyrtel.pl\/2\/?p=763"},"modified":"2023-08-05T09:45:29","modified_gmt":"2023-08-05T07:45:29","slug":"docen-program-nasz-sportowy-fyrtel-i-oddaj-glos-na-nasz-projekt-w-konkursie-inicjatory-2022","status":"publish","type":"post","link":"https:\/\/sportowyfyrtel.pl\/2\/2023\/08\/05\/docen-program-nasz-sportowy-fyrtel-i-oddaj-glos-na-nasz-projekt-w-konkursie-inicjatory-2022\/","title":{"rendered":"Doce\u0144 program Nasz Sportowy Fyrtel i oddaj g\u0142os na nasz projekt w konkursie Inicjatory 2022!"},"content":{"rendered":"<p>Ruszy\u0142o g\u0142osowanie mieszkanek i mieszka\u0144c\u00f3w w VIII edycji Konkursu Inicjatory 2022. Od 1 sierpnia do 17 sierpnia 2023 roku trwa\u0107 b\u0119dzie g\u0142osowanie mieszkanek i mieszka\u0144c\u00f3w stolicy Wielkopolski w konkursie Inicjatory 2022. Ide\u0105 konkursu jest uhonorowanie najlepszych inicjatyw pozarz\u0105dowych organizowanych na rzecz miasta i mieszka\u0144c\u00f3w Poznania w 2022 roku, a tak\u017ce promowanie dzia\u0142a\u0144 obywatelskich skierowanych do spo\u0142eczno\u015bci lokalnych.<\/p>\n<p>O tym, kto zostanie Inicjatorem Mieszka\u0144c\u00f3w i otrzyma 5000 z\u0142, zdecydujecie Wy! Ka\u017cdy mo\u017ce odda\u0107 jeden g\u0142os na jedn\u0105 INICJATYW\u0118 zg\u0142oszon\u0105 do konkursu.<\/p>\n<p>Rozstrzygni\u0119cie konkursu nast\u0105pi 3 wrze\u015bnia br. w trakcie Pozna\u0144skiego Targu Dobra, kt\u00f3ry odb\u0119dzie si\u0119 w Starym Zoo w Poznaniu. Opr\u00f3cz nagrody mieszka\u0144c\u00f3w poznamy zwyci\u0119zc\u00f3w i wyr\u00f3\u017cnionych w nast\u0119puj\u0105cych kategoriach: Inicjator Wspieraj\u0105cy, Inicjator Aktywizuj\u0105cy, Inicjator Nowatorski oraz Inicjator Roku.<\/p>\n<p>Doce\u0144 program Nasz Sportowy Fyrtel i oddaj g\u0142os na nasz projekt w konkursie Inicjatory 2022 pod poni\u017cszym linkiem:\u00a0<a href=\"https:\/\/www.poznan.pl\/mim\/ngo\/glosowanie-inicjatywy-pozarzadowe\/zaglosuj-na-najlepsza-poznanska-inicjatywe-pozarzadowa-inicjatory-2022,207684.html\">TUTAJ!<\/a><\/p>\n<p>PROGRAM NASZ SPORTOWY FYRTEL NA TERENIE REJONU NR 2 PRZEZNACZONY JEST DLA MIESZKA\u0143C\u00d3W KIEKRZA, KRZY\u017bOWNIK \u2013 SMOCHOWIC, PODOLAN ORAZ STRZESZYNA. UDZIA\u0141 W ZAJ\u0118CIACH CZY INNYCH AKTYWNO\u015aCIACH W RAMACH PROGRAMU NASZ SPORTOWY FYRTEL R\u00d3WNOZNACZNY JEST Z AKCEPTACJ\u0104 REGULAMINU PO UZUPE\u0141NIENIU O\u015aWIADCZENIA UCZESTNIKA ZAJ\u0118\u0106, KT\u00d3RE NALE\u017bY PRZED ROZPOCZ\u0118CIEM ZAJ\u0118\u0106 PRZEKAZA\u0106 INSTRUKTOROWI.<\/p>\n<p><strong><a href=\"http:\/\/sportowyfyrtel.pl\/2\/wp-content\/uploads\/2023\/02\/Oswiadczenie-uczestnika-zajec-sportowych-w-ramach-programu-Nasz-Sportowy-Fyrtel-na-terenie-rejonu-nr-2-1.pdf\">O\u015aWIADCZENIE UCZESTNIKA ZAJ\u0118\u0106 DO POBRANIA<\/a><\/strong><\/p>\n<p>PROBLEMY, PYTANIA I W\u0104TPLIWO\u015aCI: 2@sportowyfyrtel.pl<\/p>\n<p>&nbsp;<\/p>\n","protected":false},"excerpt":{"rendered":"<p>Ruszy\u0142o g\u0142osowanie mieszkanek i mieszka\u0144c\u00f3w w VIII edycji Konkursu Inicjatory 2022. Od 1 sierpnia do 17 sierpnia 2023 roku trwa\u0107 b\u0119dzie g\u0142osowanie mieszkanek i mieszka\u0144c\u00f3w stolicy Wielkopolski w konkursie Inicjatory 2022. Ide\u0105 konkursu jest uhonorowanie najlepszych inicjatyw pozarz\u0105dowych organizowanych na rzecz miasta i mieszka\u0144c\u00f3w Poznania w 2022 roku, a tak\u017ce promowanie dzia\u0142a\u0144 obywatelskich skierowanych do [&#8230;]<\/p>\n<p><a class=\"btn btn-secondary understrap-read-more-link\" href=\"https:\/\/sportowyfyrtel.pl\/2\/2023\/08\/05\/docen-program-nasz-sportowy-fyrtel-i-oddaj-glos-na-nasz-projekt-w-konkursie-inicjatory-2022\/\">Czytaj dalej\u2026<\/a><\/p>\n","protected":false},"author":9,"featured_media":0,"comment_status":"closed","ping_status":"closed","sticky":false,"template":"","format":"standard","meta":{"footnotes":""},"categories":[1],"tags":[],"_links":{"self":[{"href":"https:\/\/sportowyfyrtel.pl\/2\/wp-json\/wp\/v2\/posts\/763"}],"collection":[{"href":"https:\/\/sportowyfyrtel.pl\/2\/wp-json\/wp\/v2\/posts"}],"about":[{"href":"https:\/\/sportowyfyrtel.pl\/2\/wp-json\/wp\/v2\/types\/post"}],"author":[{"embeddable":true,"href":"https:\/\/sportowyfyrtel.pl\/2\/wp-json\/wp\/v2\/users\/9"}],"replies":[{"embeddable":true,"href":"https:\/\/sportowyfyrtel.pl\/2\/wp-json\/wp\/v2\/comments?post=763"}],"version-history":[{"count":4,"href":"https:\/\/sportowyfyrtel.pl\/2\/wp-json\/wp\/v2\/posts\/763\/revisions"}],"predecessor-version":[{"id":767,"href":"https:\/\/sportowyfyrtel.pl\/2\/wp-json\/wp\/v2\/posts\/763\/revisions\/767"}],"wp:attachment":[{"href":"https:\/\/sportowyfyrtel.pl\/2\/wp-json\/wp\/v2\/media?parent=763"}],"wp:term":[{"taxonomy":"category","embeddable":true,"href":"https:\/\/sportowyfyrtel.pl\/2\/wp-json\/wp\/v2\/categories?post=763"},{"taxonomy":"post_tag","embeddable":true,"href":"https:\/\/sportowyfyrtel.pl\/2\/wp-json\/wp\/v2\/tags?post=763"}],"curies":[{"name":"wp","href":"https:\/\/api.w.org\/{rel}","templated":true}]}}