{"id":732,"date":"2023-07-06T20:17:31","date_gmt":"2023-07-06T18:17:31","guid":{"rendered":"https:\/\/sportowyfyrtel.pl\/2\/?p=732"},"modified":"2023-07-06T20:18:44","modified_gmt":"2023-07-06T18:18:44","slug":"rodzinny-fyrtel-czyli-wspolna-aktywnosc-dla-rodzicow-oraz-dzieci-od-4-lat","status":"publish","type":"post","link":"https:\/\/sportowyfyrtel.pl\/2\/2023\/07\/06\/rodzinny-fyrtel-czyli-wspolna-aktywnosc-dla-rodzicow-oraz-dzieci-od-4-lat\/","title":{"rendered":"Rodzinny Fyrtel czyli wsp\u00f3lna aktywno\u015b\u0107 dla rodzic\u00f3w oraz dzieci od 4 lat!"},"content":{"rendered":"<p>Czo\u0142em Fyrtel nr 2! Nie zwalniamy tempa i zapraszamy dzieci, m\u0142odzie\u017c, doros\u0142ych i senior\u00f3w zamieszkuj\u0105cych rejon Kiekrz, Krzy\u017cowniki \u2013 Smochowice, Podolany oraz Strzeszyn do udzia\u0142u w darmowych zaj\u0119ciach sportowych, kt\u00f3re w wyniku wsp\u00f3\u0142pracy z Radami Osiedla po raz pierwszy ale mamy nadziej\u0119 nie ostatni goszcz\u0105 na terenie Waszego rejonu! Zapewniamy, \u017ce ka\u017cdy z Was znajdzie co\u015b dla siebie z aktualnie dost\u0119pnych przesz\u0142o 80 godzin darmowych zaj\u0119\u0107 z kt\u00f3rych skorzysta\u0142o ju\u017c przesz\u0142o 1200 uczestnik\u00f3w!<\/p>\n<p><strong>Rodzinny Fyrtel<\/strong><strong><br \/>\n<\/strong>Rodzinny Fyrtel to wsp\u00f3lna aktywno\u015b\u0107 sportowo &#8211; rekreacyjna dla ca\u0142ych rodzin, oparta na zaj\u0119ciach w formie gier i zabaw ruchowych z elementami motoryki, gimnastyki i koordynacji wzrokowo &#8211; ruchowej dla rodzic\u00f3w z dzie\u0107mi od 4 lat. Rozbudzamy w dzieciach oraz rodzicach ducha zdrowej, sportowej rywalizacji. Zara\u017camy najm\u0142odszych pasj\u0105 do aktywnego trybu \u017cycia. Uczymy pracy w grupie poprzez zabaw\u0119. Motywujemy do efektywnego treningu i wdra\u017cania zdrowych nawyk\u00f3w w codziennym \u017cyciu.<\/p>\n<p>Lokalizacja: Zesp\u00f3\u0142 Szkolno-Przedszkolny nr 15 przy ul. Druskienickiej 32<br \/>\nTermin: soboty w godzinach 9:00 &#8211; 10:00<\/p>\n<p>Lokalizacja: Kompleks sportowo &#8211; rekreacyjny przy ul. Krajeneckiej<br \/>\nTermin: soboty w godzinach 10:30 &#8211; 11:30<\/p>\n<p>Lokalizacja: Szko\u0142a Podstawowa nr 28 przy ul. Chojnickiej 57<br \/>\nTermin: niedziele w godzinach 9:00 &#8211; 10:00<\/p>\n<p>Lokalizacja: Kompleks sportowo &#8211; rekreacyjny przy ul. Braniewskiej 23<br \/>\nTermin: niedziele w godzinach 10:30 &#8211; 11:30<\/p>\n<p>Zapisy: e-mail &#8211; bluesportsevent@gmail.com<br \/>\nStart: 15 lipca<\/p>\n<p>PROGRAM NASZ SPORTOWY FYRTEL NA TERENIE REJONU NR 2 PRZEZNACZONY JEST DLA MIESZKA\u0143C\u00d3W KIEKRZA, KRZY\u017bOWNIK &#8211; SMOCHOWIC, PODOLAN ORAZ STRZESZYNA. UDZIA\u0141 W ZAJ\u0118CIACH CZY INNYCH AKTYWNO\u015aCIACH W RAMACH PROGRAMU NASZ SPORTOWY FYRTEL R\u00d3WNOZNACZNY JEST Z AKCEPTACJ\u0104 REGULAMINU PO UZUPE\u0141NIENIU O\u015aWIADCZENIA UCZESTNIKA ZAJ\u0118\u0106, KT\u00d3RE NALE\u017bY PRZED ROZPOCZ\u0118CIEM ZAJ\u0118\u0106 PRZEKAZA\u0106 INSTRUKTOROWI.<\/p>\n<p><strong><a href=\"http:\/\/sportowyfyrtel.pl\/2\/wp-content\/uploads\/2023\/02\/Oswiadczenie-uczestnika-zajec-sportowych-w-ramach-programu-Nasz-Sportowy-Fyrtel-na-terenie-rejonu-nr-2-1.pdf\">O\u015aWIADCZENIE UCZESTNIKA ZAJ\u0118\u0106 DO POBRANIA<\/a><\/strong><\/p>\n<p>PROBLEMY, PYTANIA I W\u0104TPLIWO\u015aCI: 2@sportowyfyrtel.pl<\/p>\n","protected":false},"excerpt":{"rendered":"<p>Czo\u0142em Fyrtel nr 2! Nie zwalniamy tempa i zapraszamy dzieci, m\u0142odzie\u017c, doros\u0142ych i senior\u00f3w zamieszkuj\u0105cych rejon Kiekrz, Krzy\u017cowniki \u2013 Smochowice, Podolany oraz Strzeszyn do udzia\u0142u w darmowych zaj\u0119ciach sportowych, kt\u00f3re w wyniku wsp\u00f3\u0142pracy z Radami Osiedla po raz pierwszy ale mamy nadziej\u0119 nie ostatni goszcz\u0105 na terenie Waszego rejonu! Zapewniamy, \u017ce ka\u017cdy z Was znajdzie [&#8230;]<\/p>\n<p><a class=\"btn btn-secondary understrap-read-more-link\" href=\"https:\/\/sportowyfyrtel.pl\/2\/2023\/07\/06\/rodzinny-fyrtel-czyli-wspolna-aktywnosc-dla-rodzicow-oraz-dzieci-od-4-lat\/\">Czytaj dalej\u2026<\/a><\/p>\n","protected":false},"author":9,"featured_media":0,"comment_status":"closed","ping_status":"closed","sticky":false,"template":"","format":"standard","meta":{"footnotes":""},"categories":[1],"tags":[],"_links":{"self":[{"href":"https:\/\/sportowyfyrtel.pl\/2\/wp-json\/wp\/v2\/posts\/732"}],"collection":[{"href":"https:\/\/sportowyfyrtel.pl\/2\/wp-json\/wp\/v2\/posts"}],"about":[{"href":"https:\/\/sportowyfyrtel.pl\/2\/wp-json\/wp\/v2\/types\/post"}],"author":[{"embeddable":true,"href":"https:\/\/sportowyfyrtel.pl\/2\/wp-json\/wp\/v2\/users\/9"}],"replies":[{"embeddable":true,"href":"https:\/\/sportowyfyrtel.pl\/2\/wp-json\/wp\/v2\/comments?post=732"}],"version-history":[{"count":4,"href":"https:\/\/sportowyfyrtel.pl\/2\/wp-json\/wp\/v2\/posts\/732\/revisions"}],"predecessor-version":[{"id":736,"href":"https:\/\/sportowyfyrtel.pl\/2\/wp-json\/wp\/v2\/posts\/732\/revisions\/736"}],"wp:attachment":[{"href":"https:\/\/sportowyfyrtel.pl\/2\/wp-json\/wp\/v2\/media?parent=732"}],"wp:term":[{"taxonomy":"category","embeddable":true,"href":"https:\/\/sportowyfyrtel.pl\/2\/wp-json\/wp\/v2\/categories?post=732"},{"taxonomy":"post_tag","embeddable":true,"href":"https:\/\/sportowyfyrtel.pl\/2\/wp-json\/wp\/v2\/tags?post=732"}],"curies":[{"name":"wp","href":"https:\/\/api.w.org\/{rel}","templated":true}]}}