{"id":730,"date":"2023-07-06T19:29:08","date_gmt":"2023-07-06T17:29:08","guid":{"rendered":"https:\/\/sportowyfyrtel.pl\/2\/?p=730"},"modified":"2023-07-06T19:29:08","modified_gmt":"2023-07-06T17:29:08","slug":"zapraszamy-do-udzialu-w-turnieju-pilki-noznej-podolany-cup-2023","status":"publish","type":"post","link":"https:\/\/sportowyfyrtel.pl\/2\/2023\/07\/06\/zapraszamy-do-udzialu-w-turnieju-pilki-noznej-podolany-cup-2023\/","title":{"rendered":"Zapraszamy do udzia\u0142u w turnieju pi\u0142ki no\u017cnej Podolany Cup 2023!"},"content":{"rendered":"<p>Ju\u017c 12 sierpnia br. zapraszamy na I Osiedlowy Turniej Pi\u0142ki No\u017cnej &#8222;Podolany CUP 2023&#8221;, kt\u00f3ry odb\u0119dzie si\u0119 na terenie Szko\u0142y Podstawowej nr 62 przy ul. Druskienickiej 32.<\/p>\n<p>Nie zwlekaj i ju\u017c teraz zg\u0142o\u015b swoj\u0105 dru\u017cyn\u0119 do udzia\u0142u w tym sportowym wydarzeniu! <\/p>\n<p>Zasady s\u0105 proste:<br \/>\n\u26bd\ufe0f Maksymalnie w turnieju mo\u017ce wzi\u0105\u0107 udzia\u0142 6 zespo\u0142\u00f3w<br \/>\n\u26bd\ufe0f Ka\u017cdy zesp\u00f3\u0142 musi zg\u0142osi\u0107 co najmniej 6 os\u00f3b (w tym bramkarz)<br \/>\n\u26bd\ufe0f Dru\u017cyna mo\u017ce sk\u0142ada\u0107 si\u0119 maksymalnie z 10 os\u00f3b<br \/>\n\u26bd\ufe0f Udzia\u0142 w turnieju przeznaczony jest dla os\u00f3b w wieku 16+<br \/>\n\u26bd\ufe0f Zapisy s\u0105 darmowe<br \/>\n\u26bd\ufe0f Warunkiem uczestnictwa jest zg\u0142oszenie zespo\u0142u podaj\u0105c jego nazw\u0119 oraz list\u0119 zawodnik\u00f3w (numery zawodnik\u00f3w oraz wiek mile widziane) na adres e-mail futbol.podolany@gmail.com<\/p>\n<p>Szczeg\u00f3\u0142owe informacje o turnieju udzielane s\u0105 pod numerem telefonu +48 787 714 306.<\/p>\n<p>Wydarzenie zorganizowane przez CIL Podolany w ramach inicjatywy oddolnej mieszka\u0144c\u00f3w przy wsp\u00f3\u0142pracy z Nasz Sportowy Fyrtel oraz Szko\u0142a Podstawowa nr 62 w Zespole Szkolno-Przedszkolnym nr 15 w Poznaniu.<\/p>\n<p>Fundatorami nagr\u00f3d rzeczowych dla uczestnik\u00f3w s\u0105 firmy SPAR oraz Pekabex.<\/p>\n<p>Rozgrzewka za nami, nie zapomnijcie o aktywno\u015bci w naszych mediach spo\u0142eczno\u015bciowych, kt\u00f3ra pozwoli nam pokaza\u0107, \u017ce Kiekrz, Krzy\u017cowniki &#8211; Smochowice, Strzeszyn i Podolany te\u017c chc\u0105 uprawia\u0107 sport!<\/p>\n","protected":false},"excerpt":{"rendered":"<p>Ju\u017c 12 sierpnia br. zapraszamy na I Osiedlowy Turniej Pi\u0142ki No\u017cnej &#8222;Podolany CUP 2023&#8221;, kt\u00f3ry odb\u0119dzie si\u0119 na terenie Szko\u0142y Podstawowej nr 62 przy ul. Druskienickiej 32. Nie zwlekaj i ju\u017c teraz zg\u0142o\u015b swoj\u0105 dru\u017cyn\u0119 do udzia\u0142u w tym sportowym wydarzeniu! Zasady s\u0105 proste: \u26bd\ufe0f Maksymalnie w turnieju mo\u017ce wzi\u0105\u0107 udzia\u0142 6 zespo\u0142\u00f3w \u26bd\ufe0f Ka\u017cdy [&#8230;]<\/p>\n<p><a class=\"btn btn-secondary understrap-read-more-link\" href=\"https:\/\/sportowyfyrtel.pl\/2\/2023\/07\/06\/zapraszamy-do-udzialu-w-turnieju-pilki-noznej-podolany-cup-2023\/\">Czytaj dalej\u2026<\/a><\/p>\n","protected":false},"author":9,"featured_media":0,"comment_status":"closed","ping_status":"closed","sticky":false,"template":"","format":"standard","meta":{"footnotes":""},"categories":[1],"tags":[],"_links":{"self":[{"href":"https:\/\/sportowyfyrtel.pl\/2\/wp-json\/wp\/v2\/posts\/730"}],"collection":[{"href":"https:\/\/sportowyfyrtel.pl\/2\/wp-json\/wp\/v2\/posts"}],"about":[{"href":"https:\/\/sportowyfyrtel.pl\/2\/wp-json\/wp\/v2\/types\/post"}],"author":[{"embeddable":true,"href":"https:\/\/sportowyfyrtel.pl\/2\/wp-json\/wp\/v2\/users\/9"}],"replies":[{"embeddable":true,"href":"https:\/\/sportowyfyrtel.pl\/2\/wp-json\/wp\/v2\/comments?post=730"}],"version-history":[{"count":1,"href":"https:\/\/sportowyfyrtel.pl\/2\/wp-json\/wp\/v2\/posts\/730\/revisions"}],"predecessor-version":[{"id":731,"href":"https:\/\/sportowyfyrtel.pl\/2\/wp-json\/wp\/v2\/posts\/730\/revisions\/731"}],"wp:attachment":[{"href":"https:\/\/sportowyfyrtel.pl\/2\/wp-json\/wp\/v2\/media?parent=730"}],"wp:term":[{"taxonomy":"category","embeddable":true,"href":"https:\/\/sportowyfyrtel.pl\/2\/wp-json\/wp\/v2\/categories?post=730"},{"taxonomy":"post_tag","embeddable":true,"href":"https:\/\/sportowyfyrtel.pl\/2\/wp-json\/wp\/v2\/tags?post=730"}],"curies":[{"name":"wp","href":"https:\/\/api.w.org\/{rel}","templated":true}]}}