{"id":709,"date":"2023-06-28T19:16:24","date_gmt":"2023-06-28T17:16:24","guid":{"rendered":"https:\/\/sportowyfyrtel.pl\/2\/?p=709"},"modified":"2023-06-28T19:18:34","modified_gmt":"2023-06-28T17:18:34","slug":"mieszkancy-rejonu-nr-2-zapoznajcie-sie-z-wakacyjnym-harmonogramem-zajec","status":"publish","type":"post","link":"https:\/\/sportowyfyrtel.pl\/2\/2023\/06\/28\/mieszkancy-rejonu-nr-2-zapoznajcie-sie-z-wakacyjnym-harmonogramem-zajec\/","title":{"rendered":"Mieszka\u0144cy rejonu nr 2 zapoznajcie si\u0119 z wakacyjnym harmonogramem zaj\u0119\u0107!"},"content":{"rendered":"<p>Serwus Fyrtel nr 2!<br \/>\nNasz Sportowy Fyrtel na terenie rejonu nr 2 dzia\u0142a ju\u017c pe\u0142n\u0105 par\u0105, jednak pami\u0119tajcie, \u017ce w lipcu oraz sierpniu termin czy miejsce organizacji cz\u0119\u015bci zaj\u0119\u0107 ze wzgl\u0119d\u00f3w logistycznych ulegnie zmianie! Dlatego pami\u0119tajcie, \u017ce zgodnie z wcze\u015bniejszymi informacjami aktualny harmonogram zaj\u0119\u0107 w bie\u017c\u0105cym i kolejny tygodniu, kt\u00f3re realizowane s\u0105 w ramach naszego projektu dost\u0119pny jest tylko i wy\u0142\u0105cznie na stronie internetowej programu w zak\u0142adce Godziny zaj\u0119\u0107. Zalecamy przed wyj\u015bciem z domu sprawdzi\u0107 czy poszczeg\u00f3lne zaj\u0119cia odbywaj\u0105 si\u0119 w danym dniu, poniewa\u017c w przypadku odwo\u0142ania zaj\u0119\u0107 przez trenera lub instruktora niestety nie zawsze maj\u0105 oni mo\u017cliwo\u015b\u0107 przekazania informacji ka\u017cdemu z uczestnik\u00f3w poprzez wiadomo\u015b\u0107 SMS czy komunikat w grupie rejonu nr 2, a plan bywa jedyn\u0105 dost\u0119pn\u0105 form\u0105 komunikacji z uczestnikami naszych zaj\u0119\u0107.<\/p>\n<p>Ponadto w imieniu trener\u00f3w, instruktor\u00f3w czy zespo\u0142u odpowiedzialnego za realizacj\u0119 naszego programu \u017cyczymy aktywnego i bezpiecznego wypoczynku!<\/p>\n","protected":false},"excerpt":{"rendered":"<p>Serwus Fyrtel nr 2! Nasz Sportowy Fyrtel na terenie rejonu nr 2 dzia\u0142a ju\u017c pe\u0142n\u0105 par\u0105, jednak pami\u0119tajcie, \u017ce w lipcu oraz sierpniu termin czy miejsce organizacji cz\u0119\u015bci zaj\u0119\u0107 ze wzgl\u0119d\u00f3w logistycznych ulegnie zmianie! Dlatego pami\u0119tajcie, \u017ce zgodnie z wcze\u015bniejszymi informacjami aktualny harmonogram zaj\u0119\u0107 w bie\u017c\u0105cym i kolejny tygodniu, kt\u00f3re realizowane s\u0105 w ramach naszego [&#8230;]<\/p>\n<p><a class=\"btn btn-secondary understrap-read-more-link\" href=\"https:\/\/sportowyfyrtel.pl\/2\/2023\/06\/28\/mieszkancy-rejonu-nr-2-zapoznajcie-sie-z-wakacyjnym-harmonogramem-zajec\/\">Czytaj dalej\u2026<\/a><\/p>\n","protected":false},"author":9,"featured_media":0,"comment_status":"closed","ping_status":"closed","sticky":false,"template":"","format":"standard","meta":{"footnotes":""},"categories":[1],"tags":[],"_links":{"self":[{"href":"https:\/\/sportowyfyrtel.pl\/2\/wp-json\/wp\/v2\/posts\/709"}],"collection":[{"href":"https:\/\/sportowyfyrtel.pl\/2\/wp-json\/wp\/v2\/posts"}],"about":[{"href":"https:\/\/sportowyfyrtel.pl\/2\/wp-json\/wp\/v2\/types\/post"}],"author":[{"embeddable":true,"href":"https:\/\/sportowyfyrtel.pl\/2\/wp-json\/wp\/v2\/users\/9"}],"replies":[{"embeddable":true,"href":"https:\/\/sportowyfyrtel.pl\/2\/wp-json\/wp\/v2\/comments?post=709"}],"version-history":[{"count":2,"href":"https:\/\/sportowyfyrtel.pl\/2\/wp-json\/wp\/v2\/posts\/709\/revisions"}],"predecessor-version":[{"id":711,"href":"https:\/\/sportowyfyrtel.pl\/2\/wp-json\/wp\/v2\/posts\/709\/revisions\/711"}],"wp:attachment":[{"href":"https:\/\/sportowyfyrtel.pl\/2\/wp-json\/wp\/v2\/media?parent=709"}],"wp:term":[{"taxonomy":"category","embeddable":true,"href":"https:\/\/sportowyfyrtel.pl\/2\/wp-json\/wp\/v2\/categories?post=709"},{"taxonomy":"post_tag","embeddable":true,"href":"https:\/\/sportowyfyrtel.pl\/2\/wp-json\/wp\/v2\/tags?post=709"}],"curies":[{"name":"wp","href":"https:\/\/api.w.org\/{rel}","templated":true}]}}