{"id":701,"date":"2023-06-09T10:42:23","date_gmt":"2023-06-09T08:42:23","guid":{"rendered":"https:\/\/sportowyfyrtel.pl\/2\/?p=701"},"modified":"2023-06-09T10:43:37","modified_gmt":"2023-06-09T08:43:37","slug":"zajecia-typu-deska-sup-i-windsurfing-dla-mieszkancow-rejonu-nr-2-startuja-na-terenie-jeziora-kierskiego","status":"publish","type":"post","link":"https:\/\/sportowyfyrtel.pl\/2\/2023\/06\/09\/zajecia-typu-deska-sup-i-windsurfing-dla-mieszkancow-rejonu-nr-2-startuja-na-terenie-jeziora-kierskiego\/","title":{"rendered":"Z\u0105j\u0119cia typu Deska SUP i Windsurfing dla mieszka\u0144c\u00f3w rejonu nr 2 startuj\u0105 na terenie Jeziora Kierskiego!"},"content":{"rendered":"<p>Czo\u0142em Fyrtel nr 2! Nie zwalniamy tempa i zapraszamy dzieci, m\u0142odzie\u017c, doros\u0142ych i senior\u00f3w zamieszkuj\u0105cych rejon Kiekrz, Krzy\u017cowniki \u2013 Smochowice, Podolany oraz Strzeszyn do udzia\u0142u w darmowych zaj\u0119ciach sportowych, kt\u00f3re w wyniku wsp\u00f3\u0142pracy z Radami Osiedla po raz pierwszy ale mamy nadziej\u0119 nie ostatni goszcz\u0105 na terenie Waszego rejonu! Zapewniamy, \u017ce ka\u017cdy z Was znajdzie co\u015b dla siebie z aktualnie dost\u0119pnych przesz\u0142o 80 godzin darmowych zaj\u0119\u0107 z kt\u00f3rych skorzysta\u0142o ju\u017c przesz\u0142o 1200 uczestnik\u00f3w!<\/p>\n<p>&nbsp;<\/p>\n<div>\n<div class=\"x1e56ztr\"><span class=\"x193iq5w xeuugli x13faqbe x1vvkbs xlh3980 xvmahel x1n0sxbx x6prxxf xvq8zen xo1l8bm xzsf02u\"><b>DESKA SUP DLA DZIECI I M\u0141ODZIE\u017bY<\/b><\/span><\/div>\n<div><\/div>\n<div class=\"x1e56ztr\"><span class=\"x193iq5w xeuugli x13faqbe x1vvkbs xlh3980 xvmahel x1n0sxbx x6prxxf xvq8zen xo1l8bm xzsf02u\">Animacja czasu wolnego dla dzieci i m\u0142odzie\u017cy na deskach SUP w letniej bazie sport\u00f3w wodnych Fundacji Just4Fit w Kiekrzu. Zapraszamy wszystkich ma\u0142ych mi\u0142o\u015bnik\u00f3w sportowych zabaw na sp\u0119dzenie czasu z kadr\u0105 fundacji na deskach SUP. Zabawa po\u0142\u0105czona z nauk\u0105, a przy tym integracja na wodzie. Pierwsza cz\u0119\u015b\u0107 szkolenia to merytoryka. Zanim wejdziemy na wod\u0119 przeka\u017cemy Ci wszystkie niezb\u0119dne informacje na l\u0105dzie. Wprowadzimy Ci\u0119 w SUP \u015bwiat od opowiedzenia Ci jakie s\u0105 rodzaje desek oraz wiose\u0142, w jaki spos\u00f3b s\u0105 zbudowane oraz czym si\u0119 r\u00f3\u017cni\u0105. Otrzymasz od nas podstawowe informacje na temat tego w jaki spos\u00f3b obchodzi\u0107 si\u0119 z desk\u0105 oraz o ni\u0105 dba\u0107. W tym bloku zaj\u0119\u0107 otrzymasz r\u00f3wnie\u017c podstawowe informacje na temat zasad bezpiecze\u0144stwa oraz przepis\u00f3w zwi\u0105zanych z poruszaniem si\u0119 na desce SUP, kt\u00f3re b\u0119dziemy dalej rozwija\u0107 podczas cz\u0119\u015bci praktycznej. Kolejnym punktem b\u0119dzie nauka wstawania i wios\u0142owania na sucho, tak aby\u015b wiedzia\u0142 co czeka Cie na wodzie. Podczas cz\u0119\u015bci praktycznej na wodzie dowiesz si\u0119 w jaki spos\u00f3b wykorzystywa\u0107 wios\u0142o oraz przemieszcza\u0107 si\u0119 po rzece lub jeziorze. Kiedy opanujesz techniki wios\u0142owania, przejdziemy do nauki bezpiecznego wstawania oraz reagowania w sytuacjach awaryjnych. W tym momencie p\u0142ywasz ju\u017c samodzielnie i mo\u017cesz cieszy\u0107 si\u0119 wszystkimi urokami p\u0142ywania na desce SUP.<\/span><\/div>\n<div><\/div>\n<p>&nbsp;<\/p>\n<div class=\"x1e56ztr\"><span class=\"x193iq5w xeuugli x13faqbe x1vvkbs xlh3980 xvmahel x1n0sxbx x6prxxf xvq8zen xo1l8bm xzsf02u\"><b>Termin:\u00a0<\/b>20 i 27 czerwca (wtorek), 19 i 26 lipca (\u015broda), 1 i 8 sierpnia (wtorek), 23 sierpnia (\u015broda) w godzinach 15:00 \u2013 17:00<\/span><\/div>\n<div class=\"x1e56ztr\"><span class=\"x193iq5w xeuugli x13faqbe x1vvkbs xlh3980 xvmahel x1n0sxbx x6prxxf xvq8zen xo1l8bm xzsf02u\"><br \/>\n<b>Lokalizacja:\u00a0<\/b>Letnia Baza Sport\u00f3w Wodnych Just4Fit przy ul. Ksi\u0119dza Nawrota 14 w Kiekrzu<\/span><\/div>\n<div class=\"x1e56ztr\"><span class=\"x193iq5w xeuugli x13faqbe x1vvkbs xlh3980 xvmahel x1n0sxbx x6prxxf xvq8zen xo1l8bm xzsf02u\"><br \/>\n<b>Zapisy:<\/b>\u00a0e-mail \u2013 biuro@fundacjajust4fit.com lub nr tel. 505 469 979<\/span><\/div>\n<div class=\"x1e56ztr\"><span class=\"x193iq5w xeuugli x13faqbe x1vvkbs xlh3980 xvmahel x1n0sxbx x6prxxf xvq8zen xo1l8bm xzsf02u\"><br \/>\n<b>Start:<\/b>\u00a020 czerwca<\/span><\/div>\n<\/div>\n<div><\/div>\n<div><\/div>\n<div>&nbsp;<\/p>\n<div class=\"x1e56ztr\"><span class=\"x193iq5w xeuugli x13faqbe x1vvkbs xlh3980 xvmahel x1n0sxbx x6prxxf xvq8zen xo1l8bm xzsf02u\"><b>WINDSURFING DLA DZIECI, M\u0141ODZIE\u017bY I DOROS\u0141YCH<\/b><\/span><\/div>\n<div><\/div>\n<div class=\"x1e56ztr\"><span class=\"x193iq5w xeuugli x13faqbe x1vvkbs xlh3980 xvmahel x1n0sxbx x6prxxf xvq8zen xo1l8bm xzsf02u\">Zapraszamy na niezapomnian\u0105 przygod\u0119 z grupowymi zaj\u0119ciami windsurfingowymi organizowanymi przez Mysza Surf w Kiekrzu. Sp\u0119d\u017a aktywnie 2 godziny na wodzie, poczuj wiatr we w\u0142osach i odkryj rado\u015b\u0107 p\u0142yn\u0105c na desce. Do\u0142\u0105cz do naszej grupy i poznaj tajniki tej pasjonuj\u0105cej dyscypliny. Na szkoleniu nauczymy Ciebie podstaw windsurfingu podczas aktywnego \u201esurfowania\u201d nad Jeziorem Kierskim. Czekamy na Ciebie, aby razem do\u015bwiadczy\u0107 niesamowitych emocji podczas tej formy aktywnego wypoczynku na wodzie.<\/span><\/div>\n<div><\/div>\n<p>&nbsp;<\/p>\n<div class=\"x1e56ztr\"><span class=\"x193iq5w xeuugli x13faqbe x1vvkbs xlh3980 xvmahel x1n0sxbx x6prxxf xvq8zen xo1l8bm xzsf02u\"><b>Termin:\u00a0<\/b>17 i 24 czerwca (sobota), 8, 22 i 29 lipca (sobota), 5 i 19 sierpnia (sobota) w godzinach 10:00 \u2013 12:00<\/span><\/div>\n<div class=\"x1e56ztr\"><span class=\"x193iq5w xeuugli x13faqbe x1vvkbs xlh3980 xvmahel x1n0sxbx x6prxxf xvq8zen xo1l8bm xzsf02u\"><br \/>\n<b>Lokalizacja:\u00a0<\/b>Przysta\u0144 oraz pla\u017ca przy ul. Ksi\u0119dza Nawrota 14 w Kiekrzu<\/span><\/div>\n<div class=\"x1e56ztr\"><span class=\"x193iq5w xeuugli x13faqbe x1vvkbs xlh3980 xvmahel x1n0sxbx x6prxxf xvq8zen xo1l8bm xzsf02u\"><br \/>\n<b>Zapisy:<\/b>\u00a0e-mail \u2013 biuro@myszsurf.pl lub nr tel. 608 136 810<\/span><\/div>\n<div class=\"x1e56ztr\"><span class=\"x193iq5w xeuugli x13faqbe x1vvkbs xlh3980 xvmahel x1n0sxbx x6prxxf xvq8zen xo1l8bm xzsf02u\"><br \/>\n<b>Start:<\/b>\u00a017 czerwca<\/span><\/div>\n<\/div>\n<p>&nbsp;<\/p>\n<div dir=\"auto\">\n<div class=\"x1e56ztr\"><strong><span class=\"x193iq5w xeuugli x13faqbe x1vvkbs x1xmvt09 x6prxxf xvq8zen xo1l8bm xzsf02u\">PROGRAM NASZ SPORTOWY FYRTEL NA TERENIE REJONU NR 2 PRZEZNACZONY JEST DLA MIESZKA\u0143C\u00d3W KIEKRZA, KRZY\u017bOWNIK &#8211; SMOCHOWIC, PODOLAN ORAZ STRZESZYNA. <\/span><\/strong><strong><span class=\"x193iq5w xeuugli x13faqbe x1vvkbs x1xmvt09 x6prxxf xvq8zen xo1l8bm xzsf02u\">UDZIA\u0141 W ZAJ\u0118CIACH CZY INNYCH AKTYWNO\u015aCIACH W RAMACH PROGRAMU NASZ SPORTOWY FYRTEL R\u00d3WNOZNACZNY JEST Z AKCEPTACJ\u0104 REGULAMINU PO UZUPE\u0141NIENIU O\u015aWIADCZENIA UCZESTNIKA ZAJ\u0118\u0106, KT\u00d3RE NALE\u017bY PRZED ROZPOCZ\u0118CIEM ZAJ\u0118\u0106 PRZEKAZA\u0106 INSTRUKTOROWI.<\/span><\/strong><\/div>\n<div><\/div>\n<div><strong><a href=\"http:\/\/sportowyfyrtel.pl\/2\/wp-content\/uploads\/2023\/02\/Oswiadczenie-uczestnika-zajec-sportowych-w-ramach-programu-Nasz-Sportowy-Fyrtel-na-terenie-rejonu-nr-2-1.pdf\">O\u015aWIADCZENIE UCZESTNIKA ZAJ\u0118\u0106 DO POBRANIA<\/a><\/strong><\/div>\n<div><\/div>\n<div class=\"x1e56ztr\">\n<p><strong><span class=\"x193iq5w xeuugli x13faqbe x1vvkbs x1xmvt09 x6prxxf xvq8zen xo1l8bm xzsf02u\">PROBLEMY, PYTANIA I W\u0104TPLIWO\u015aC<\/span><span class=\"x193iq5w xeuugli x13faqbe x1vvkbs x1xmvt09 x6prxxf xvq8zen xo1l8bm xzsf02u\">I: 2@sportowyfyrtel.pl<\/span><\/strong><\/p>\n<\/div>\n<\/div>\n","protected":false},"excerpt":{"rendered":"<p>Czo\u0142em Fyrtel nr 2! Nie zwalniamy tempa i zapraszamy dzieci, m\u0142odzie\u017c, doros\u0142ych i senior\u00f3w zamieszkuj\u0105cych rejon Kiekrz, Krzy\u017cowniki \u2013 Smochowice, Podolany oraz Strzeszyn do udzia\u0142u w darmowych zaj\u0119ciach sportowych, kt\u00f3re w wyniku wsp\u00f3\u0142pracy z Radami Osiedla po raz pierwszy ale mamy nadziej\u0119 nie ostatni goszcz\u0105 na terenie Waszego rejonu! Zapewniamy, \u017ce ka\u017cdy z Was znajdzie [&#8230;]<\/p>\n<p><a class=\"btn btn-secondary understrap-read-more-link\" href=\"https:\/\/sportowyfyrtel.pl\/2\/2023\/06\/09\/zajecia-typu-deska-sup-i-windsurfing-dla-mieszkancow-rejonu-nr-2-startuja-na-terenie-jeziora-kierskiego\/\">Czytaj dalej\u2026<\/a><\/p>\n","protected":false},"author":9,"featured_media":0,"comment_status":"closed","ping_status":"closed","sticky":false,"template":"","format":"standard","meta":{"footnotes":""},"categories":[1],"tags":[],"_links":{"self":[{"href":"https:\/\/sportowyfyrtel.pl\/2\/wp-json\/wp\/v2\/posts\/701"}],"collection":[{"href":"https:\/\/sportowyfyrtel.pl\/2\/wp-json\/wp\/v2\/posts"}],"about":[{"href":"https:\/\/sportowyfyrtel.pl\/2\/wp-json\/wp\/v2\/types\/post"}],"author":[{"embeddable":true,"href":"https:\/\/sportowyfyrtel.pl\/2\/wp-json\/wp\/v2\/users\/9"}],"replies":[{"embeddable":true,"href":"https:\/\/sportowyfyrtel.pl\/2\/wp-json\/wp\/v2\/comments?post=701"}],"version-history":[{"count":4,"href":"https:\/\/sportowyfyrtel.pl\/2\/wp-json\/wp\/v2\/posts\/701\/revisions"}],"predecessor-version":[{"id":705,"href":"https:\/\/sportowyfyrtel.pl\/2\/wp-json\/wp\/v2\/posts\/701\/revisions\/705"}],"wp:attachment":[{"href":"https:\/\/sportowyfyrtel.pl\/2\/wp-json\/wp\/v2\/media?parent=701"}],"wp:term":[{"taxonomy":"category","embeddable":true,"href":"https:\/\/sportowyfyrtel.pl\/2\/wp-json\/wp\/v2\/categories?post=701"},{"taxonomy":"post_tag","embeddable":true,"href":"https:\/\/sportowyfyrtel.pl\/2\/wp-json\/wp\/v2\/tags?post=701"}],"curies":[{"name":"wp","href":"https:\/\/api.w.org\/{rel}","templated":true}]}}