{"id":662,"date":"2023-04-23T18:25:57","date_gmt":"2023-04-23T16:25:57","guid":{"rendered":"https:\/\/sportowyfyrtel.pl\/2\/?p=662"},"modified":"2023-04-23T18:25:57","modified_gmt":"2023-04-23T16:25:57","slug":"ruszaja-zajecia-typu-parkour","status":"publish","type":"post","link":"https:\/\/sportowyfyrtel.pl\/2\/2023\/04\/23\/ruszaja-zajecia-typu-parkour\/","title":{"rendered":"Ruszaj\u0105 zaj\u0119cia typu Parkour!"},"content":{"rendered":"<p>Serwus Fyrtel nr 2!<br \/>\nNie zwalniamy tempa i zapraszamy dzieci, m\u0142odzie\u017cy, doros\u0142ych i senior\u00f3w zamieszkuj\u0105cych rejon Kiekrz, Krzy\u017cowniki \u2013 Smochowice, Podolany i Strzeszyn do udzia\u0142u w kolejnych darmowych zaj\u0119ciach sportowych, kt\u00f3re w wyniku wsp\u00f3\u0142pracy z Radami Osiedla po raz pierwszy ale mamy nadziej\u0119 nie ostatni zagoszcz\u0105 na terenie rejonu nr 2! Mamy nadziej\u0119, \u017ce ka\u017cdy z mieszka\u0144c\u00f3w rejonu nr 2 znajdzie co\u015b dla siebie z aktualnie dost\u0119pnych przesz\u0142o 70 godzin darmowych zaj\u0119\u0107, kt\u00f3rych pe\u0142ny harmonogram dost\u0119pny jest na stronie internetowej sportowyfyrtel.pl\/2\/godziny-zajec\/ .<\/p>\n<p>&nbsp;<\/p>\n<div class=\"x1e56ztr\">\n<p><strong>PARKOUR DLA DZIECI I M\u0141ODZIE\u017bY OD LAT 12 ORAZ DOROS\u0141YCH<\/strong><\/p>\n<div>Wskocz z nami w \u015bwiat Parkour. Poznaj podstawowe oraz zaawansowane metody przemieszczania si\u0119. Sp\u00f3jrz na miasto z nowej perspektywy i poczuj zew przygody. Zadbaj o swoj\u0105 si\u0142\u0119 i sprawno\u015b\u0107. Z nami pokonasz ka\u017cd\u0105 przeszkod\u0119. Zaj\u0119cia przeznaczone dla dzieci i m\u0142odzie\u017cy od 12 roku \u017cycia oraz dla doros\u0142ych.<\/div>\n<div><strong><br \/>\nLokalizacja nr 1:\u00a0<\/strong>Park Aktywno\u015bci Fizycznej, ul. Druskienicka<\/div>\n<div>\n<p><strong>Zapisy:\u00a0<\/strong>e-mail \u2013 witrenuj@gmail.com<\/p>\n<p><strong>Start:\u00a0<\/strong>13 maja<\/p>\n<\/div>\n<div>\n<p>&nbsp;<\/p>\n<p><strong>Lokalizacja nr 2:\u00a0<\/strong>Strefa Street workout przy pla\u017cy Smoczej nad Jeziorem Kierskim, ul. Nad Jeziorem<\/p>\n<p><strong>Zapisy:\u00a0<\/strong>e-mail \u2013 witrenuj@gmail.com<\/p>\n<p><strong>Start:\u00a0<\/strong>10\u00a0maja<\/p>\n<\/div>\n<\/div>\n<p>&nbsp;<\/p>\n<p>PROGRAM NASZ SPORTOWY FYRTEL NA TERENIE REJONU NR 2 PRZEZNACZONY JEST DLA MIESZKA\u0143C\u00d3W KIEKRZA, KRZY\u017bOWNIK &#8211; SMOCHOWIC, PODOLAN ORAZ STRZESZYNA. UDZIA\u0141 W ZAJ\u0118CIACH CZY INNYCH AKTYWNO\u015aCIACH W RAMACH PROGRAMU NASZ SPORTOWY FYRTEL R\u00d3WNOZNACZNY JEST Z AKCEPTACJ\u0104 REGULAMINU PO UZUPE\u0141NIENIU O\u015aWIADCZENIA UCZESTNIKA ZAJ\u0118\u0106, KT\u00d3RE NALE\u017bY PRZED ROZPOCZ\u0118CIEM ZAJ\u0118\u0106 PRZEKAZA\u0106 INSTRUKTOROWI.<\/p>\n<p>O\u015aWIADCZENIE UCZESTNIKA ZAJ\u0118\u0106 DO POBRANIA<\/p>\n<p>PROBLEMY, PYTANIA I W\u0104TPLIWO\u015aCI: 2@sportowyfyrtel.pl<\/p>\n","protected":false},"excerpt":{"rendered":"<p>Serwus Fyrtel nr 2! Nie zwalniamy tempa i zapraszamy dzieci, m\u0142odzie\u017cy, doros\u0142ych i senior\u00f3w zamieszkuj\u0105cych rejon Kiekrz, Krzy\u017cowniki \u2013 Smochowice, Podolany i Strzeszyn do udzia\u0142u w kolejnych darmowych zaj\u0119ciach sportowych, kt\u00f3re w wyniku wsp\u00f3\u0142pracy z Radami Osiedla po raz pierwszy ale mamy nadziej\u0119 nie ostatni zagoszcz\u0105 na terenie rejonu nr 2! Mamy nadziej\u0119, \u017ce ka\u017cdy [&#8230;]<\/p>\n<p><a class=\"btn btn-secondary understrap-read-more-link\" href=\"https:\/\/sportowyfyrtel.pl\/2\/2023\/04\/23\/ruszaja-zajecia-typu-parkour\/\">Czytaj dalej\u2026<\/a><\/p>\n","protected":false},"author":9,"featured_media":0,"comment_status":"closed","ping_status":"closed","sticky":false,"template":"","format":"standard","meta":{"footnotes":""},"categories":[1],"tags":[],"_links":{"self":[{"href":"https:\/\/sportowyfyrtel.pl\/2\/wp-json\/wp\/v2\/posts\/662"}],"collection":[{"href":"https:\/\/sportowyfyrtel.pl\/2\/wp-json\/wp\/v2\/posts"}],"about":[{"href":"https:\/\/sportowyfyrtel.pl\/2\/wp-json\/wp\/v2\/types\/post"}],"author":[{"embeddable":true,"href":"https:\/\/sportowyfyrtel.pl\/2\/wp-json\/wp\/v2\/users\/9"}],"replies":[{"embeddable":true,"href":"https:\/\/sportowyfyrtel.pl\/2\/wp-json\/wp\/v2\/comments?post=662"}],"version-history":[{"count":1,"href":"https:\/\/sportowyfyrtel.pl\/2\/wp-json\/wp\/v2\/posts\/662\/revisions"}],"predecessor-version":[{"id":663,"href":"https:\/\/sportowyfyrtel.pl\/2\/wp-json\/wp\/v2\/posts\/662\/revisions\/663"}],"wp:attachment":[{"href":"https:\/\/sportowyfyrtel.pl\/2\/wp-json\/wp\/v2\/media?parent=662"}],"wp:term":[{"taxonomy":"category","embeddable":true,"href":"https:\/\/sportowyfyrtel.pl\/2\/wp-json\/wp\/v2\/categories?post=662"},{"taxonomy":"post_tag","embeddable":true,"href":"https:\/\/sportowyfyrtel.pl\/2\/wp-json\/wp\/v2\/tags?post=662"}],"curies":[{"name":"wp","href":"https:\/\/api.w.org\/{rel}","templated":true}]}}