{"id":586,"date":"2023-03-19T20:39:29","date_gmt":"2023-03-19T19:39:29","guid":{"rendered":"https:\/\/sportowyfyrtel.pl\/2\/?p=586"},"modified":"2023-03-19T20:41:01","modified_gmt":"2023-03-19T19:41:01","slug":"nasz-sportowy-fyrtel-na-terenie-rejonu-nr-2-ruszyl-juz-pelna-pare","status":"publish","type":"post","link":"https:\/\/sportowyfyrtel.pl\/2\/2023\/03\/19\/nasz-sportowy-fyrtel-na-terenie-rejonu-nr-2-ruszyl-juz-pelna-pare\/","title":{"rendered":"Nasz Sportowy Fyrtel na terenie rejonu nr 2 ruszy\u0142 ju\u017c pe\u0142n\u0105 par\u0119!"},"content":{"rendered":"<div class=\"x11i5rnm xat24cr x1mh8g0r x1vvkbs xtlvy1s x126k92a\">\n<div dir=\"auto\">Nasz Sportowy Fyrtel na terenie rejonu nr 2 ruszy\u0142 ju\u017c pe\u0142n\u0105 par\u0119! Sprawd\u017acie aktualn\u0105 ofert\u0119 darmowych zaj\u0119\u0107 sportowych, znajd\u017acie odpowiedni\u0105 aktywno\u015b\u0107 dla siebie, rodziny czy s\u0105siad\u00f3w i do zobaczenia w salach czy na boiskach!<\/div>\n<\/div>\n<div class=\"x11i5rnm xat24cr x1mh8g0r x1vvkbs xtlvy1s x126k92a\">\n<div dir=\"auto\"><\/div>\n<p>&nbsp;<\/p>\n<div dir=\"auto\">Cieszymy si\u0119, \u017ce z nami jeste\u015bcie dlatego zanim rozpoczniemy wsp\u00f3ln\u0105 tegoroczn\u0105 aktywno\u015b\u0107 prosimy o uwa\u017cne zapoznanie si\u0119 z regulaminem programu Nasz Sportowy Fyrtel dost\u0119pnym na stronie internetowej projektu dedykowanej rejonowi nr 2 pod adresem: <a class=\"x1i10hfl xjbqb8w x6umtig x1b1mbwd xaqea5y xav7gou x9f619 x1ypdohk xt0psk2 xe8uvvx xdj266r x11i5rnm xat24cr x1mh8g0r xexx8yu x4uap5 x18d9i69 xkhd6sd x16tdsg8 x1hl2dhg xggy1nq x1a2a7pz xt0b8zv x1fey0fg\" tabindex=\"0\" role=\"link\" href=\"https:\/\/sportowyfyrtel.pl\/2\/regulamin\/?fbclid=IwAR3bmoLPRdZAK8wRS1maUjEz3uZSy2TDmcyfoMXn1ziTMUU3wwQzy2hW0fs\" target=\"_blank\" rel=\"nofollow noopener\">https:\/\/sportowyfyrtel.pl\/2\/regulamin\/<\/a>, poniewa\u017c udzia\u0142 w naszych zaj\u0119ciach jest r\u00f3wnoznaczny z pe\u0142n\u0105 akceptacj\u0105 zasad!<\/div>\n<\/div>\n<div class=\"x11i5rnm xat24cr x1mh8g0r x1vvkbs xtlvy1s x126k92a\">\n<div dir=\"auto\"><\/div>\n<p>&nbsp;<\/p>\n<div dir=\"auto\">Z kolei pod adresem: <a class=\"x1i10hfl xjbqb8w x6umtig x1b1mbwd xaqea5y xav7gou x9f619 x1ypdohk xt0psk2 xe8uvvx xdj266r x11i5rnm xat24cr x1mh8g0r xexx8yu x4uap5 x18d9i69 xkhd6sd x16tdsg8 x1hl2dhg xggy1nq x1a2a7pz xt0b8zv x1fey0fg\" tabindex=\"0\" role=\"link\" href=\"https:\/\/l.facebook.com\/l.php?u=https%3A%2F%2Fsportowyfyrtel.pl%2F2%2Fgodziny-zajec%2F%3Ffbclid%3DIwAR1cIBmidWSEXMaXQKXI8qeHwB-nsRgE1-ml5DNrM5Vgld1B1uuAGnI3dBM&amp;h=AT2pvLNPC1xZA-WDR5lRkwJnC1NrWh4VSzANPX0vEus12tSy_kWl5suvf15CxfJf6BEDsLCQMwYdEcc5a7GsIg2_Q-sTDxYKvART_yYLbVRvDSvPTNwp0SMF3I__2s6MZ0lS&amp;__tn__=-UK-R&amp;c[0]=AT2440FKxek2yie5g_L9dqHgyyKUBtV07Ed1rboC6tlAWFMSK70rKxP9F3qqoLaosTJBSLuSPBXdBLHQ9teZ3Wk3xFhtgAoL41jOXtyP4j2acwKevuHM8OtJ7-DOPFohEvHRApz8ZW181R0pYU4rxCfKGgFuGuRoZ6W001yk4haosXLBODdesy0NamHGuv9OfXay9hCT0DGR\" target=\"_blank\" rel=\"nofollow noopener\">https:\/\/sportowyfyrtel.pl\/2\/godziny-zajec\/<\/a> dost\u0119pny jest aktualny grafik wszystkich aktywno\u015bci, kt\u00f3re w danym tygodniu b\u0119d\u0105 dla Was dost\u0119pne razem z opisem, lokalizacj\u0105 zaj\u0119\u0107 czy informacj\u0105 dotycz\u0105c\u0105 zapis\u00f3w.<\/div>\n<\/div>\n<div class=\"x11i5rnm xat24cr x1mh8g0r x1vvkbs xtlvy1s x126k92a\">\n<div dir=\"auto\"><\/div>\n<p>&nbsp;<\/p>\n<div dir=\"auto\">Pami\u0119tajcie, \u017ce udzia\u0142 w naszych zaj\u0119ciach mo\u017cliwy jest tylko i wy\u0142\u0105cznie po wype\u0142nieniu o\u015bwiadczenia, kt\u00f3re nale\u017cy przekaza\u0107 trenerom czy instruktorom przed pierwszymi zaj\u0119ciami. Deklaracj\u0119 uczestnika zaj\u0119\u0107 w ramach programu NSF znajdziecie pod adresem: <a class=\"x1i10hfl xjbqb8w x6umtig x1b1mbwd xaqea5y xav7gou x9f619 x1ypdohk xt0psk2 xe8uvvx xdj266r x11i5rnm xat24cr x1mh8g0r xexx8yu x4uap5 x18d9i69 xkhd6sd x16tdsg8 x1hl2dhg xggy1nq x1a2a7pz xt0b8zv x1fey0fg\" tabindex=\"0\" role=\"link\" href=\"https:\/\/sportowyfyrtel.pl\/2\/wp-content\/uploads\/2023\/02\/Oswiadczenie-uczestnika-zajec-sportowych-w-ramach-programu-Nasz-Sportowy-Fyrtel-na-terenie-rejonu-nr-2-1.pdf?fbclid=IwAR3fT1PC6mcTnyHfTGG7s-7PexJxRaQ3NNJz22yFnYL_gnm7DYEqrABUsI4\" target=\"_blank\" rel=\"nofollow noopener\">https:\/\/sportowyfyrtel.pl\/&#8230;\/Oswiadczenie-uczestnika&#8230;<\/a>, wype\u0142nijcie j\u0105 w domu, zabierzcie ze sob\u0105, a potem dajcie z siebie wszystko!<\/div>\n<\/div>\n<p>&nbsp;<\/p>\n<div class=\"x11i5rnm xat24cr x1mh8g0r x1vvkbs xtlvy1s x126k92a\">\n<div dir=\"auto\"><\/div>\n<div dir=\"auto\">Rozgrzewka za nami, nie zapomnijcie o aktywno\u015bci w naszych mediach spo\u0142eczno\u015bciowych, kt\u00f3ra pozwoli nam pokaza\u0107, \u017ce Kiekrz, Krzy\u017cowniki &#8211; Smochowice, Strzeszyn i Podolany te\u017c chc\u0105 uprawia\u0107 sport!<\/div>\n<\/div>\n","protected":false},"excerpt":{"rendered":"<p>Nasz Sportowy Fyrtel na terenie rejonu nr 2 ruszy\u0142 ju\u017c pe\u0142n\u0105 par\u0119! Sprawd\u017acie aktualn\u0105 ofert\u0119 darmowych zaj\u0119\u0107 sportowych, znajd\u017acie odpowiedni\u0105 aktywno\u015b\u0107 dla siebie, rodziny czy s\u0105siad\u00f3w i do zobaczenia w salach czy na boiskach! &nbsp; Cieszymy si\u0119, \u017ce z nami jeste\u015bcie dlatego zanim rozpoczniemy wsp\u00f3ln\u0105 tegoroczn\u0105 aktywno\u015b\u0107 prosimy o uwa\u017cne zapoznanie si\u0119 z regulaminem programu [&#8230;]<\/p>\n<p><a class=\"btn btn-secondary understrap-read-more-link\" href=\"https:\/\/sportowyfyrtel.pl\/2\/2023\/03\/19\/nasz-sportowy-fyrtel-na-terenie-rejonu-nr-2-ruszyl-juz-pelna-pare\/\">Czytaj dalej\u2026<\/a><\/p>\n","protected":false},"author":9,"featured_media":0,"comment_status":"closed","ping_status":"closed","sticky":false,"template":"","format":"standard","meta":{"footnotes":""},"categories":[1],"tags":[],"_links":{"self":[{"href":"https:\/\/sportowyfyrtel.pl\/2\/wp-json\/wp\/v2\/posts\/586"}],"collection":[{"href":"https:\/\/sportowyfyrtel.pl\/2\/wp-json\/wp\/v2\/posts"}],"about":[{"href":"https:\/\/sportowyfyrtel.pl\/2\/wp-json\/wp\/v2\/types\/post"}],"author":[{"embeddable":true,"href":"https:\/\/sportowyfyrtel.pl\/2\/wp-json\/wp\/v2\/users\/9"}],"replies":[{"embeddable":true,"href":"https:\/\/sportowyfyrtel.pl\/2\/wp-json\/wp\/v2\/comments?post=586"}],"version-history":[{"count":3,"href":"https:\/\/sportowyfyrtel.pl\/2\/wp-json\/wp\/v2\/posts\/586\/revisions"}],"predecessor-version":[{"id":589,"href":"https:\/\/sportowyfyrtel.pl\/2\/wp-json\/wp\/v2\/posts\/586\/revisions\/589"}],"wp:attachment":[{"href":"https:\/\/sportowyfyrtel.pl\/2\/wp-json\/wp\/v2\/media?parent=586"}],"wp:term":[{"taxonomy":"category","embeddable":true,"href":"https:\/\/sportowyfyrtel.pl\/2\/wp-json\/wp\/v2\/categories?post=586"},{"taxonomy":"post_tag","embeddable":true,"href":"https:\/\/sportowyfyrtel.pl\/2\/wp-json\/wp\/v2\/tags?post=586"}],"curies":[{"name":"wp","href":"https:\/\/api.w.org\/{rel}","templated":true}]}}