{"id":548,"date":"2023-03-13T22:49:23","date_gmt":"2023-03-13T21:49:23","guid":{"rendered":"https:\/\/sportowyfyrtel.pl\/2\/?p=548"},"modified":"2023-03-14T14:23:15","modified_gmt":"2023-03-14T13:23:15","slug":"zajecia-na-terenie-szkoly-podstawowej-nr-28-przy-ul-chojnickiej-57-wystartowaly","status":"publish","type":"post","link":"https:\/\/sportowyfyrtel.pl\/2\/2023\/03\/13\/zajecia-na-terenie-szkoly-podstawowej-nr-28-przy-ul-chojnickiej-57-wystartowaly\/","title":{"rendered":"Zaj\u0119cia na terenie Szko\u0142y Podstawowej nr 28 przy ul. Chojnickiej 57 wystartowa\u0142y!"},"content":{"rendered":"<div class=\"x11i5rnm xat24cr x1mh8g0r x1vvkbs xtlvy1s x126k92a\">\n<div dir=\"auto\">\n<div class=\"x11i5rnm xat24cr x1mh8g0r x1vvkbs xtlvy1s x126k92a\">\n<div dir=\"auto\">Serwus Fyrtel nr 2!<\/div>\n<\/div>\n<div class=\"x11i5rnm xat24cr x1mh8g0r x1vvkbs xtlvy1s x126k92a\">\n<div dir=\"auto\">Nie zwalniamy tempa i zapraszamy dzieci, m\u0142odzie\u017cy, doros\u0142ych i senior\u00f3w zamieszkuj\u0105cych rejon Kiekrz, Krzy\u017cowniki \u2013 Smochowice, Podolany i Strzeszyn do udzia\u0142u w kolejnych darmowych zaj\u0119ciach sportowych, kt\u00f3re w wyniku wsp\u00f3\u0142pracy z Radami Osiedla po raz pierwszy ale mamy nadziej\u0119 nie ostatni zagoszcz\u0105 na terenie rejonu nr 2! Mamy nadziej\u0119, \u017ce ka\u017cdy z mieszka\u0144c\u00f3w rejonu nr 2 ju\u017c od przysz\u0142ego tygodnia znajdzie co\u015b dla siebie z aktualnie dost\u0119pnych przesz\u0142o 50 godzin darmowych zaj\u0119\u0107, kt\u00f3rych pe\u0142ny harmonogram dost\u0119pny jest na stronie internetowej <a class=\"x1i10hfl xjbqb8w x6umtig x1b1mbwd xaqea5y xav7gou x9f619 x1ypdohk xt0psk2 xe8uvvx xdj266r x11i5rnm xat24cr x1mh8g0r xexx8yu x4uap5 x18d9i69 xkhd6sd x16tdsg8 x1hl2dhg xggy1nq x1a2a7pz xt0b8zv x1fey0fg\" tabindex=\"0\" role=\"link\" href=\"https:\/\/l.facebook.com\/l.php?u=http%3A%2F%2Fsportowyfyrtel.pl%2F2%2Fgodziny-zajec%2F%3Ffbclid%3DIwAR2nqV9QiNaWyErix856pZSp_BurPX8QIlWHLLvBZv8PlVH0gTetrgCdUNs&amp;h=AT25GuoABOhoiwb9UlmmKXkZVKV2vO9aJ-Qg9U1VzLLRdO1p0nps3Vd_2v3Lv8v6ab8Cy8HLd8Zsd6FAyScm7SXjLQVRW7aAlQOWTSnq8A-FRDHEn9P26yCHWG0ZoWPPhabo&amp;__tn__=-UK-R&amp;c[0]=AT20bS6JPj6EjZG_Aq3_ifEPmqAyYwbiEU0feTdnuFDw5LFr_oSf7hEQt0bVnm9IVORZYcFGpbW2Ka7AM9EAbjrzQujCclUIKKTtXSXt4J_c4hyKYWKLZqfZsQFk0di0GWRcJibkZSJyfC07whiIgsASwTif4eYaOZz9kSChxFjv8LL_XkhbwzBZIe1jf2XQ6dj0YExA-LVD\" target=\"_blank\" rel=\"nofollow noopener\">sportowyfyrtel.pl\/2\/godziny-zajec\/<\/a> .<\/div>\n<\/div>\n<\/div>\n<\/div>\n<div dir=\"auto\"><\/div>\n<div dir=\"auto\"><\/div>\n<div dir=\"auto\">\n&nbsp;<br \/>\n<strong>JOGA<\/strong><\/p>\n<p>Joga to ruch po\u0142\u0105czony z oddechem, czyli medytacja statyczna i dynamiczna. W zale\u017cno\u015bci od poziomu i potrzeb grupy zaj\u0119cia b\u0119d\u0105 przybiera\u0142y r\u00f3\u017cne formy. Od \u0142agodnego spokojnego rozci\u0105gania i zwi\u0119kszania zakresu ruchomo\u015bci staw\u00f3w, po pe\u0142ne dynamizmu sekwencje. W ka\u017cdej formie \u2013 szybkiej i wolnej \u2013 rytm oddechu nadaje tempo, co pozwala na g\u0142\u0119bokie odpr\u0119\u017cenie oraz bardziej intensywn\u0105 aktywno\u015b\u0107. Joga to forma ruchowa, kt\u00f3ra wzmacnia, uspokaja i daje energi\u0119 do dalszego dzia\u0142ania.<\/p>\n<p><strong>Lokalizacja: <\/strong>ma\u0142a sala, Szko\u0142a Podstawowa nr 28, ul. Chojnicka 57<\/p>\n<p><strong>Zapisy:\u00a0<\/strong>e-mail \u2013 pislewska.alicja@gmail.com lub SMS \u2013 nr tel. 509 720 291<\/p>\n<p><strong>Start:\u00a0<\/strong>28 lutego<\/p>\n<p>&nbsp;<\/p>\n<\/div>\n<p><strong>TRENING FUNKCJONALNY<\/strong><\/p>\n<p>Trening Funkcjonalny, to\u00a0trening kt\u00f3rego zadaniem jest og\u00f3lna poprawa sprawno\u015bci, wzmocnienie mi\u0119\u015bni, kszta\u0142towanie prawid\u0142owej postawy cia\u0142a podczas wykonywania r\u00f3\u017cnych codziennych czynno\u015bci, a\u00a0tak\u017ce praca nad kondycj\u0105 i\u00a0wydolno\u015bci\u0105. Pozytywnym skutkiem ubocznym takich \u0107wicze\u0144 b\u0119dzie te\u017c redukcja masy cia\u0142a i\u00a0poprawa j\u0119drno\u015bci sk\u00f3ry. W\u00a0trakcie treningu u\u017cywa si\u0119 r\u00f3\u017cnych przyrz\u0105d\u00f3w treningowych.<\/p>\n<p><strong>Lokalizacja<\/strong><strong>:\u00a0<\/strong>ma\u0142a sala, Szko\u0142a Podstawowa nr 28, ul. Chojnicka 57<\/p>\n<p><strong>Zapisy:\u00a0<\/strong>e-mail \u2013 wandzel.oskar@gmail.com<\/p>\n<p><strong>Start:\u00a0<\/strong>13 marca<\/p>\n<div dir=\"auto\"><\/div>\n<div dir=\"auto\">\n&nbsp;<br \/>\n<strong>BOKS<\/strong><\/p>\n<p>Zaj\u0119cia boksu to \u015bwietny trening dla ka\u017cdego, kto chce pracowa\u0107 nad wzmocnieniem cia\u0142a, ale i psychiki. Zdecydowanie jest to bardzo intensywny i wymagaj\u0105cy trening. Dzi\u0119ki tym \u0107wiczeniom szybko pozb\u0119dziesz si\u0119 zb\u0119dnej tkanki t\u0142uszczowej i uzyskasz silne i wyrze\u017abione mi\u0119\u015bnie. Na treningu nauczysz si\u0119 techniki, a tak\u017ce poznasz okre\u015blone sekwencje ruch\u00f3w. \u015awiadoma praca z w\u0142asnym cia\u0142em i umys\u0142em przyniesie Ci wiele satysfakcji i zwi\u0119kszy pewno\u015b\u0107 siebie. Zaj\u0119cia przeznaczone s\u0105 dla ka\u017cdego, kto chce rozpocz\u0105\u0107 uprawianie sportu w dowolnym wieku. Dzi\u0119ki charakterystyce zaj\u0119\u0107 uczestnicy zostaj\u0105 metodycznie wprowadzeni do treningu, poszczeg\u00f3lnych odmian walki sportowej i zagadnie\u0144 z zakresu samoobrony koniecznej. Ucz\u0105 si\u0119 pozycji bokserskiej oraz poruszania si\u0119 krokiem bokserskim. Poznaj\u0105 podstawowe technik uderzane, czyli ciosy proste, sierpowe, haki, a tak\u017ce techniki obronne tzn. uniki, rotacje, zbicia, odchylenia, itp. Dowiaduj\u0105 si\u0119 r\u00f3wnie\u017c czym jest taktyka walki bo bez odpowiedniej strategii \u017caden bokser nie zajdzie daleko. W zaj\u0119ciach wyst\u0119puj\u0105 \u0107wiczenia og\u00f3lnorozwojowe podczas kt\u00f3rych kszta\u0142tuje si\u0119 mi\u0119dzy innymi szybko\u015b\u0107, si\u0142\u0119, wytrzyma\u0142o\u015b\u0107, koordynacj\u0119 i gibko\u015b\u0107.<\/p>\n<p><strong>Lokalizacja nr 1:\u00a0<\/strong>ma\u0142a sala, Szko\u0142a Podstawowa nr 28, ul. Chojnicka 57<\/p>\n<p><strong>Zapisy:\u00a0<\/strong>e-mail \u2013 wandzel.oskar@gmail.com<\/p>\n<p><strong>Start:<\/strong>\u00a015 marca<br \/>\n&nbsp;\n<\/div>\n<div dir=\"auto\"><\/div>\n<div class=\"x1e56ztr\"><strong><span class=\"x193iq5w xeuugli x13faqbe x1vvkbs x1xmvt09 x6prxxf xvq8zen xo1l8bm xzsf02u\">PROGRAM NASZ SPORTOWY FYRTEL NA TERENIE REJONU NR 2 PRZEZNACZONY JEST DLA MIESZKA\u0143C\u00d3W KIEKRZA, KRZY\u017bOWNIK &#8211; SMOCHOWIC, PODOLAN ORAZ STRZESZYNA. <\/span><\/strong><strong><span class=\"x193iq5w xeuugli x13faqbe x1vvkbs x1xmvt09 x6prxxf xvq8zen xo1l8bm xzsf02u\">UDZIA\u0141 W ZAJ\u0118CIACH CZY INNYCH AKTYWNO\u015aCIACH W RAMACH PROGRAMU NASZ SPORTOWY FYRTEL R\u00d3WNOZNACZNY JEST Z AKCEPTACJ\u0104 REGULAMINU PO UZUPE\u0141NIENIU O\u015aWIADCZENIA UCZESTNIKA ZAJ\u0118\u0106, KT\u00d3RE NALE\u017bY PRZED ROZPOCZ\u0118CIEM ZAJ\u0118\u0106 PRZEKAZA\u0106 INSTRUKTOROWI.<\/span><\/strong><\/div>\n<div><\/div>\n<div><strong><a href=\"http:\/\/sportowyfyrtel.pl\/2\/wp-content\/uploads\/2023\/02\/Oswiadczenie-uczestnika-zajec-sportowych-w-ramach-programu-Nasz-Sportowy-Fyrtel-na-terenie-rejonu-nr-2-1.pdf\">O\u015aWIADCZENIE UCZESTNIKA ZAJ\u0118\u0106 DO POBRANIA<\/a><\/strong><\/div>\n<div><\/div>\n<div class=\"x1e56ztr\"><strong><span class=\"x193iq5w xeuugli x13faqbe x1vvkbs x1xmvt09 x6prxxf xvq8zen xo1l8bm xzsf02u\">PROBLEMY, PYTANIA I W\u0104TPLIWO\u015aC<\/span><span class=\"x193iq5w xeuugli x13faqbe x1vvkbs x1xmvt09 x6prxxf xvq8zen xo1l8bm xzsf02u\">I: 2@sportowyfyrtel.pl<\/span><\/strong><\/div>\n","protected":false},"excerpt":{"rendered":"<p>Serwus Fyrtel nr 2! Nie zwalniamy tempa i zapraszamy dzieci, m\u0142odzie\u017cy, doros\u0142ych i senior\u00f3w zamieszkuj\u0105cych rejon Kiekrz, Krzy\u017cowniki \u2013 Smochowice, Podolany i Strzeszyn do udzia\u0142u w kolejnych darmowych zaj\u0119ciach sportowych, kt\u00f3re w wyniku wsp\u00f3\u0142pracy z Radami Osiedla po raz pierwszy ale mamy nadziej\u0119 nie ostatni zagoszcz\u0105 na terenie rejonu nr 2! Mamy nadziej\u0119, \u017ce ka\u017cdy [&#8230;]<\/p>\n<p><a class=\"btn btn-secondary understrap-read-more-link\" href=\"https:\/\/sportowyfyrtel.pl\/2\/2023\/03\/13\/zajecia-na-terenie-szkoly-podstawowej-nr-28-przy-ul-chojnickiej-57-wystartowaly\/\">Czytaj dalej\u2026<\/a><\/p>\n","protected":false},"author":9,"featured_media":0,"comment_status":"closed","ping_status":"closed","sticky":false,"template":"","format":"standard","meta":{"footnotes":""},"categories":[1],"tags":[],"_links":{"self":[{"href":"https:\/\/sportowyfyrtel.pl\/2\/wp-json\/wp\/v2\/posts\/548"}],"collection":[{"href":"https:\/\/sportowyfyrtel.pl\/2\/wp-json\/wp\/v2\/posts"}],"about":[{"href":"https:\/\/sportowyfyrtel.pl\/2\/wp-json\/wp\/v2\/types\/post"}],"author":[{"embeddable":true,"href":"https:\/\/sportowyfyrtel.pl\/2\/wp-json\/wp\/v2\/users\/9"}],"replies":[{"embeddable":true,"href":"https:\/\/sportowyfyrtel.pl\/2\/wp-json\/wp\/v2\/comments?post=548"}],"version-history":[{"count":4,"href":"https:\/\/sportowyfyrtel.pl\/2\/wp-json\/wp\/v2\/posts\/548\/revisions"}],"predecessor-version":[{"id":563,"href":"https:\/\/sportowyfyrtel.pl\/2\/wp-json\/wp\/v2\/posts\/548\/revisions\/563"}],"wp:attachment":[{"href":"https:\/\/sportowyfyrtel.pl\/2\/wp-json\/wp\/v2\/media?parent=548"}],"wp:term":[{"taxonomy":"category","embeddable":true,"href":"https:\/\/sportowyfyrtel.pl\/2\/wp-json\/wp\/v2\/categories?post=548"},{"taxonomy":"post_tag","embeddable":true,"href":"https:\/\/sportowyfyrtel.pl\/2\/wp-json\/wp\/v2\/tags?post=548"}],"curies":[{"name":"wp","href":"https:\/\/api.w.org\/{rel}","templated":true}]}}