{"id":449,"date":"2023-02-14T23:40:52","date_gmt":"2023-02-14T22:40:52","guid":{"rendered":"https:\/\/sportowyfyrtel.pl\/2\/?p=449"},"modified":"2023-02-20T21:07:29","modified_gmt":"2023-02-20T20:07:29","slug":"449","status":"publish","type":"post","link":"https:\/\/sportowyfyrtel.pl\/2\/2023\/02\/14\/449\/","title":{"rendered":"Nasz Sportowy Fyrtel ju\u017c nied\u0142ugo na Waszym rejonie!"},"content":{"rendered":"<p>Dzie\u0144 dobry Fyrtel!<\/p>\n<p>Nie zwalniamy tempa i we wsp\u00f3\u0142pracy z Radami Osiedla pracujemy \u017ceby przygotowa\u0107 dla mieszka\u0144c\u00f3w Kiekrza, Krzy\u017cownik, Smochowic, Podolan, a tak\u017ce Strzeszyna bogat\u0105 ofert\u0119 zaj\u0119\u0107 sportowych, kt\u00f3re spe\u0142ni\u0105 potrzeby m\u0142odszych i starszych dlatego \u015bled\u017acie nasz\u0105 stron\u0119 na <a href=\"https:\/\/www.facebook.com\/sportowyfyrtel\">Facebooku<\/a>\u00a0gdzie ju\u017c nied\u0142ugo pojawi\u0105 si\u0119 pierwsze informacje dotycz\u0105ce naszego projektu w rejonie nr 2.<\/p>\n<p>B\u0105d\u017acie czujni, do zobaczenia na boiskach, halach, a tak\u017ce terenach zielonych!<\/p>\n<p><span class=\"x193iq5w xeuugli x13faqbe x1vvkbs x1xmvt09 x6prxxf xvq8zen xo1l8bm xzsf02u\">W przypadku pyta\u0144 b\u0105d\u017a w\u0105tpliwo\u015bci prosimy o kontakt e-mailowy pod adresem: naszsportowyfyrtel2@gmail.com.<\/span><\/p>\n<p>Program realizowany przez Nasz Sportowy Fyrtel w ramach dzia\u0142ania AiS\u017cnk* ze \u015brodk\u00f3w Urz\u0119du Miasta Poznania.<\/p>\n","protected":false},"excerpt":{"rendered":"<p>Dzie\u0144 dobry Fyrtel! Nie zwalniamy tempa i we wsp\u00f3\u0142pracy z Radami Osiedla pracujemy \u017ceby przygotowa\u0107 dla mieszka\u0144c\u00f3w Kiekrza, Krzy\u017cownik, Smochowic, Podolan, a tak\u017ce Strzeszyna bogat\u0105 ofert\u0119 zaj\u0119\u0107 sportowych, kt\u00f3re spe\u0142ni\u0105 potrzeby m\u0142odszych i starszych dlatego \u015bled\u017acie nasz\u0105 stron\u0119 na Facebooku\u00a0gdzie ju\u017c nied\u0142ugo pojawi\u0105 si\u0119 pierwsze informacje dotycz\u0105ce naszego projektu w rejonie nr 2. B\u0105d\u017acie czujni, [&#8230;]<\/p>\n<p><a class=\"btn btn-secondary understrap-read-more-link\" href=\"https:\/\/sportowyfyrtel.pl\/2\/2023\/02\/14\/449\/\">Czytaj dalej\u2026<\/a><\/p>\n","protected":false},"author":9,"featured_media":0,"comment_status":"closed","ping_status":"closed","sticky":false,"template":"","format":"standard","meta":{"footnotes":""},"categories":[1],"tags":[],"_links":{"self":[{"href":"https:\/\/sportowyfyrtel.pl\/2\/wp-json\/wp\/v2\/posts\/449"}],"collection":[{"href":"https:\/\/sportowyfyrtel.pl\/2\/wp-json\/wp\/v2\/posts"}],"about":[{"href":"https:\/\/sportowyfyrtel.pl\/2\/wp-json\/wp\/v2\/types\/post"}],"author":[{"embeddable":true,"href":"https:\/\/sportowyfyrtel.pl\/2\/wp-json\/wp\/v2\/users\/9"}],"replies":[{"embeddable":true,"href":"https:\/\/sportowyfyrtel.pl\/2\/wp-json\/wp\/v2\/comments?post=449"}],"version-history":[{"count":4,"href":"https:\/\/sportowyfyrtel.pl\/2\/wp-json\/wp\/v2\/posts\/449\/revisions"}],"predecessor-version":[{"id":464,"href":"https:\/\/sportowyfyrtel.pl\/2\/wp-json\/wp\/v2\/posts\/449\/revisions\/464"}],"wp:attachment":[{"href":"https:\/\/sportowyfyrtel.pl\/2\/wp-json\/wp\/v2\/media?parent=449"}],"wp:term":[{"taxonomy":"category","embeddable":true,"href":"https:\/\/sportowyfyrtel.pl\/2\/wp-json\/wp\/v2\/categories?post=449"},{"taxonomy":"post_tag","embeddable":true,"href":"https:\/\/sportowyfyrtel.pl\/2\/wp-json\/wp\/v2\/tags?post=449"}],"curies":[{"name":"wp","href":"https:\/\/api.w.org\/{rel}","templated":true}]}}