{"id":2058,"date":"2026-04-28T22:51:12","date_gmt":"2026-04-28T20:51:12","guid":{"rendered":"https:\/\/sportowyfyrtel.pl\/2\/?p=2058"},"modified":"2026-04-28T22:51:12","modified_gmt":"2026-04-28T20:51:12","slug":"przygodowy-rejs-kany-mega-sup-ami-majowka-2026","status":"publish","type":"post","link":"https:\/\/sportowyfyrtel.pl\/2\/2026\/04\/28\/przygodowy-rejs-kany-mega-sup-ami-majowka-2026\/","title":{"rendered":"Przygodowy Rejs Kany \/ Mega SUP-ami \u2013 MAJ\u00d3WKA 2026"},"content":{"rendered":"<div class=\"xdj266r x14z9mp xat24cr x1lziwak x1vvkbs\">Zapraszamy na Rejs Kanu \/ Mega Supami po rzece Warcie. Zobacz Pozna\u0144 z zupe\u0142ni innej perspektywy!<\/div>\n<div><\/div>\n<div class=\"x14z9mp xat24cr x1lziwak x1vvkbs xtlvy1s\">Co to jest Kanu?<br class=\"html-br\" \/>Kanu to tradycyjna \u0142\u00f3d\u017a wios\u0142owa, znana r\u00f3wnie\u017c jako canoe. Jest to otwarta \u0142\u00f3d\u017a, w kt\u00f3rej wios\u0142uje si\u0119 jednopi\u00f3rowym wios\u0142em, najcz\u0119\u015bciej siedz\u0105c. Kanu by\u0142y u\u017cywane przez Indian Ameryki P\u00f3\u0142nocnej. Na pok\u0142ad zabieramy 5-6 os\u00f3b, i sp\u0142ywamy rzek\u0105 na trasie z Poznania do Czerwonaka.<\/div>\n<div class=\"x14z9mp xat24cr x1lziwak x1vvkbs xtlvy1s\">Co to jest Mega Sup?<br class=\"html-br\" \/>Deska SUP w rozmiarze XXL! Na pok\u0142ad zabieramy 6-8 os\u00f3b, i sp\u0142ywamy rzek\u0105 na trasie z Poznania do Czerwonaka.<\/div>\n<div class=\"x14z9mp xat24cr x1lziwak x1vvkbs xtlvy1s\">NAJBLI\u017bESZE TERMINY:<\/div>\n<div class=\"x14z9mp xat24cr x1lziwak x1vvkbs xtlvy1s\">Pi\u0105tek 1 maja \u2013 15:45 \u2013 Warta na trasie Poznan-Czerwonak<br class=\"html-br\" \/>Niedziela 3 maja \u2013 15:45 \u2013 Warta na trasie Poznan-Czerwonak<\/div>\n<div class=\"x14z9mp xat24cr x1lziwak x1vvkbs xtlvy1s\">Zapewniamy sprz\u0119t (\u0142\u00f3dka\/mega sup, wios\u0142o, kamizelka), podstawowy instrukta\u017c i szkolenie z zasad bezpiecze\u0144stwa oraz obs\u0142ugi i poruszania si\u0119 \u0142\u00f3dkami kanu\/mega supami. Ponadto przez ca\u0142y czas wycieczki jeste\u015bcie pod opiek\u0105 naszych instruktor\u00f3w.<\/div>\n<div class=\"x14z9mp xat24cr x1lziwak x1vvkbs xtlvy1s\"><\/div>\n<div class=\"x14z9mp xat24cr x1lziwak x1vvkbs xtlvy1s\">Miejsce:<br class=\"html-br\" \/>\u2013 Zbi\u00f3rka na os. Piastowskim (przy Warcie, obok Przystan Posnania)<\/div>\n<div class=\"x14z9mp xat24cr x1lziwak x1vvkbs xtlvy1s\">Dop\u0142ywamy do Czerwonaka (Marina), stamt\u0105d powr\u00f3t do Poznania autobusem lub PKP (obie opcje tu\u017c obok naszej mety)<\/div>\n<div class=\"x14z9mp xat24cr x1lziwak x1vvkbs xtlvy1s\">Zapisy: poprzez formularz www \u2013 link:<br class=\"html-br\" \/><a class=\"x1i10hfl xjbqb8w x1ejq31n x18oe1m7 x1sy0etr xstzfhl x972fbf x10w94by x1qhh985 x14e42zd x9f619 x1ypdohk xt0psk2 x3ct3a4 xdj266r x14z9mp xat24cr x1lziwak xexx8yu xyri2b x18d9i69 x1c1uobl x16tdsg8 x1hl2dhg xggy1nq x1a2a7pz xkrqix3 x1sur9pj x1fey0fg x1s688f\" tabindex=\"0\" role=\"link\" href=\"https:\/\/l.facebook.com\/l.php?u=https%3A%2F%2Fforms.gle%2Fko4fgFybbWncayjR8%3Ffbclid%3DIwZXh0bgNhZW0CMTAAYnJpZBExQVpYaUFnU1Y0b3drUjZCVXNydGMGYXBwX2lkEDIyMjAzOTE3ODgyMDA4OTIAAR6auAHBP2p6SVYkj1UmCwmGHK5mwmZQycJyHHVN9YQPzvjXdgBQN5zolV7D6w_aem_J5d8LYyoolM4dPRZCpxCKw&amp;h=AT4Hw8RybPWAhm4SZmt3F_1Exe672brG57Lc_gaObHwjagwGfC5TYT9yHEREyS9B4Xl9FU91MrrkPHPaatu44peYlWoLAcCiWMSx2EyCBbrZzaGWi_BDIOxYK1UFFH66Ibku2SKtCbIOo2z_&amp;__tn__=q&amp;c[0]=AT5ihhXqMo5ZEWD_y2dzihk0qHeln8xXy6TVTS0lnhBCDTFjCdG2LKriyWyVccSjIjl9wq_jtNvyms2rrFGBVAUVn5NJ_CiuGXDQSeFUQAx-bqrOZSgp1XnkhzRlcpKwUtxkIaVsZKqLwzQOnXEUEasJ_RLUdkKnWp4\" target=\"_blank\" rel=\"nofollow noopener noreferrer\">https:\/\/forms.gle\/ko4fgFybbWncayjR8<\/a><\/div>\n<div class=\"x14z9mp xat24cr x1lziwak x1vvkbs xtlvy1s\">Warunki uczestnictwa:<br class=\"html-br\" \/>1. Max waga uczestnika: 110 kg.<br class=\"html-br\" \/>2. Osoby niepe\u0142noletnie mog\u0105 uczestniczy\u0107 w wydarzeniu tylko pod opiek\u0105 rodzic\u00f3w\/prawnych opiekun\u00f3w (UDZIA\u0141 RODZICA, a nie na l\u0105dzie \u2013 co by by\u0142a jasno\u015b\u0107)<br class=\"html-br\" \/>3. Wype\u0142niasz formularz tylko raz. Je\u015bli pope\u0142ni\u0142e\u015b\/a\u015b b\u0142\u0105d \u2013 wype\u0142nij ponownie i w uwagach wpisz informacje o uniewa\u017cnieniu poprzedniego zg\u0142oszenia.<br class=\"html-br\" \/>4. Musisz by\u0107 mieszka\u0144cem jednego z Fyrtli, na terenie kt\u00f3rych w tym roku prowadzony jest projekt Nasz Sportowy Fyrtel (Fyrtle nr 1, 2, 3, 4, 5, 9, 10, 11, 12)<\/div>\n<div class=\"x14z9mp xat24cr x1lziwak x1vvkbs xtlvy1s\">Kontakt: supy@sportowyfyrtel.pl<\/div>\n<hr \/>\n<h3><strong>ZAPOZNAJ SI\u0118!<\/strong><\/h3>\n<p><strong>Program Nasz Sportowy Fyrtel na terenie rejonu nr 2 przeznaczony jest tylko i wy\u0142\u0105cznie dla mieszka\u0144c\u00f3w Miasta Poznania zamieszka\u0142ych w obr\u0119bie dzielnicy Kiekrz, Krzy\u017cowniki \u2013 Smochowice, Strzeszyn i Podolany!<\/strong><\/p>\n<ul>\n<li><strong>Regulamin, kt\u00f3rego akceptacja jest niezb\u0119dna do udzia\u0142u w zaj\u0119ciach sportowo \u2013 rekreacyjnych, wydarzeniach czy innych aktywno\u015bciach w ramach projektu Nasz Sportowy Fyrtel znajdziesz\u00a0<a href=\"https:\/\/sportowyfyrtel.pl\/2\/regulamin\/\">TUTAJ<\/a>.<\/strong><\/li>\n<li><strong>O\u015bwiadczenie uczestnika, kt\u00f3rego wype\u0142nienie jest niezb\u0119dne do udzia\u0142u w naszych zaj\u0119ciach, a kt\u00f3re nale\u017cy starannie i czytelnie wype\u0142ni\u0107, a nast\u0119pnie zwr\u00f3ci\u0107 trenerowi lub instruktorowi pobierzesz\u00a0<a href=\"https:\/\/sportowyfyrtel.pl\/2\/do-pobrania\/\">TUTAJ<\/a>.<\/strong><\/li>\n<li><strong>Plan zaj\u0119\u0107, kt\u00f3ry nale\u017cy \u015bledzi\u0107 \u017ceby sprawdzi\u0107 czy dane zaj\u0119cia nie zosta\u0142y odwo\u0142ane dost\u0119pny jest\u00a0<a href=\"https:\/\/sportowyfyrtel.pl\/2\/godziny-zajec\/\">TUTAJ<\/a>.<\/strong><\/li>\n<li><strong>Opis zaj\u0119\u0107, gdzie mo\u017cecie zapozna\u0107 si\u0119 r\u00f3wnie\u017c z informacjami o danych zaj\u0119ciach, lokalizacj\u0105, a tak\u017ce form\u0105 zapis\u00f3w czeka na Was\u00a0<a href=\"https:\/\/sportowyfyrtel.pl\/2\/opis-zajec\/\">TUTAJ<\/a>.<\/strong><\/li>\n<li><strong>Kliknijcie\u00a0<a href=\"https:\/\/www.facebook.com\/groups\/fyrtel2\">TUTAJ<\/a>, \u017ce do\u0142\u0105czy\u0107 do grupy na portalu Facebook dedykowanej mieszka\u0144com dzielnicy Kiekrz, Krzy\u017cowniki \u2013 Smochowice, Strzeszyn i Podolany, gdzie znajdziecie relacje z zaj\u0119\u0107 czy innych organizowanych aktywno\u015bci, zapowiedzi, komunikaty, a tak\u017ce og\u0142oszenia dotycz\u0105ce realizacji projektu w 2026 roku.<\/strong><\/li>\n<li><strong>Je\u017celi nadal macie jakiekolwiek w\u0105tpliwo\u015bci to zapoznajcie si\u0119 z nasz\u0105 sekcj\u0105 Pyta\u0144 i odpowiedzi, kt\u00f3ra jest dla dost\u0119pna\u00a0<a href=\"https:\/\/sportowyfyrtel.pl\/faq\/\">TUTAJ<\/a>.<\/strong><\/li>\n<\/ul>\n<p><strong>Projekt finansowany ze \u015brodk\u00f3w Wydzia\u0142u Sportu Urz\u0119du Miasta Poznania w ramach Pozna\u0144skiego Bud\u017cetu Obywatelskiego 2026 dzi\u0119ki g\u0142osom mieszka\u0144c\u00f3w Poznania!<\/strong><\/p>\n<p><strong>Problemy czy pytania kierujcie na adres e-mail: 2@sportowyfyrtel.pl, a my postaramy si\u0119 Wam pom\u00f3c najszybciej mo\u017cemy!<\/strong><\/p>\n","protected":false},"excerpt":{"rendered":"<p>Zapraszamy na Rejs Kanu \/ Mega Supami po rzece Warcie. Zobacz Pozna\u0144 z zupe\u0142ni innej perspektywy! Co to jest Kanu?Kanu to tradycyjna \u0142\u00f3d\u017a wios\u0142owa, znana r\u00f3wnie\u017c jako canoe. Jest to otwarta \u0142\u00f3d\u017a, w kt\u00f3rej wios\u0142uje si\u0119 jednopi\u00f3rowym wios\u0142em, najcz\u0119\u015bciej siedz\u0105c. Kanu by\u0142y u\u017cywane przez Indian Ameryki P\u00f3\u0142nocnej. Na pok\u0142ad zabieramy 5-6 os\u00f3b, i sp\u0142ywamy rzek\u0105 [&#8230;]<\/p>\n<p><a class=\"btn btn-secondary understrap-read-more-link\" href=\"https:\/\/sportowyfyrtel.pl\/2\/2026\/04\/28\/przygodowy-rejs-kany-mega-sup-ami-majowka-2026\/\">Czytaj dalej\u2026<\/a><\/p>\n","protected":false},"author":9,"featured_media":0,"comment_status":"closed","ping_status":"closed","sticky":false,"template":"","format":"standard","meta":{"footnotes":""},"categories":[1],"tags":[],"_links":{"self":[{"href":"https:\/\/sportowyfyrtel.pl\/2\/wp-json\/wp\/v2\/posts\/2058"}],"collection":[{"href":"https:\/\/sportowyfyrtel.pl\/2\/wp-json\/wp\/v2\/posts"}],"about":[{"href":"https:\/\/sportowyfyrtel.pl\/2\/wp-json\/wp\/v2\/types\/post"}],"author":[{"embeddable":true,"href":"https:\/\/sportowyfyrtel.pl\/2\/wp-json\/wp\/v2\/users\/9"}],"replies":[{"embeddable":true,"href":"https:\/\/sportowyfyrtel.pl\/2\/wp-json\/wp\/v2\/comments?post=2058"}],"version-history":[{"count":1,"href":"https:\/\/sportowyfyrtel.pl\/2\/wp-json\/wp\/v2\/posts\/2058\/revisions"}],"predecessor-version":[{"id":2060,"href":"https:\/\/sportowyfyrtel.pl\/2\/wp-json\/wp\/v2\/posts\/2058\/revisions\/2060"}],"wp:attachment":[{"href":"https:\/\/sportowyfyrtel.pl\/2\/wp-json\/wp\/v2\/media?parent=2058"}],"wp:term":[{"taxonomy":"category","embeddable":true,"href":"https:\/\/sportowyfyrtel.pl\/2\/wp-json\/wp\/v2\/categories?post=2058"},{"taxonomy":"post_tag","embeddable":true,"href":"https:\/\/sportowyfyrtel.pl\/2\/wp-json\/wp\/v2\/tags?post=2058"}],"curies":[{"name":"wp","href":"https:\/\/api.w.org\/{rel}","templated":true}]}}