{"id":2057,"date":"2026-04-28T22:50:50","date_gmt":"2026-04-28T20:50:50","guid":{"rendered":"https:\/\/sportowyfyrtel.pl\/2\/?p=2057"},"modified":"2026-04-28T22:50:50","modified_gmt":"2026-04-28T20:50:50","slug":"rajdy-rowerowe-majowka-2026","status":"publish","type":"post","link":"https:\/\/sportowyfyrtel.pl\/2\/2026\/04\/28\/rajdy-rowerowe-majowka-2026\/","title":{"rendered":"Rajdy Rowerowe \u2013 MAJ\u00d3WKA 2026"},"content":{"rendered":"<div class=\"xdj266r x14z9mp xat24cr x1lziwak x1vvkbs\">Zapraszamy mieszka\u0144c\u00f3w pozna\u0144skich osiedli na Rajdy Rowerowe w projektem Nasz Sportowy Fyrtel!<\/div>\n<div><\/div>\n<div class=\"x14z9mp xat24cr x1lziwak x1vvkbs xtlvy1s\">\n<p>1. PLAN<br class=\"html-br\" \/>Spotykamy si\u0119 w (a\u017c 5 propozycji na Maj\u00f3wk\u0119 2026!):<\/p>\n<p>\u2013 pi\u0105tek 1 maja \u2013 09:30 \u2013 Lasek D\u0119bi\u0144ski \u2013 Rodzinny Rajd Rowerowy (ok 30 km, kierunek Puszczykowo)<br \/>\n\u2013 piatek 1 maja \u2013 12:30 \u2013 Rondo Rataje \u2013 Dzieci\u0119cy Rajd Rowerowy (ok 12 km, kierunek Malta)<br \/>\n\u2013 sobota 2 maja \u2013 09:30 \u2013 Przysta\u0144 Szel\u0105g \u2013 Przed\u0142u\u017cony Rajd Rowerowy (ok 45 km, kierunek Puszcza Zielonka)<br \/>\n\u2013 niedziela 3 maja \u2013 09:30 \u2013 Park So\u0142acki \u2013 Rodzinny Rajd Rowerowy (ok 30 km, kierunek Kiekrz)<br \/>\n\u2013 niedziela 3 maja \u2013 12:30 \u2013 Cytadela \u2013 Dzieci\u0119cy Rajd Rowerowy (ok 12 km, kierunek dopracowujemy)<\/p>\n<\/div>\n<div class=\"x14z9mp xat24cr x1lziwak x1vvkbs xtlvy1s\">i wsp\u00f3lnie wyruszamy na rowerow\u0105 wycieczk\u0119 za miasto. W czasie naszej wycieczki planujemy posi\u0142ek \u2013 na mecie rajd\u00f3w pi\u0105tkowych oraz niedzielnych, a na trasie w przypadku rajdu sobotniego. W przypadku Rajd\u00f3w Dzieci\u0119cych nie zabraknie atrakcji dla najm\u0142odszych! Udzia\u0142 w wydarzeniu jak i posi\u0142ek s\u0105 bezp\u0142atne dla uczestnik\u00f3w.<\/div>\n<div><\/div>\n<div class=\"x14z9mp xat24cr x1lziwak x1vvkbs xtlvy1s\">2. DLA KOGO<br class=\"html-br\" \/>Do uczestnictwa w wydarzeniu uprawnieni s\u0105 mieszka\u0144cy rejon\u00f3w, w kt\u00f3rych realizowany jest projekt Nasz Sportowy Fyrtel (list\u0119 rejon\u00f3w podajemy na ko\u0144cu).<\/div>\n<div><\/div>\n<div class=\"x14z9mp xat24cr x1lziwak x1vvkbs xtlvy1s\">CZY JA\/MOJE DZIECKO DAMY RAD\u0118?<br class=\"html-br\" \/>Rajd Rodzinny \u2013 \u015brednie tempo przejazdu to 11-12 km\/h. Doradzamy, aby m\u0142odsze dzieci mia\u0142y ju\u017c za sob\u0105 jakie\u015b d\u0142u\u017csze wycieczki rowerowe (i dobrze dobrany sprz\u0119t \u2013 na dzieci\u0119cym rowerku bez przerzutek mo\u017ce by\u0107 ci\u0119\u017cko pokona\u0107 le\u015bny odcinek). Odradzamy rowery szosowe \u2013 trasa zawsze przebiega nieutwardzonymi drogami.<br \/>\n<br class=\"html-br\" \/>Rajd Dzieci\u0119cy \u2013 zapraszamy dzieci w ka\u017cdym wieku, jedyny wym\u00f3g to jazda na rowerze 2-ko\u0142owym (odpadaj\u0105 bieg\u00f3wki!) oraz umiej\u0119tno\u015b\u0107 d\u0142u\u017cszej jazdy bez zatrzymywania si\u0119 co 50m.<\/div>\n<div>Przed\u0142u\u017cony Rajd \u2013 tutaj d\u0142u\u017csza trasa ni\u017c w przypadku innych naszych propozycji, troszeczk\u0119 wy\u017csze tempo \u2013 wi\u0119c to propozycja dla regularnie je\u017cd\u017c\u0105cych uczestnik\u00f3w.<\/div>\n<div><\/div>\n<div class=\"x14z9mp xat24cr x1lziwak x1vvkbs xtlvy1s\">3. WARUNKI UCZESTNICTWA<br class=\"html-br\" \/>Aby zapisa\u0107 si\u0119 na udzia\u0142 w Rajdzie musisz wype\u0142ni\u0107 i przes\u0142a\u0107 poni\u017cszy formularz (nie zabieramy os\u00f3b niezapisanych!). To gwarancja rezerwacji miejsca, je\u015bli miejsc ju\u017c nie b\u0119dzie \u2013 formularz b\u0119dzie zablokowany. W Naszych Rajdach uczestniczy mog\u0105 tylko mieszka\u0144cy pozna\u0144skich osiedli, na kt\u00f3rych realizowany jest projekt Nasz Sportowy Fyrtel.<\/div>\n<div><\/div>\n<div class=\"x14z9mp xat24cr x1lziwak x1vvkbs xtlvy1s\">PAMI\u0118TAJ! Od uczestnik\u00f3w Rajd\u00f3w wymagamy posiadania:<br class=\"html-br\" \/>\u2013 zapasowej D\u0118TKI (w\u0142a\u015bciwa do Twojego roweru) + narz\u0119dzia niezb\u0119dne do wymiany d\u0119tki<br class=\"html-br\" \/>\u2013 kasku w przypadku os\u00f3b niepe\u0142noletnich.<br class=\"html-br\" \/>\u2013 \u015bwiat\u0142a sta\u0142ego przedniego oraz tylnego (w przypadku udzia\u0142u w Rajdzie Wieczornym)<br class=\"html-br\" \/>\u2013 dokumentu to\u017csamo\u015bci (mo\u017ce by\u0107 mObywatel)<\/div>\n<div><\/div>\n<div class=\"x14z9mp xat24cr x1lziwak x1vvkbs xtlvy1s\">ZAPISY<br class=\"html-br\" \/>\u2013 poprzez formularz \u2013 kliknij i zapisz siebie lub swoj\u0105 ekip\u0119:<br class=\"html-br\" \/><a class=\"x1i10hfl xjbqb8w x1ejq31n x18oe1m7 x1sy0etr xstzfhl x972fbf x10w94by x1qhh985 x14e42zd x9f619 x1ypdohk xt0psk2 x3ct3a4 xdj266r x14z9mp xat24cr x1lziwak xexx8yu xyri2b x18d9i69 x1c1uobl x16tdsg8 x1hl2dhg xggy1nq x1a2a7pz xkrqix3 x1sur9pj x1fey0fg x1s688f\" tabindex=\"0\" role=\"link\" href=\"https:\/\/l.facebook.com\/l.php?u=https%3A%2F%2Fforms.gle%2FQFQy1zBcPhx1dMVy7%3Ffbclid%3DIwZXh0bgNhZW0CMTAAYnJpZBExQVpYaUFnU1Y0b3drUjZCVXNydGMGYXBwX2lkEDIyMjAzOTE3ODgyMDA4OTIAAR7oICQowbEEVNBx1VP_mfXA5TLdCmJbFN9fb-93cXikSxYD4jjelsoZSN_qLQ_aem_xyHgbssYoVHwpiBaxBRcPg&amp;h=AT5wzjbdQ-9gdoJxFEg7Y2JFpzcJAjBkUJVXg3FnAHf5nt98hGEgOwUY5v665yiJ27Omgie13BZ8gBaP9OCXD0LIsYtrxBNDxWZ0UVd2cD3mVpFQ-k869PxJv4S6zjvoHTZYeOrIBU0viDKE&amp;__tn__=q&amp;c[0]=AT5YOoV8WnnBkJ9dsCpfN1LqCIQcGm5F22-2xWrmTKsGk0ulEij60WZveSu-WUIexSM6ys3cIbzqH1TVdBxS4ip1dq931EuGoG2G-Cnn0MXyZhKNEN0wDXSqqx5qAIDG4ggRc-CC8OZJ2gu8YHEQvlbJuwz6u_alSsc\" target=\"_blank\" rel=\"nofollow noopener noreferrer\">https:\/\/forms.gle\/QFQy1zBcPhx1dMVy7<\/a><\/div>\n<div class=\"x14z9mp xat24cr x1lziwak x1vvkbs xtlvy1s\">Rajd organizowany jest w ramach projektu Nasz Sportowy Fyrtel. W przypadku niepogody termin mo\u017ce ulec zmianie. Osoby niepe\u0142noletnie mog\u0105 bra\u0107 udzia\u0142 tylko w obecno\u015bci rodzica\/opiekuna.<\/div>\n<div class=\"x14z9mp xat24cr x1lziwak x1vvkbs xtlvy1s\"><\/div>\n<div class=\"x14z9mp xat24cr x1lziwak x1vvkbs xtlvy1s\">Lista rejon\u00f3w Poznania, w kt\u00f3rych dzia\u0142a nasz projekt (i jednocze\u015bnie mieszka\u0144cy tych obszar\u00f3w s\u0105 zaproszeni do udzia\u0142u w wydarzeniu):<br class=\"html-br\" \/>Fyrtel 1: Nowe Winogrady P\u00f3\u0142noc, Nowe Winogrady Po\u0142udnie, Nowe Winogrady Wsch\u00f3d, Stare Winogrady<br class=\"html-br\" \/>Fyrtel 2: Kiekrz, Krzy\u017cowniki, Smochowice, Podolany, Strzeszyn<br class=\"html-br\" \/>Fyrtel 3: Pi\u0105tkowo P\u00f3\u0142noc, Pi\u0105tkowo<br class=\"html-br\" \/>Fyrtel 4: G\u0142uszyna, Krzesiny-Pokrzywno-Garaszewo, Staro\u0142\u0119ka- Minikowo-Marlewo, Szczepankowo-Sp\u0142awie-Krzesinki<br class=\"html-br\" \/>Fyrtel 5: Grunwald P\u00f3\u0142noc, Grunwald Po\u0142udnie, Stary Grunwald<br class=\"html-br\" \/>Fyrtel 9: Stare Miasto<br class=\"html-br\" \/>Fyrtel 10: \u015awierczewo, Wilda oraz Zielony D\u0119biec<br class=\"html-br\" \/>Fyrtel 11: Fabianowo- Kotowo, G\u00f3rczyn, Junikowo, Kwiatowe, \u0141awica<br class=\"html-br\" \/>Fyrtel 12: Antoninek-Zieliniec-Kobylepole, G\u0142\u00f3wna, Ostr\u00f3w Tumski-\u015ar\u00f3dka-Zawady-Komandoria, Warszawskie-Pomet-Malta\u0144skie<\/div>\n<hr \/>\n<h3><strong>ZAPOZNAJ SI\u0118!<\/strong><\/h3>\n<p><strong>Program Nasz Sportowy Fyrtel na terenie rejonu nr 2 przeznaczony jest tylko i wy\u0142\u0105cznie dla mieszka\u0144c\u00f3w Miasta Poznania zamieszka\u0142ych w obr\u0119bie dzielnicy Kiekrz, Krzy\u017cowniki \u2013 Smochowice, Strzeszyn i Podolany!<\/strong><\/p>\n<ul>\n<li><strong>Regulamin, kt\u00f3rego akceptacja jest niezb\u0119dna do udzia\u0142u w zaj\u0119ciach sportowo \u2013 rekreacyjnych, wydarzeniach czy innych aktywno\u015bciach w ramach projektu Nasz Sportowy Fyrtel znajdziesz\u00a0<a href=\"https:\/\/sportowyfyrtel.pl\/2\/regulamin\/\">TUTAJ<\/a>.<\/strong><\/li>\n<li><strong>O\u015bwiadczenie uczestnika, kt\u00f3rego wype\u0142nienie jest niezb\u0119dne do udzia\u0142u w naszych zaj\u0119ciach, a kt\u00f3re nale\u017cy starannie i czytelnie wype\u0142ni\u0107, a nast\u0119pnie zwr\u00f3ci\u0107 trenerowi lub instruktorowi pobierzesz\u00a0<a href=\"https:\/\/sportowyfyrtel.pl\/2\/do-pobrania\/\">TUTAJ<\/a>.<\/strong><\/li>\n<li><strong>Plan zaj\u0119\u0107, kt\u00f3ry nale\u017cy \u015bledzi\u0107 \u017ceby sprawdzi\u0107 czy dane zaj\u0119cia nie zosta\u0142y odwo\u0142ane dost\u0119pny jest\u00a0<a href=\"https:\/\/sportowyfyrtel.pl\/2\/godziny-zajec\/\">TUTAJ<\/a>.<\/strong><\/li>\n<li><strong>Opis zaj\u0119\u0107, gdzie mo\u017cecie zapozna\u0107 si\u0119 r\u00f3wnie\u017c z informacjami o danych zaj\u0119ciach, lokalizacj\u0105, a tak\u017ce form\u0105 zapis\u00f3w czeka na Was\u00a0<a href=\"https:\/\/sportowyfyrtel.pl\/2\/opis-zajec\/\">TUTAJ<\/a>.<\/strong><\/li>\n<li><strong>Kliknijcie\u00a0<a href=\"https:\/\/www.facebook.com\/groups\/fyrtel2\">TUTAJ<\/a>, \u017ce do\u0142\u0105czy\u0107 do grupy na portalu Facebook dedykowanej mieszka\u0144com dzielnicy Kiekrz, Krzy\u017cowniki \u2013 Smochowice, Strzeszyn i Podolany, gdzie znajdziecie relacje z zaj\u0119\u0107 czy innych organizowanych aktywno\u015bci, zapowiedzi, komunikaty, a tak\u017ce og\u0142oszenia dotycz\u0105ce realizacji projektu w 2026 roku.<\/strong><\/li>\n<li><strong>Je\u017celi nadal macie jakiekolwiek w\u0105tpliwo\u015bci to zapoznajcie si\u0119 z nasz\u0105 sekcj\u0105 Pyta\u0144 i odpowiedzi, kt\u00f3ra jest dla dost\u0119pna\u00a0<a href=\"https:\/\/sportowyfyrtel.pl\/faq\/\">TUTAJ<\/a>.<\/strong><\/li>\n<\/ul>\n<p><strong>Projekt finansowany ze \u015brodk\u00f3w Wydzia\u0142u Sportu Urz\u0119du Miasta Poznania w ramach Pozna\u0144skiego Bud\u017cetu Obywatelskiego 2026 dzi\u0119ki g\u0142osom mieszka\u0144c\u00f3w Poznania!<\/strong><\/p>\n<p><strong>Problemy czy pytania kierujcie na adres e-mail: 2@sportowyfyrtel.pl, a my postaramy si\u0119 Wam pom\u00f3c najszybciej mo\u017cemy!<\/strong><\/p>\n","protected":false},"excerpt":{"rendered":"<p>Zapraszamy mieszka\u0144c\u00f3w pozna\u0144skich osiedli na Rajdy Rowerowe w projektem Nasz Sportowy Fyrtel! 1. PLANSpotykamy si\u0119 w (a\u017c 5 propozycji na Maj\u00f3wk\u0119 2026!): \u2013 pi\u0105tek 1 maja \u2013 09:30 \u2013 Lasek D\u0119bi\u0144ski \u2013 Rodzinny Rajd Rowerowy (ok 30 km, kierunek Puszczykowo) \u2013 piatek 1 maja \u2013 12:30 \u2013 Rondo Rataje \u2013 Dzieci\u0119cy Rajd Rowerowy (ok 12 [&#8230;]<\/p>\n<p><a class=\"btn btn-secondary understrap-read-more-link\" href=\"https:\/\/sportowyfyrtel.pl\/2\/2026\/04\/28\/rajdy-rowerowe-majowka-2026\/\">Czytaj dalej\u2026<\/a><\/p>\n","protected":false},"author":9,"featured_media":0,"comment_status":"closed","ping_status":"closed","sticky":false,"template":"","format":"standard","meta":{"footnotes":""},"categories":[1],"tags":[],"_links":{"self":[{"href":"https:\/\/sportowyfyrtel.pl\/2\/wp-json\/wp\/v2\/posts\/2057"}],"collection":[{"href":"https:\/\/sportowyfyrtel.pl\/2\/wp-json\/wp\/v2\/posts"}],"about":[{"href":"https:\/\/sportowyfyrtel.pl\/2\/wp-json\/wp\/v2\/types\/post"}],"author":[{"embeddable":true,"href":"https:\/\/sportowyfyrtel.pl\/2\/wp-json\/wp\/v2\/users\/9"}],"replies":[{"embeddable":true,"href":"https:\/\/sportowyfyrtel.pl\/2\/wp-json\/wp\/v2\/comments?post=2057"}],"version-history":[{"count":1,"href":"https:\/\/sportowyfyrtel.pl\/2\/wp-json\/wp\/v2\/posts\/2057\/revisions"}],"predecessor-version":[{"id":2059,"href":"https:\/\/sportowyfyrtel.pl\/2\/wp-json\/wp\/v2\/posts\/2057\/revisions\/2059"}],"wp:attachment":[{"href":"https:\/\/sportowyfyrtel.pl\/2\/wp-json\/wp\/v2\/media?parent=2057"}],"wp:term":[{"taxonomy":"category","embeddable":true,"href":"https:\/\/sportowyfyrtel.pl\/2\/wp-json\/wp\/v2\/categories?post=2057"},{"taxonomy":"post_tag","embeddable":true,"href":"https:\/\/sportowyfyrtel.pl\/2\/wp-json\/wp\/v2\/tags?post=2057"}],"curies":[{"name":"wp","href":"https:\/\/api.w.org\/{rel}","templated":true}]}}