{"id":2039,"date":"2026-04-23T09:54:16","date_gmt":"2026-04-23T07:54:16","guid":{"rendered":"https:\/\/sportowyfyrtel.pl\/2\/?p=2039"},"modified":"2026-04-23T09:54:16","modified_gmt":"2026-04-23T07:54:16","slug":"halo-kiekrz-zapraszamy-do-udzialu-w-zajeciach-na-terenie-swietlicy-przy-skrzyzowaniu-ul-kierskiej-i-ul-altanowej-w-kiekrzu","status":"publish","type":"post","link":"https:\/\/sportowyfyrtel.pl\/2\/2026\/04\/23\/halo-kiekrz-zapraszamy-do-udzialu-w-zajeciach-na-terenie-swietlicy-przy-skrzyzowaniu-ul-kierskiej-i-ul-altanowej-w-kiekrzu\/","title":{"rendered":"Halo Kiekrz! Zapraszamy do udzia\u0142u w zaj\u0119ciach na terenie \u015bwietlicy przy skrzy\u017cowaniu ul. Kierskiej i ul. Altanowej w Kiekrzu!"},"content":{"rendered":"<p>Czo\u0142em rejon 2! Pora zacz\u0105\u0107 tegoroczn\u0105 aktywno\u015b\u0107 na terenie dzielnic Kiekrz, Krzy\u017cowniki \u2013 Smochowice, Strzeszyn oraz Podolany. Zapraszamy Was do udzia\u0142u we wsp\u00f3lnej aktywno\u015bci podczas poni\u017cszych zaj\u0119\u0107 sportowo-rekreacyjnych w ramach tegorocznej edycji programu Nasz Sportowy Fyrtel.<\/p>\n<p>Zapro\u015bcie rodzin\u0119, znajomych i s\u0105siad\u00f3w \u2014 do\u0142\u0105czcie do nas i zadbajcie o form\u0119 cia\u0142a oraz ducha podczas darmowych zaj\u0119\u0107, kt\u00f3re po raz kolejny (i mamy nadziej\u0119 \u2014 nie ostatni) zagoszcz\u0105 na terenie Waszych osiedli w 2026 roku. Pami\u0119tajcie, \u017ce warunkiem udzia\u0142u w zaj\u0119ciach jest zapisanie si\u0119 na zaj\u0119cia i otrzymanie potwierdzenia od danego trenera, zapoznanie si\u0119 oraz akceptacja regulaminu naszego projektu, a tak\u017ce wydrukowanie, czytelne wype\u0142nienie i dostarczenie O\u015bwiadczenia uczestnika instruktorowi przed pierwszymi zaj\u0119ciami. \u017beby by\u0107 na bie\u017c\u0105co ze wszystkimi informacjami dotycz\u0105cymi projektu Nasz Sportowy Fyrtel, zach\u0119camy do do\u0142\u0105czenia do grupy dedykowanej rejonowi nr 2 na Facebooku, gdzie pojawia\u0107 si\u0119 b\u0119d\u0105 relacje z organizowanych przez nas aktywno\u015bci czy innych wydarze\u0144 sportowo\u2013rekreacyjnych, zdj\u0119cia, filmy, zaproszenia oraz komunikaty. To tam b\u0119dzie mo\u017cna na bie\u017c\u0105co dowiedzie\u0107 si\u0119 wszystkiego o tym, co b\u0119dzie dzia\u0142o si\u0119 w najbli\u017cszych miesi\u0105cach na Waszych osiedlach razem z Naszym Sportowym Fyrtlem.<\/p>\n<p>Pami\u0119tajcie, \u017ce to Wasz projekt \u2014 wybrany przez mieszka\u0144c\u00f3w i tworzony dla mieszka\u0144c\u00f3w. Jego realizacja zale\u017cy w du\u017cej mierze od Waszej regularnej obecno\u015bci, aktywno\u015bci i zaanga\u017cowania!<\/p>\n<hr \/>\n<h3><strong>WZMACNIANIE I STABILIZACJA<\/strong><\/h3>\n<p>Zaj\u0119cia Wzmacnianie i stabilizacja realizowane w ramach projektu Nasz Sportowy Fyrtel to kompleksowy trening ukierunkowany na budowanie si\u0142y mi\u0119\u015bniowej oraz popraw\u0119 kontroli nad w\u0142asnym cia\u0142em. To propozycja dla os\u00f3b, kt\u00f3re chc\u0105 nie tylko wzmocni\u0107 sylwetk\u0119, ale r\u00f3wnie\u017c zadba\u0107 o jej prawid\u0142owe funkcjonowanie w codziennym \u017cyciu. Trening koncentruje si\u0119 na pracy ca\u0142ego cia\u0142a, ze szczeg\u00f3lnym uwzgl\u0119dnieniem mi\u0119\u015bni g\u0142\u0119bokich odpowiedzialnych za stabilizacj\u0119 kr\u0119gos\u0142upa, miednicy oraz prawid\u0142ow\u0105 postaw\u0119. Podczas zaj\u0119\u0107 wykonywane s\u0105 \u0107wiczenia wzmacniaj\u0105ce, elementy treningu funkcjonalnego oraz \u0107wiczenia poprawiaj\u0105ce r\u00f3wnowag\u0119 i koordynacj\u0119. Du\u017cy nacisk k\u0142adziony jest na precyzj\u0119 ruchu, jego jako\u015b\u0107 oraz \u015bwiadome zaanga\u017cowanie odpowiednich partii mi\u0119\u015bniowych. Dzi\u0119ki temu trening jest nie tylko skuteczny, ale r\u00f3wnie\u017c bezpieczny i dostosowany do mo\u017cliwo\u015bci uczestnik\u00f3w. Regularne uczestnictwo pozwala poprawi\u0107 si\u0142\u0119, wytrzyma\u0142o\u015b\u0107 oraz og\u00f3ln\u0105 sprawno\u015b\u0107 fizyczn\u0105, a tak\u017ce zmniejszy\u0107 ryzyko kontuzji i przeci\u0105\u017ce\u0144 wynikaj\u0105cych z codziennych aktywno\u015bci. Zaj\u0119cia prowadzone s\u0105 w spokojnym, kontrolowanym tempie, co pozwala skupi\u0107 si\u0119 na technice i lepiej poczu\u0107 prac\u0119 w\u0142asnego cia\u0142a. To doskona\u0142a propozycja zar\u00f3wno dla os\u00f3b rozpoczynaj\u0105cych swoj\u0105 przygod\u0119 z aktywno\u015bci\u0105 fizyczn\u0105, jak i dla tych, kt\u00f3rzy chc\u0105 uzupe\u0142ni\u0107 inne formy treningu o elementy stabilizacji i wzmacniania. Regularny trening przek\u0142ada si\u0119 na lepsz\u0105 postaw\u0119, wi\u0119ksz\u0105 \u015bwiadomo\u015b\u0107 cia\u0142a oraz popraw\u0119 komfortu \u017cycia na co dzie\u0144.<\/p>\n<p><strong>Lokalizacja:<\/strong> \u015awietlica przy skrzy\u017cowaniu ul. Kierskiej i ul. Altanowej w Kiekrzu<br \/>\n<strong>Termin:<\/strong> czwartki w godzinach 18:00 \u2013 19:00<br \/>\n<strong>Zapisy:<\/strong> w formie SMS o tre\u015bci: imi\u0119, nazwisko, numer fyrtla, nazwa zaj\u0119\u0107, lokalizacja zaj\u0119\u0107, termin i godzina zaj\u0119\u0107 pod nr tel. 502706403 (od dnia 29 kwietnia od godziny 7:00 dla os\u00f3b, kt\u00f3re nie uczestniczy\u0142y w danych zaj\u0119ciach w 2025 roku; od dnia 30 kwietnia od godziny 7:00 zapisy dla pozosta\u0142ych os\u00f3b, w tym r\u00f3wnie\u017c uczestnicz\u0105cych w zaj\u0119ciach w poprzednim sezonie; odpowiedzi udzielone zostan\u0105 do 72 godzin po otrzymaniu ostatniej wiadomo\u015bci SMS; zapisy z\u0142o\u017cone przed terminem rozpocz\u0119cia rekrutacji nie b\u0119d\u0105 uwzgl\u0119dnione; je\u015bli zapisujesz si\u0119 na wi\u0119cej ni\u017c jedne zaj\u0119cia, wymie\u0144 je w kolejno\u015bci od tych, na kt\u00f3rych najbardziej Ci zale\u017cy; z jednego numeru telefonu mo\u017cna zapisa\u0107 tylko jedn\u0105 osob\u0119)<br \/>\n<strong>Start:<\/strong> 7 maja<\/p>\n<p>&nbsp;<\/p>\n<h3><strong>ZDROWY KR\u0118GOS\u0141UP<\/strong><\/h3>\n<p>Zaj\u0119cia Zdrowy kr\u0119gos\u0142up realizowane w ramach projektu Nasz Sportowy Fyrtel to spokojna, ale bardzo skuteczna forma aktywno\u015bci fizycznej, kt\u00f3ra skupia si\u0119 na poprawie kondycji kr\u0119gos\u0142upa oraz ca\u0142ego aparatu ruchu. Trening zosta\u0142 opracowany z my\u015bl\u0105 o osobach, kt\u00f3re chc\u0105 zadba\u0107 o swoje plecy, zmniejszy\u0107 dolegliwo\u015bci b\u00f3lowe oraz przeciwdzia\u0142a\u0107 negatywnym skutkom siedz\u0105cego trybu \u017cycia i codziennych przeci\u0105\u017ce\u0144. Podczas zaj\u0119\u0107 wykonywane s\u0105 \u0107wiczenia wzmacniaj\u0105ce mi\u0119\u015bnie g\u0142\u0119bokie, odpowiedzialne za stabilizacj\u0119 kr\u0119gos\u0142upa, a tak\u017ce elementy rozci\u0105gania i mobilizacji, kt\u00f3re poprawiaj\u0105 elastyczno\u015b\u0107 oraz zakres ruchu. Du\u017cy nacisk k\u0142adziony jest na prawid\u0142ow\u0105 technik\u0119, kontrol\u0119 ruchu oraz \u015bwiadome oddychanie, co pozwala wykonywa\u0107 \u0107wiczenia w spos\u00f3b bezpieczny i efektywny. Trening przebiega w spokojnym tempie, dzi\u0119ki czemu uczestnicy mog\u0105 skupi\u0107 si\u0119 na dok\u0142adno\u015bci i komforcie wykonywanych ruch\u00f3w. Regularne uczestnictwo w zaj\u0119ciach pomaga zmniejszy\u0107 napi\u0119cia mi\u0119\u015bniowe, poprawi\u0107 postaw\u0119 cia\u0142a oraz zwi\u0119kszy\u0107 \u015bwiadomo\u015b\u0107 w\u0142asnego cia\u0142a. To doskona\u0142a propozycja zar\u00f3wno dla os\u00f3b odczuwaj\u0105cych dyskomfort w obr\u0119bie plec\u00f3w, jak i dla tych, kt\u00f3rzy chc\u0105 dzia\u0142a\u0107 profilaktycznie i zadba\u0107 o zdrowie na d\u0142u\u017csz\u0105 met\u0119. Zaj\u0119cia sprzyjaj\u0105 r\u00f3wnie\u017c wyciszeniu i redukcji stresu, co pozytywnie wp\u0142ywa na og\u00f3lne samopoczucie.<\/p>\n<p><strong>Lokalizacja:<\/strong> \u015awietlica przy skrzy\u017cowaniu ul. Kierskiej i ul. Altanowej w Kiekrzu<br \/>\n<strong>Termin:<\/strong> czwartki w godzinach 19:00 \u2013 20:00<br \/>\n<strong>Zapisy:<\/strong> w formie SMS o tre\u015bci: imi\u0119, nazwisko, numer fyrtla, nazwa zaj\u0119\u0107, lokalizacja zaj\u0119\u0107, termin i godzina zaj\u0119\u0107 pod nr tel. 502706403 (od dnia 29 kwietnia od godziny 7:00 dla os\u00f3b, kt\u00f3re nie uczestniczy\u0142y w danych zaj\u0119ciach w 2025 roku; od dnia 30 kwietnia od godziny 7:00 zapisy dla pozosta\u0142ych os\u00f3b, w tym r\u00f3wnie\u017c uczestnicz\u0105cych w zaj\u0119ciach w poprzednim sezonie; odpowiedzi udzielone zostan\u0105 do 72 godzin po otrzymaniu ostatniej wiadomo\u015bci SMS; zapisy z\u0142o\u017cone przed terminem rozpocz\u0119cia rekrutacji nie b\u0119d\u0105 uwzgl\u0119dnione; je\u015bli zapisujesz si\u0119 na wi\u0119cej ni\u017c jedne zaj\u0119cia, wymie\u0144 je w kolejno\u015bci od tych, na kt\u00f3rych najbardziej Ci zale\u017cy; z jednego numeru telefonu mo\u017cna zapisa\u0107 tylko jedn\u0105 osob\u0119)<br \/>\n<strong>Start:<\/strong> 7 maja<\/p>\n<hr \/>\n<h3><strong>ZAPOZNAJ SI\u0118!<\/strong><\/h3>\n<p><strong>Program Nasz Sportowy Fyrtel na terenie rejonu nr 2 przeznaczony jest tylko i wy\u0142\u0105cznie dla mieszka\u0144c\u00f3w Miasta Poznania zamieszka\u0142ych w obr\u0119bie dzielnicy Kiekrz, Krzy\u017cowniki \u2013 Smochowice, Strzeszyn i Podolany!<\/strong><\/p>\n<ul>\n<li><strong>Regulamin, kt\u00f3rego akceptacja jest niezb\u0119dna do udzia\u0142u w zaj\u0119ciach sportowo \u2013 rekreacyjnych, wydarzeniach czy innych aktywno\u015bciach w ramach projektu Nasz Sportowy Fyrtel znajdziesz\u00a0<a href=\"https:\/\/sportowyfyrtel.pl\/2\/regulamin\/\">TUTAJ<\/a>.<\/strong><\/li>\n<li><strong>O\u015bwiadczenie uczestnika, kt\u00f3rego wype\u0142nienie jest niezb\u0119dne do udzia\u0142u w naszych zaj\u0119ciach, a kt\u00f3re nale\u017cy starannie i czytelnie wype\u0142ni\u0107, a nast\u0119pnie zwr\u00f3ci\u0107 trenerowi lub instruktorowi pobierzesz\u00a0<a href=\"https:\/\/sportowyfyrtel.pl\/2\/do-pobrania\/\">TUTAJ<\/a>.<\/strong><\/li>\n<li><strong>Plan zaj\u0119\u0107, kt\u00f3ry nale\u017cy \u015bledzi\u0107 \u017ceby sprawdzi\u0107 czy dane zaj\u0119cia nie zosta\u0142y odwo\u0142ane dost\u0119pny jest\u00a0<a href=\"https:\/\/sportowyfyrtel.pl\/2\/godziny-zajec\/\">TUTAJ<\/a>.<\/strong><\/li>\n<li><strong>Opis zaj\u0119\u0107, gdzie mo\u017cecie zapozna\u0107 si\u0119 r\u00f3wnie\u017c z informacjami o danych zaj\u0119ciach, lokalizacj\u0105, a tak\u017ce form\u0105 zapis\u00f3w czeka na Was\u00a0<a href=\"https:\/\/sportowyfyrtel.pl\/2\/opis-zajec\/\">TUTAJ<\/a>.<\/strong><\/li>\n<li><strong>Kliknijcie\u00a0<a href=\"https:\/\/www.facebook.com\/groups\/fyrtel2\">TUTAJ<\/a>, \u017ce do\u0142\u0105czy\u0107 do grupy na portalu Facebook dedykowanej mieszka\u0144com dzielnicy Kiekrz, Krzy\u017cowniki \u2013 Smochowice, Strzeszyn i Podolany, gdzie znajdziecie relacje z zaj\u0119\u0107 czy innych organizowanych aktywno\u015bci, zapowiedzi, komunikaty, a tak\u017ce og\u0142oszenia dotycz\u0105ce realizacji projektu w 2026 roku.<\/strong><\/li>\n<li><strong>Je\u017celi nadal macie jakiekolwiek w\u0105tpliwo\u015bci to zapoznajcie si\u0119 z nasz\u0105 sekcj\u0105 Pyta\u0144 i odpowiedzi, kt\u00f3ra jest dla dost\u0119pna\u00a0<a href=\"https:\/\/sportowyfyrtel.pl\/faq\/\">TUTAJ<\/a>.<\/strong><\/li>\n<\/ul>\n<p><strong>Projekt finansowany ze \u015brodk\u00f3w Wydzia\u0142u Sportu Urz\u0119du Miasta Poznania w ramach Pozna\u0144skiego Bud\u017cetu Obywatelskiego 2026 dzi\u0119ki g\u0142osom mieszka\u0144c\u00f3w Poznania!<\/strong><\/p>\n<p><strong>Problemy czy pytania kierujcie na adres e-mail: 2@sportowyfyrtel.pl, a my postaramy si\u0119 Wam pom\u00f3c najszybciej mo\u017cemy!<\/strong><\/p>\n","protected":false},"excerpt":{"rendered":"<p>Czo\u0142em rejon 2! Pora zacz\u0105\u0107 tegoroczn\u0105 aktywno\u015b\u0107 na terenie dzielnic Kiekrz, Krzy\u017cowniki \u2013 Smochowice, Strzeszyn oraz Podolany. Zapraszamy Was do udzia\u0142u we wsp\u00f3lnej aktywno\u015bci podczas poni\u017cszych zaj\u0119\u0107 sportowo-rekreacyjnych w ramach tegorocznej edycji programu Nasz Sportowy Fyrtel. Zapro\u015bcie rodzin\u0119, znajomych i s\u0105siad\u00f3w \u2014 do\u0142\u0105czcie do nas i zadbajcie o form\u0119 cia\u0142a oraz ducha podczas darmowych zaj\u0119\u0107, [&#8230;]<\/p>\n<p><a class=\"btn btn-secondary understrap-read-more-link\" href=\"https:\/\/sportowyfyrtel.pl\/2\/2026\/04\/23\/halo-kiekrz-zapraszamy-do-udzialu-w-zajeciach-na-terenie-swietlicy-przy-skrzyzowaniu-ul-kierskiej-i-ul-altanowej-w-kiekrzu\/\">Czytaj dalej\u2026<\/a><\/p>\n","protected":false},"author":9,"featured_media":0,"comment_status":"closed","ping_status":"closed","sticky":false,"template":"","format":"standard","meta":{"footnotes":""},"categories":[1],"tags":[],"_links":{"self":[{"href":"https:\/\/sportowyfyrtel.pl\/2\/wp-json\/wp\/v2\/posts\/2039"}],"collection":[{"href":"https:\/\/sportowyfyrtel.pl\/2\/wp-json\/wp\/v2\/posts"}],"about":[{"href":"https:\/\/sportowyfyrtel.pl\/2\/wp-json\/wp\/v2\/types\/post"}],"author":[{"embeddable":true,"href":"https:\/\/sportowyfyrtel.pl\/2\/wp-json\/wp\/v2\/users\/9"}],"replies":[{"embeddable":true,"href":"https:\/\/sportowyfyrtel.pl\/2\/wp-json\/wp\/v2\/comments?post=2039"}],"version-history":[{"count":2,"href":"https:\/\/sportowyfyrtel.pl\/2\/wp-json\/wp\/v2\/posts\/2039\/revisions"}],"predecessor-version":[{"id":2047,"href":"https:\/\/sportowyfyrtel.pl\/2\/wp-json\/wp\/v2\/posts\/2039\/revisions\/2047"}],"wp:attachment":[{"href":"https:\/\/sportowyfyrtel.pl\/2\/wp-json\/wp\/v2\/media?parent=2039"}],"wp:term":[{"taxonomy":"category","embeddable":true,"href":"https:\/\/sportowyfyrtel.pl\/2\/wp-json\/wp\/v2\/categories?post=2039"},{"taxonomy":"post_tag","embeddable":true,"href":"https:\/\/sportowyfyrtel.pl\/2\/wp-json\/wp\/v2\/tags?post=2039"}],"curies":[{"name":"wp","href":"https:\/\/api.w.org\/{rel}","templated":true}]}}