{"id":2021,"date":"2026-04-11T19:04:42","date_gmt":"2026-04-11T17:04:42","guid":{"rendered":"https:\/\/sportowyfyrtel.pl\/2\/?p=2021"},"modified":"2026-04-20T12:45:04","modified_gmt":"2026-04-20T10:45:04","slug":"kolejna-forma-aktywnosci-startuja-zajecia-typu-nauka-gry-w-tenisa-dla-dzieci-mlodziezy-i-doroslych-na-terenie-szkoly-podstawowej-nr-99-przy-ul-rostworowskiego-15","status":"publish","type":"post","link":"https:\/\/sportowyfyrtel.pl\/2\/2026\/04\/11\/kolejna-forma-aktywnosci-startuja-zajecia-typu-nauka-gry-w-tenisa-dla-dzieci-mlodziezy-i-doroslych-na-terenie-szkoly-podstawowej-nr-99-przy-ul-rostworowskiego-15\/","title":{"rendered":"Kolejna forma aktywno\u015bci! Startuj\u0105 zaj\u0119cia typu Nauka gry w tenisa dla dzieci, m\u0142odzie\u017cy i doros\u0142ych na terenie Szko\u0142y Podstawowej nr 99 przy ul. Rostworowskiego 15!"},"content":{"rendered":"<p>Czo\u0142em rejon 2! Pora zacz\u0105\u0107 tegoroczn\u0105 aktywno\u015b\u0107 na terenie dzielnic Kiekrz, Krzy\u017cowniki \u2013 Smochowice, Strzeszyn oraz Podolany. Zapraszamy Was do udzia\u0142u we wsp\u00f3lnej aktywno\u015bci podczas poni\u017cszych zaj\u0119\u0107 sportowo-rekreacyjnych w ramach tegorocznej edycji programu Nasz Sportowy Fyrtel.<\/p>\n<p>Zapro\u015bcie rodzin\u0119, znajomych i s\u0105siad\u00f3w \u2014 do\u0142\u0105czcie do nas i zadbajcie o form\u0119 cia\u0142a oraz ducha podczas darmowych zaj\u0119\u0107, kt\u00f3re po raz kolejny (i mamy nadziej\u0119 \u2014 nie ostatni) zagoszcz\u0105 na terenie Waszych osiedli w 2026 roku. Pami\u0119tajcie, \u017ce warunkiem udzia\u0142u w zaj\u0119ciach jest zapisanie si\u0119 na zaj\u0119cia i otrzymanie potwierdzenia od danego trenera, zapoznanie si\u0119 oraz akceptacja regulaminu naszego projektu, a tak\u017ce wydrukowanie, czytelne wype\u0142nienie i dostarczenie O\u015bwiadczenia uczestnika instruktorowi przed pierwszymi zaj\u0119ciami. \u017beby by\u0107 na bie\u017c\u0105co ze wszystkimi informacjami dotycz\u0105cymi projektu Nasz Sportowy Fyrtel, zach\u0119camy do do\u0142\u0105czenia do grupy dedykowanej rejonowi nr 2 na Facebooku, gdzie pojawia\u0107 si\u0119 b\u0119d\u0105 relacje z organizowanych przez nas aktywno\u015bci czy innych wydarze\u0144 sportowo\u2013rekreacyjnych, zdj\u0119cia, filmy, zaproszenia oraz komunikaty. To tam b\u0119dzie mo\u017cna na bie\u017c\u0105co dowiedzie\u0107 si\u0119 wszystkiego o tym, co b\u0119dzie dzia\u0142o si\u0119 w najbli\u017cszych miesi\u0105cach na Waszych osiedlach razem z Naszym Sportowym Fyrtlem.<\/p>\n<p>Pami\u0119tajcie, \u017ce to Wasz projekt \u2014 wybrany przez mieszka\u0144c\u00f3w i tworzony dla mieszka\u0144c\u00f3w. Jego realizacja zale\u017cy w du\u017cej mierze od Waszej regularnej obecno\u015bci, aktywno\u015bci i zaanga\u017cowania!<\/p>\n<hr \/>\n<h3><strong>NAUKA GRY W TENISA ZIEMNEGO DLA DZIECI W WIEKU 8-14 LAT<\/strong><\/h3>\n<p>Zapewnij swojemu dziecku aktywny rozw\u00f3j poprzez jedn\u0105 z najbardziej wszechstronnych dyscyplin sportowych! Zaj\u0119cia nauki gry w tenisa ziemnego dla dzieci od 8. roku \u017cycia to doskona\u0142e po\u0142\u0105czenie ruchu, zabawy i nauki podstaw techniki tenisowej. Treningi prowadzone s\u0105 w spos\u00f3b anga\u017cuj\u0105cy i dostosowany do wieku uczestnik\u00f3w, dzi\u0119ki czemu dzieci w naturalny spos\u00f3b rozwijaj\u0105 swoje zdolno\u015bci motoryczne, koordynacj\u0119 oraz og\u00f3ln\u0105 sprawno\u015b\u0107 fizyczn\u0105. Podczas zaj\u0119\u0107 dzieci poznaj\u0105 podstawowe uderzenia, ucz\u0105 si\u0119 prawid\u0142owego trzymania rakiety, pracy n\u00f3g oraz orientacji na korcie. Treningi maj\u0105 form\u0119 dynamicznych \u0107wicze\u0144 i gier ruchowych, kt\u00f3re buduj\u0105 pewno\u015b\u0107 siebie, ucz\u0105 wsp\u00f3\u0142pracy oraz zdrowej rywalizacji. To \u015bwietna okazja, by od najm\u0142odszych lat zaszczepi\u0107 w dziecku mi\u0142o\u015b\u0107 do sportu i aktywnego stylu \u017cycia. Zaj\u0119cia prowadzi Zuzanna Fras-Przygodzka \u2013 do\u015bwiadczona trenerka, by\u0142a s\u0119dzia tenisa, aktywna zawodniczka tenisa oraz pickleballa. Jej podej\u015bcie do pracy z dzie\u0107mi \u0142\u0105czy profesjonalizm z pozytywn\u0105 energi\u0105 i umiej\u0119tno\u015bci\u0105 budowania przyjaznej atmosfery, w kt\u00f3rej ka\u017cde dziecko czuje si\u0119 swobodnie i ch\u0119tnie uczestniczy w treningach.<\/p>\n<p>UWAGA: Uczestnicy musz\u0105 posiada\u0107 w\u0142asn\u0105 rakiet\u0119 do tenisa!<\/p>\n<p><strong>Lokalizacja:<\/strong> Kort tenisowy przy Szkole Podstawowej nr 99 przy ul. Rostworowskiego 15<br \/>\n<strong>Termin:<\/strong> wtorki w godzinach 16:00 \u2013 17:00<br \/>\n<strong>Zapisy:<\/strong> w formie wiadomo\u015bci e-mail o tre\u015bci imi\u0119, nazwisko, numer telefonu, nazwa zaj\u0119\u0107, grupa wiekowa, lokalizacja zaj\u0119\u0107 na adres e-mail zuzannaef@onet.pl (od dnia 16 kwietnia w godzinach 9:00 \u2013 19:00, odpowiedzi udzielone zostan\u0105 do 72 godzin po otrzymaniu wiadomo\u015bci, zapisy z\u0142o\u017cone przed terminem rozpocz\u0119cia rekrutacji nie b\u0119d\u0105 uwzgl\u0119dnione!)<br \/>\n<strong>Start:<\/strong> 21 kwietnia<\/p>\n<p>&nbsp;<\/p>\n<h3><strong>NAUKA GRY W TENISA ZIEMNEGO DLA DOROS\u0141YCH<\/strong><\/h3>\n<p>Rozwijaj swoje umiej\u0119tno\u015bci sportowe i wejd\u017a na wy\u017cszy poziom gry w tenisa! Zaj\u0119cia dla m\u0142odzie\u017cy w wieku 12\u201316 lat to propozycja dla os\u00f3b, kt\u00f3re chc\u0105 nauczy\u0107 si\u0119 gry od podstaw lub doskonali\u0107 swoj\u0105 technik\u0119 w dynamiczny i \u015bwiadomy spos\u00f3b. Treningi \u0142\u0105cz\u0105 rozw\u00f3j umiej\u0119tno\u015bci technicznych z elementami taktyki oraz przygotowania motorycznego. Uczestnicy pracuj\u0105 nad dok\u0142adno\u015bci\u0105 uderze\u0144, regularno\u015bci\u0105 gry, poruszaniem si\u0119 po korcie oraz pierwszymi schematami taktycznymi. Zaj\u0119cia rozwijaj\u0105 refleks, szybko\u015b\u0107 reakcji, koncentracj\u0119 oraz ucz\u0105 radzenia sobie z presj\u0105 i emocjami podczas gry. To tak\u017ce doskona\u0142a okazja do budowania pewno\u015bci siebie oraz zdrowej rywalizacji w grupie r\u00f3wie\u015bniczej. Zaj\u0119cia prowadzi Zuzanna Fras-Przygodzka \u2013 do\u015bwiadczona trenerka, by\u0142a s\u0119dzia tenisa, aktywna zawodniczka tenisa oraz pickleballa. Dzi\u0119ki swojemu do\u015bwiadczeniu potrafi skutecznie rozwija\u0107 potencja\u0142 m\u0142odych zawodnik\u00f3w, zwracaj\u0105c uwag\u0119 na detale techniczne i indywidualne potrzeby uczestnik\u00f3w.<\/p>\n<p>UWAGA: Uczestnicy musz\u0105 posiada\u0107 w\u0142asn\u0105 rakiet\u0119 do tenisa!<\/p>\n<p><strong>Lokalizacja:<\/strong> Kort tenisowy przy Szkole Podstawowej nr 99 przy ul. Rostworowskiego 15<br \/>\n<strong>Termin:<\/strong> wtorki w godzinach 17:00 \u2013 18:00<br \/>\n<strong>Zapisy:<\/strong> w formie wiadomo\u015bci e-mail o tre\u015bci imi\u0119, nazwisko, numer telefonu, nazwa zaj\u0119\u0107, grupa wiekowa, lokalizacja zaj\u0119\u0107 na adres e-mail zuzannaef@onet.pl (od dnia 16 kwietnia w godzinach 9:00 \u2013 19:00, odpowiedzi udzielone zostan\u0105 do 72 godzin po otrzymaniu wiadomo\u015bci, zapisy z\u0142o\u017cone przed terminem rozpocz\u0119cia rekrutacji nie b\u0119d\u0105 uwzgl\u0119dnione!)<br \/>\n<strong>Start:<\/strong> 21 kwietnia<\/p>\n<p>&nbsp;<\/p>\n<h3><strong>NAUKA GRY W TENISA ZIEMNEGO DLA DOROS\u0141YCH<\/strong><\/h3>\n<p>Zacznij swoj\u0105 przygod\u0119 z tenisem lub wr\u00f3\u0107 na kort w \u015bwietnym stylu! Zaj\u0119cia dla doros\u0142ych to idealna propozycja dla os\u00f3b, kt\u00f3re chc\u0105 nauczy\u0107 si\u0119 gry od podstaw lub rozwin\u0105\u0107 swoje dotychczasowe umiej\u0119tno\u015bci w przyjaznej i motywuj\u0105cej atmosferze. Niezale\u017cnie od poziomu zaawansowania, treningi dostosowane s\u0105 do mo\u017cliwo\u015bci uczestnik\u00f3w, co pozwala na komfortowy i efektywny rozw\u00f3j. Podczas zaj\u0119\u0107 uczestnicy poznaj\u0105 technik\u0119 podstawowych uderze\u0144, ucz\u0105 si\u0119 prawid\u0142owego poruszania po korcie oraz stopniowo wprowadzani s\u0105 w elementy taktyki. Treningi poprawiaj\u0105 kondycj\u0119, koordynacj\u0119, wzmacniaj\u0105 mi\u0119\u015bnie ca\u0142ego cia\u0142a oraz stanowi\u0105 \u015bwietny spos\u00f3b na redukcj\u0119 stresu po ca\u0142ym dniu pracy. To tak\u017ce doskona\u0142a okazja do aktywnego sp\u0119dzenia czasu i poznania os\u00f3b o podobnych zainteresowaniach. Zaj\u0119cia prowadzi Zuzanna Fras-Przygodzka \u2013 do\u015bwiadczona trenerka, by\u0142a s\u0119dzia tenisa, aktywna zawodniczka tenisa oraz pickleballa. Jej profesjonalizm, zaanga\u017cowanie oraz indywidualne podej\u015bcie sprawiaj\u0105, \u017ce ka\u017cdy uczestnik mo\u017ce rozwija\u0107 si\u0119 we w\u0142asnym tempie, czuj\u0105c wsparcie i motywacj\u0119.<\/p>\n<p>UWAGA: Uczestnicy musz\u0105 posiada\u0107 w\u0142asn\u0105 rakiet\u0119 do tenisa!<\/p>\n<p><strong>Lokalizacja:<\/strong> Kort tenisowy przy Szkole Podstawowej nr 99 przy ul. Rostworowskiego 15<br \/>\n<strong>Termin:<\/strong> wtorki w godzinach 18:00 \u2013 19:00<br \/>\n<strong>Zapisy:<\/strong> w formie wiadomo\u015bci e-mail o tre\u015bci imi\u0119, nazwisko, numer telefonu, nazwa zaj\u0119\u0107, grupa wiekowa, lokalizacja zaj\u0119\u0107 na adres e-mail zuzannaef@onet.pl (od dnia 16 kwietnia w godzinach 9:00 \u2013 19:00, odpowiedzi udzielone zostan\u0105 do 72 godzin po otrzymaniu wiadomo\u015bci, zapisy z\u0142o\u017cone przed terminem rozpocz\u0119cia rekrutacji nie b\u0119d\u0105 uwzgl\u0119dnione!)<br \/>\n<strong>Start:<\/strong> 21 kwietnia<\/p>\n<hr \/>\n<h3><strong>ZAPOZNAJ SI\u0118!<\/strong><\/h3>\n<p><strong>Program Nasz Sportowy Fyrtel na terenie rejonu nr 2 przeznaczony jest tylko i wy\u0142\u0105cznie dla mieszka\u0144c\u00f3w Miasta Poznania zamieszka\u0142ych w obr\u0119bie dzielnicy Kiekrz, Krzy\u017cowniki \u2013 Smochowice, Strzeszyn i Podolany!<\/strong><\/p>\n<ul>\n<li><strong>Regulamin, kt\u00f3rego akceptacja jest niezb\u0119dna do udzia\u0142u w zaj\u0119ciach sportowo \u2013 rekreacyjnych, wydarzeniach czy innych aktywno\u015bciach w ramach projektu Nasz Sportowy Fyrtel znajdziesz\u00a0<a href=\"https:\/\/sportowyfyrtel.pl\/2\/regulamin\/\">TUTAJ<\/a>.<\/strong><\/li>\n<li><strong>O\u015bwiadczenie uczestnika, kt\u00f3rego wype\u0142nienie jest niezb\u0119dne do udzia\u0142u w naszych zaj\u0119ciach, a kt\u00f3re nale\u017cy starannie i czytelnie wype\u0142ni\u0107, a nast\u0119pnie zwr\u00f3ci\u0107 trenerowi lub instruktorowi pobierzesz\u00a0<a href=\"https:\/\/sportowyfyrtel.pl\/2\/do-pobrania\/\">TUTAJ<\/a>.<\/strong><\/li>\n<li><strong>Plan zaj\u0119\u0107, kt\u00f3ry nale\u017cy \u015bledzi\u0107 \u017ceby sprawdzi\u0107 czy dane zaj\u0119cia nie zosta\u0142y odwo\u0142ane dost\u0119pny jest\u00a0<a href=\"https:\/\/sportowyfyrtel.pl\/2\/godziny-zajec\/\">TUTAJ<\/a>.<\/strong><\/li>\n<li><strong>Opis zaj\u0119\u0107, gdzie mo\u017cecie zapozna\u0107 si\u0119 r\u00f3wnie\u017c z informacjami o danych zaj\u0119ciach, lokalizacj\u0105, a tak\u017ce form\u0105 zapis\u00f3w czeka na Was\u00a0<a href=\"https:\/\/sportowyfyrtel.pl\/2\/opis-zajec\/\">TUTAJ<\/a>.<\/strong><\/li>\n<li><strong>Kliknijcie\u00a0<a href=\"https:\/\/www.facebook.com\/groups\/fyrtel2\">TUTAJ<\/a>, \u017ce do\u0142\u0105czy\u0107 do grupy na portalu Facebook dedykowanej mieszka\u0144com dzielnicy Kiekrz, Krzy\u017cowniki \u2013 Smochowice, Strzeszyn i Podolany, gdzie znajdziecie relacje z zaj\u0119\u0107 czy innych organizowanych aktywno\u015bci, zapowiedzi, komunikaty, a tak\u017ce og\u0142oszenia dotycz\u0105ce realizacji projektu w 2026 roku.<\/strong><\/li>\n<li><strong>Je\u017celi nadal macie jakiekolwiek w\u0105tpliwo\u015bci to zapoznajcie si\u0119 z nasz\u0105 sekcj\u0105 Pyta\u0144 i odpowiedzi, kt\u00f3ra jest dla dost\u0119pna\u00a0<a href=\"https:\/\/sportowyfyrtel.pl\/faq\/\">TUTAJ<\/a>.<\/strong><\/li>\n<\/ul>\n<p><strong>Projekt finansowany ze \u015brodk\u00f3w Wydzia\u0142u Sportu Urz\u0119du Miasta Poznania w ramach Pozna\u0144skiego Bud\u017cetu Obywatelskiego 2026 dzi\u0119ki g\u0142osom mieszka\u0144c\u00f3w Poznania!<\/strong><\/p>\n<p><strong>Problemy czy pytania kierujcie na adres e-mail: 2@sportowyfyrtel.pl, a my postaramy si\u0119 Wam pom\u00f3c najszybciej mo\u017cemy!<\/strong><\/p>\n","protected":false},"excerpt":{"rendered":"<p>Czo\u0142em rejon 2! Pora zacz\u0105\u0107 tegoroczn\u0105 aktywno\u015b\u0107 na terenie dzielnic Kiekrz, Krzy\u017cowniki \u2013 Smochowice, Strzeszyn oraz Podolany. Zapraszamy Was do udzia\u0142u we wsp\u00f3lnej aktywno\u015bci podczas poni\u017cszych zaj\u0119\u0107 sportowo-rekreacyjnych w ramach tegorocznej edycji programu Nasz Sportowy Fyrtel. Zapro\u015bcie rodzin\u0119, znajomych i s\u0105siad\u00f3w \u2014 do\u0142\u0105czcie do nas i zadbajcie o form\u0119 cia\u0142a oraz ducha podczas darmowych zaj\u0119\u0107, [&#8230;]<\/p>\n<p><a class=\"btn btn-secondary understrap-read-more-link\" href=\"https:\/\/sportowyfyrtel.pl\/2\/2026\/04\/11\/kolejna-forma-aktywnosci-startuja-zajecia-typu-nauka-gry-w-tenisa-dla-dzieci-mlodziezy-i-doroslych-na-terenie-szkoly-podstawowej-nr-99-przy-ul-rostworowskiego-15\/\">Czytaj dalej\u2026<\/a><\/p>\n","protected":false},"author":9,"featured_media":0,"comment_status":"closed","ping_status":"closed","sticky":false,"template":"","format":"standard","meta":{"footnotes":""},"categories":[1],"tags":[],"_links":{"self":[{"href":"https:\/\/sportowyfyrtel.pl\/2\/wp-json\/wp\/v2\/posts\/2021"}],"collection":[{"href":"https:\/\/sportowyfyrtel.pl\/2\/wp-json\/wp\/v2\/posts"}],"about":[{"href":"https:\/\/sportowyfyrtel.pl\/2\/wp-json\/wp\/v2\/types\/post"}],"author":[{"embeddable":true,"href":"https:\/\/sportowyfyrtel.pl\/2\/wp-json\/wp\/v2\/users\/9"}],"replies":[{"embeddable":true,"href":"https:\/\/sportowyfyrtel.pl\/2\/wp-json\/wp\/v2\/comments?post=2021"}],"version-history":[{"count":4,"href":"https:\/\/sportowyfyrtel.pl\/2\/wp-json\/wp\/v2\/posts\/2021\/revisions"}],"predecessor-version":[{"id":2033,"href":"https:\/\/sportowyfyrtel.pl\/2\/wp-json\/wp\/v2\/posts\/2021\/revisions\/2033"}],"wp:attachment":[{"href":"https:\/\/sportowyfyrtel.pl\/2\/wp-json\/wp\/v2\/media?parent=2021"}],"wp:term":[{"taxonomy":"category","embeddable":true,"href":"https:\/\/sportowyfyrtel.pl\/2\/wp-json\/wp\/v2\/categories?post=2021"},{"taxonomy":"post_tag","embeddable":true,"href":"https:\/\/sportowyfyrtel.pl\/2\/wp-json\/wp\/v2\/tags?post=2021"}],"curies":[{"name":"wp","href":"https:\/\/api.w.org\/{rel}","templated":true}]}}