{"id":2017,"date":"2026-04-28T12:15:21","date_gmt":"2026-04-28T10:15:21","guid":{"rendered":"https:\/\/sportowyfyrtel.pl\/2\/?p=2017"},"modified":"2026-04-28T12:17:13","modified_gmt":"2026-04-28T10:17:13","slug":"halo-fyrtel-nr-2-nadal-mamy-wolne-miejsca-do-udzialu-w-zajeciach-typu-otwarte-strefy-rekreacji-siatkowka-i-koszykowka-w-szkole-podstawowej-nr-99-przy-ul-rostworowskiego-15","status":"publish","type":"post","link":"https:\/\/sportowyfyrtel.pl\/2\/2026\/04\/28\/halo-fyrtel-nr-2-nadal-mamy-wolne-miejsca-do-udzialu-w-zajeciach-typu-otwarte-strefy-rekreacji-siatkowka-i-koszykowka-w-szkole-podstawowej-nr-99-przy-ul-rostworowskiego-15\/","title":{"rendered":"Halo Fyrtel nr 2! Nadal mamy wolne miejsca do udzia\u0142u w zaj\u0119ciach typu Otwarte Strefy Rekreacji &#8211; Siatk\u00f3wka i Koszyk\u00f3wka w Szkole Podstawowej nr 99 przy ul. Rostworowskiego 15!"},"content":{"rendered":"<p>Czo\u0142em rejon 2! Pora zacz\u0105\u0107 tegoroczn\u0105 aktywno\u015b\u0107 na terenie dzielnic Kiekrz, Krzy\u017cowniki \u2013 Smochowice, Strzeszyn oraz Podolany. Zapraszamy Was do udzia\u0142u we wsp\u00f3lnej aktywno\u015bci podczas poni\u017cszych zaj\u0119\u0107 sportowo-rekreacyjnych w ramach tegorocznej edycji programu Nasz Sportowy Fyrtel.<\/p>\n<p>Zapro\u015bcie rodzin\u0119, znajomych i s\u0105siad\u00f3w \u2014 do\u0142\u0105czcie do nas i zadbajcie o form\u0119 cia\u0142a oraz ducha podczas darmowych zaj\u0119\u0107, kt\u00f3re po raz kolejny (i mamy nadziej\u0119 \u2014 nie ostatni) zagoszcz\u0105 na terenie Waszych osiedli w 2026 roku. Pami\u0119tajcie, \u017ce warunkiem udzia\u0142u w zaj\u0119ciach jest zapisanie si\u0119 na zaj\u0119cia i otrzymanie potwierdzenia od danego trenera, zapoznanie si\u0119 oraz akceptacja regulaminu naszego projektu, a tak\u017ce wydrukowanie, czytelne wype\u0142nienie i dostarczenie O\u015bwiadczenia uczestnika instruktorowi przed pierwszymi zaj\u0119ciami. \u017beby by\u0107 na bie\u017c\u0105co ze wszystkimi informacjami dotycz\u0105cymi projektu Nasz Sportowy Fyrtel, zach\u0119camy do do\u0142\u0105czenia do grupy dedykowanej rejonowi nr 2 na Facebooku, gdzie pojawia\u0107 si\u0119 b\u0119d\u0105 relacje z organizowanych przez nas aktywno\u015bci czy innych wydarze\u0144 sportowo\u2013rekreacyjnych, zdj\u0119cia, filmy, zaproszenia oraz komunikaty. To tam b\u0119dzie mo\u017cna na bie\u017c\u0105co dowiedzie\u0107 si\u0119 wszystkiego o tym, co b\u0119dzie dzia\u0142o si\u0119 w najbli\u017cszych miesi\u0105cach na Waszych osiedlach razem z Naszym Sportowym Fyrtlem.<\/p>\n<p>Pami\u0119tajcie, \u017ce to Wasz projekt \u2014 wybrany przez mieszka\u0144c\u00f3w i tworzony dla mieszka\u0144c\u00f3w. Jego realizacja zale\u017cy w du\u017cej mierze od Waszej regularnej obecno\u015bci, aktywno\u015bci i zaanga\u017cowania!<\/p>\n<hr \/>\n<h3><strong>OTWARTE STREFY REKREACJI \u2013 SIATK\u00d3WKA (OD 18 ROKU \u017bYCIA)<\/strong><\/h3>\n<p>Zapomnij o nudnych treningach i sztywnych regu\u0142ach \u2013 czwartki w SP nr 99 to czas na swobodn\u0105, towarzysk\u0105 gr\u0119 w siatk\u00f3wk\u0119! \u201eOtwarte Strefy Rekreacji\u201d to przestrze\u0144 stworzona dla s\u0105siad\u00f3w, kt\u00f3rzy chc\u0105 po prostu wpa\u015b\u0107 na sal\u0119, odbi\u0107 par\u0119 pi\u0142ek i sp\u0119dzi\u0107 czas w \u015bwietnej, lu\u017anej atmosferze. Nie musisz by\u0107 profesjonalist\u0105 ani zna\u0107 skomplikowanych zagrywek. Liczy si\u0119 czysta rado\u015b\u0107 z gry, wsp\u00f3lny \u015bmiech i sportowa integracja przy siatce. To idealna okazja, by pozna\u0107 ludzi z okolicy, oderwa\u0107 si\u0119 od codziennych obowi\u0105zk\u00f3w i w przyjaznym, towarzyskim gronie porusza\u0107 si\u0119 po prostu dla frajdy. Wpadnij, do\u0142\u0105cz do sk\u0142adu i baw si\u0119 dobrze!<\/p>\n<p><strong>Lokalizacja:<\/strong> Szko\u0142a Podstawowa nr 99 przy ul. Rostworowskiego 15<br \/>\n<strong>Termin:<\/strong> czwartki w godzinach 17:30 \u2013 19:30<br \/>\n<strong>Zapisy:<\/strong> w formie wiadomo\u015bci e-mail o tre\u015bci imi\u0119, nazwisko, numer fyrtla, nazwa zaj\u0119\u0107, lokalizacja zaj\u0119\u0107 pod adres kontaktakademiaruchu@gmail.com<\/p>\n<p>&nbsp;<\/p>\n<h3><strong>OTWARTE STREFY REKREACJI \u2013 KOSZYK\u00d3WKA (OD 18 ROKU \u017bYCIA)<\/strong><\/h3>\n<p>Pi\u0105tkowe wieczory na Rostworowskiego to czas na lu\u017any basket bez presji na wynik. \u201eOtwarte Strefy Rekreacji\u201d w wydaniu koszykarskim to nic innego jak s\u0105siedzka gierka pod koszem w swobodnej, towarzyskiej formie. Chodzi o to, by wsp\u00f3lnie porzuca\u0107, pogra\u0107 3 na 3 lub w pe\u0142nych sk\u0142adach \u2013 tak jak lubicie najbardziej. To otwarta hala dla ka\u017cdego entuzjasty koszyk\u00f3wki, kt\u00f3ry ceni sobie dobr\u0105 zabaw\u0119 i sportowy relaks po ca\u0142ym tygodniu pracy. Przyjd\u017a sam lub ze znajomymi, wejd\u017a na parkiet i poczuj klimat osiedlowego boiska. Czysta gra, zero stresu i 100% s\u0105siedzkiej energii!<\/p>\n<p><strong>Lokalizacja:<\/strong> Szko\u0142a Podstawowa nr 99 przy ul. Rostworowskiego 15<br \/>\n<strong>Termin:<\/strong> pi\u0105tki w godzinach 17:30 \u2013 19:30<br \/>\n<strong>Zapisy:<\/strong> w formie wiadomo\u015bci e-mail o tre\u015bci imi\u0119, nazwisko, numer fyrtla, nazwa zaj\u0119\u0107, lokalizacja zaj\u0119\u0107 pod adres: kontaktakademiaruchu@gmail.com<\/p>\n<hr \/>\n<h3><strong>ZAPOZNAJ SI\u0118!<\/strong><\/h3>\n<p><strong>Program Nasz Sportowy Fyrtel na terenie rejonu nr 2 przeznaczony jest tylko i wy\u0142\u0105cznie dla mieszka\u0144c\u00f3w Miasta Poznania zamieszka\u0142ych w obr\u0119bie dzielnicy Kiekrz, Krzy\u017cowniki \u2013 Smochowice, Strzeszyn i Podolany!<\/strong><\/p>\n<ul>\n<li><strong>Regulamin, kt\u00f3rego akceptacja jest niezb\u0119dna do udzia\u0142u w zaj\u0119ciach sportowo \u2013 rekreacyjnych, wydarzeniach czy innych aktywno\u015bciach w ramach projektu Nasz Sportowy Fyrtel znajdziesz\u00a0<a href=\"https:\/\/sportowyfyrtel.pl\/2\/regulamin\/\">TUTAJ<\/a>.<\/strong><\/li>\n<li><strong>O\u015bwiadczenie uczestnika, kt\u00f3rego wype\u0142nienie jest niezb\u0119dne do udzia\u0142u w naszych zaj\u0119ciach, a kt\u00f3re nale\u017cy starannie i czytelnie wype\u0142ni\u0107, a nast\u0119pnie zwr\u00f3ci\u0107 trenerowi lub instruktorowi pobierzesz\u00a0<a href=\"https:\/\/sportowyfyrtel.pl\/2\/do-pobrania\/\">TUTAJ<\/a>.<\/strong><\/li>\n<li><strong>Plan zaj\u0119\u0107, kt\u00f3ry nale\u017cy \u015bledzi\u0107 \u017ceby sprawdzi\u0107 czy dane zaj\u0119cia nie zosta\u0142y odwo\u0142ane dost\u0119pny jest\u00a0<a href=\"https:\/\/sportowyfyrtel.pl\/2\/godziny-zajec\/\">TUTAJ<\/a>.<\/strong><\/li>\n<li><strong>Opis zaj\u0119\u0107, gdzie mo\u017cecie zapozna\u0107 si\u0119 r\u00f3wnie\u017c z informacjami o danych zaj\u0119ciach, lokalizacj\u0105, a tak\u017ce form\u0105 zapis\u00f3w czeka na Was\u00a0<a href=\"https:\/\/sportowyfyrtel.pl\/2\/opis-zajec\/\">TUTAJ<\/a>.<\/strong><\/li>\n<li><strong>Kliknijcie\u00a0<a href=\"https:\/\/www.facebook.com\/groups\/fyrtel2\">TUTAJ<\/a>, \u017ce do\u0142\u0105czy\u0107 do grupy na portalu Facebook dedykowanej mieszka\u0144com dzielnicy Kiekrz, Krzy\u017cowniki \u2013 Smochowice, Strzeszyn i Podolany, gdzie znajdziecie relacje z zaj\u0119\u0107 czy innych organizowanych aktywno\u015bci, zapowiedzi, komunikaty, a tak\u017ce og\u0142oszenia dotycz\u0105ce realizacji projektu w 2026 roku.<\/strong><\/li>\n<li><strong>Je\u017celi nadal macie jakiekolwiek w\u0105tpliwo\u015bci to zapoznajcie si\u0119 z nasz\u0105 sekcj\u0105 Pyta\u0144 i odpowiedzi, kt\u00f3ra jest dla dost\u0119pna\u00a0<a href=\"https:\/\/sportowyfyrtel.pl\/faq\/\">TUTAJ<\/a>.<\/strong><\/li>\n<\/ul>\n<p><strong>Projekt finansowany ze \u015brodk\u00f3w Wydzia\u0142u Sportu Urz\u0119du Miasta Poznania w ramach Pozna\u0144skiego Bud\u017cetu Obywatelskiego 2026 dzi\u0119ki g\u0142osom mieszka\u0144c\u00f3w Poznania!<\/strong><\/p>\n<p><strong>Problemy czy pytania kierujcie na adres e-mail: 2@sportowyfyrtel.pl, a my postaramy si\u0119 Wam pom\u00f3c najszybciej mo\u017cemy!<\/strong><\/p>\n","protected":false},"excerpt":{"rendered":"<p>Czo\u0142em rejon 2! Pora zacz\u0105\u0107 tegoroczn\u0105 aktywno\u015b\u0107 na terenie dzielnic Kiekrz, Krzy\u017cowniki \u2013 Smochowice, Strzeszyn oraz Podolany. Zapraszamy Was do udzia\u0142u we wsp\u00f3lnej aktywno\u015bci podczas poni\u017cszych zaj\u0119\u0107 sportowo-rekreacyjnych w ramach tegorocznej edycji programu Nasz Sportowy Fyrtel. Zapro\u015bcie rodzin\u0119, znajomych i s\u0105siad\u00f3w \u2014 do\u0142\u0105czcie do nas i zadbajcie o form\u0119 cia\u0142a oraz ducha podczas darmowych zaj\u0119\u0107, [&#8230;]<\/p>\n<p><a class=\"btn btn-secondary understrap-read-more-link\" href=\"https:\/\/sportowyfyrtel.pl\/2\/2026\/04\/28\/halo-fyrtel-nr-2-nadal-mamy-wolne-miejsca-do-udzialu-w-zajeciach-typu-otwarte-strefy-rekreacji-siatkowka-i-koszykowka-w-szkole-podstawowej-nr-99-przy-ul-rostworowskiego-15\/\">Czytaj dalej\u2026<\/a><\/p>\n","protected":false},"author":9,"featured_media":0,"comment_status":"closed","ping_status":"closed","sticky":false,"template":"","format":"standard","meta":{"footnotes":""},"categories":[1],"tags":[],"_links":{"self":[{"href":"https:\/\/sportowyfyrtel.pl\/2\/wp-json\/wp\/v2\/posts\/2017"}],"collection":[{"href":"https:\/\/sportowyfyrtel.pl\/2\/wp-json\/wp\/v2\/posts"}],"about":[{"href":"https:\/\/sportowyfyrtel.pl\/2\/wp-json\/wp\/v2\/types\/post"}],"author":[{"embeddable":true,"href":"https:\/\/sportowyfyrtel.pl\/2\/wp-json\/wp\/v2\/users\/9"}],"replies":[{"embeddable":true,"href":"https:\/\/sportowyfyrtel.pl\/2\/wp-json\/wp\/v2\/comments?post=2017"}],"version-history":[{"count":1,"href":"https:\/\/sportowyfyrtel.pl\/2\/wp-json\/wp\/v2\/posts\/2017\/revisions"}],"predecessor-version":[{"id":2018,"href":"https:\/\/sportowyfyrtel.pl\/2\/wp-json\/wp\/v2\/posts\/2017\/revisions\/2018"}],"wp:attachment":[{"href":"https:\/\/sportowyfyrtel.pl\/2\/wp-json\/wp\/v2\/media?parent=2017"}],"wp:term":[{"taxonomy":"category","embeddable":true,"href":"https:\/\/sportowyfyrtel.pl\/2\/wp-json\/wp\/v2\/categories?post=2017"},{"taxonomy":"post_tag","embeddable":true,"href":"https:\/\/sportowyfyrtel.pl\/2\/wp-json\/wp\/v2\/tags?post=2017"}],"curies":[{"name":"wp","href":"https:\/\/api.w.org\/{rel}","templated":true}]}}