{"id":2011,"date":"2026-03-25T18:58:44","date_gmt":"2026-03-25T17:58:44","guid":{"rendered":"https:\/\/sportowyfyrtel.pl\/2\/?p=2011"},"modified":"2026-03-25T18:58:44","modified_gmt":"2026-03-25T17:58:44","slug":"witaj-wiosno-startuja-zajecia-typu-zumba-w-plenerze-na-boisku-przy-ul-krajeneckiej","status":"publish","type":"post","link":"https:\/\/sportowyfyrtel.pl\/2\/2026\/03\/25\/witaj-wiosno-startuja-zajecia-typu-zumba-w-plenerze-na-boisku-przy-ul-krajeneckiej\/","title":{"rendered":"Witaj wiosno! Startuj\u0105 zaj\u0119cia typu Zumba w plenerze na boisku przy ul. Krajeneckiej!"},"content":{"rendered":"<p>Czo\u0142em rejon 2! Pora zacz\u0105\u0107 tegoroczn\u0105 aktywno\u015b\u0107 na terenie dzielnic Kiekrz, Krzy\u017cowniki \u2013 Smochowice, Strzeszyn oraz Podolany. Zapraszamy Was do udzia\u0142u we wsp\u00f3lnej aktywno\u015bci podczas poni\u017cszych zaj\u0119\u0107 sportowo-rekreacyjnych w ramach tegorocznej edycji programu Nasz Sportowy Fyrtel.<\/p>\n<p>Zapro\u015bcie rodzin\u0119, znajomych i s\u0105siad\u00f3w \u2014 do\u0142\u0105czcie do nas i zadbajcie o form\u0119 cia\u0142a oraz ducha podczas darmowych zaj\u0119\u0107, kt\u00f3re po raz kolejny (i mamy nadziej\u0119 \u2014 nie ostatni) zagoszcz\u0105 na terenie Waszych osiedli w 2026 roku. Pami\u0119tajcie, \u017ce warunkiem udzia\u0142u w zaj\u0119ciach jest zapisanie si\u0119 na zaj\u0119cia i otrzymanie potwierdzenia od danego trenera, zapoznanie si\u0119 oraz akceptacja regulaminu naszego projektu, a tak\u017ce wydrukowanie, czytelne wype\u0142nienie i dostarczenie O\u015bwiadczenia uczestnika instruktorowi przed pierwszymi zaj\u0119ciami. \u017beby by\u0107 na bie\u017c\u0105co ze wszystkimi informacjami dotycz\u0105cymi projektu Nasz Sportowy Fyrtel, zach\u0119camy do do\u0142\u0105czenia do grupy dedykowanej rejonowi nr 2 na Facebooku, gdzie pojawia\u0107 si\u0119 b\u0119d\u0105 relacje z organizowanych przez nas aktywno\u015bci czy innych wydarze\u0144 sportowo\u2013rekreacyjnych, zdj\u0119cia, filmy, zaproszenia oraz komunikaty. To tam b\u0119dzie mo\u017cna na bie\u017c\u0105co dowiedzie\u0107 si\u0119 wszystkiego o tym, co b\u0119dzie dzia\u0142o si\u0119 w najbli\u017cszych miesi\u0105cach na Waszych osiedlach razem z Naszym Sportowym Fyrtlem.<\/p>\n<p>Pami\u0119tajcie, \u017ce to Wasz projekt \u2014 wybrany przez mieszka\u0144c\u00f3w i tworzony dla mieszka\u0144c\u00f3w. Jego realizacja zale\u017cy w du\u017cej mierze od Waszej regularnej obecno\u015bci, aktywno\u015bci i zaanga\u017cowania!<\/p>\n<hr \/>\n<div class=\"entry-content\">\n<h3><strong>ZUMBA<\/strong><\/h3>\n<p>Rozta\u0144cz swoje cia\u0142o i popraw kondycj\u0119 podczas plenerowych zaj\u0119\u0107 Zumba w Naszym Sportowym Fyrtlu! To dynamiczna forma fitnessu \u0142\u0105cz\u0105ca elementy ta\u0144ca latynoameryka\u0144skiego, aerobiku i muzyki o energetycznym rytmie. Zumba to doskona\u0142y spos\u00f3b na spalanie kalorii, popraw\u0119 koordynacji oraz wzmocnienie mi\u0119\u015bni ca\u0142ego cia\u0142a \u2013 a przy tym \u015bwietna zabawa i mo\u017cliwo\u015b\u0107 wyzwolenia pozytywnej energii, tym razem na \u015bwie\u017cym powietrzu. Podczas zaj\u0119\u0107 wykonywane s\u0105 uk\u0142ady taneczne dopasowane do rytmu muzyki, anga\u017cuj\u0105ce zar\u00f3wno nogi, ramiona, jak i mi\u0119\u015bnie tu\u0142owia. Regularne uczestnictwo w zaj\u0119ciach zwi\u0119ksza wytrzyma\u0142o\u015b\u0107, poprawia gibko\u015b\u0107 i r\u00f3wnowag\u0119 oraz sprzyja redukcji stresu. Zaj\u0119cia plenerowe dodatkowo pozwalaj\u0105 cieszy\u0107 si\u0119 \u015bwie\u017cym powietrzem, kontaktem z natur\u0105 i przestrzeni\u0105 na swobodny ruch. Zaj\u0119cia prowadzone s\u0105 w przyjaznej, motywuj\u0105cej atmosferze, z uwzgl\u0119dnieniem mo\u017cliwo\u015bci uczestnik\u00f3w. Instruktorka dba o prawid\u0142ow\u0105 technik\u0119, bezpiecze\u0144stwo i odpowiednie tempo, dzi\u0119ki czemu zar\u00f3wno osoby pocz\u0105tkuj\u0105ce, jak i bardziej zaawansowane mog\u0105 czerpa\u0107 pe\u0142n\u0105 rado\u015b\u0107 z treningu.<\/p>\n<p><strong>Lokalizacja:<\/strong> Boisko przy ul. Krajeneckiej<br \/>\n<strong>Termin:<\/strong> czwartki w godzinach 19:00 \u2013 20:00<br \/>\n<strong>Zapisy:<\/strong> w formie SMS o tre\u015bci imi\u0119, nazwisko, numer fyrtla, nazwa zaj\u0119\u0107, lokalizacja zaj\u0119\u0107, termin i godzina zaj\u0119\u0107 pod nr tel. 508963360 (od dnia 30 marca w godzinach 9:00 \u2013 19:00, odpowiedzi udzielone zostan\u0105 do 48 godzin po otrzymaniu wiadomo\u015bci SMS, zapisy z\u0142o\u017cone przed terminem rozpocz\u0119cia rekrutacji nie b\u0119d\u0105 uwzgl\u0119dnione)<br \/>\n<strong>Start:<\/strong> 7 kwietnia<\/p>\n<\/div>\n<div class=\"entry-content\">\n<hr \/>\n<h3><strong>ZAPOZNAJ SI\u0118!<\/strong><\/h3>\n<p><strong>Program Nasz Sportowy Fyrtel na terenie rejonu nr 2 przeznaczony jest tylko i wy\u0142\u0105cznie dla mieszka\u0144c\u00f3w Miasta Poznania zamieszka\u0142ych w obr\u0119bie dzielnicy Kiekrz, Krzy\u017cowniki \u2013 Smochowice, Strzeszyn i Podolany!<\/strong><\/p>\n<ul>\n<li><strong>Regulamin, kt\u00f3rego akceptacja jest niezb\u0119dna do udzia\u0142u w zaj\u0119ciach sportowo \u2013 rekreacyjnych, wydarzeniach czy innych aktywno\u015bciach w ramach projektu Nasz Sportowy Fyrtel znajdziesz\u00a0<a href=\"https:\/\/sportowyfyrtel.pl\/2\/regulamin\/\">TUTAJ<\/a>.<\/strong><\/li>\n<li><strong>O\u015bwiadczenie uczestnika, kt\u00f3rego wype\u0142nienie jest niezb\u0119dne do udzia\u0142u w naszych zaj\u0119ciach, a kt\u00f3re nale\u017cy starannie i czytelnie wype\u0142ni\u0107, a nast\u0119pnie zwr\u00f3ci\u0107 trenerowi lub instruktorowi pobierzesz\u00a0<a href=\"https:\/\/sportowyfyrtel.pl\/2\/do-pobrania\/\">TUTAJ<\/a>.<\/strong><\/li>\n<li><strong>Plan zaj\u0119\u0107, kt\u00f3ry nale\u017cy \u015bledzi\u0107 \u017ceby sprawdzi\u0107 czy dane zaj\u0119cia nie zosta\u0142y odwo\u0142ane dost\u0119pny jest\u00a0<a href=\"https:\/\/sportowyfyrtel.pl\/2\/godziny-zajec\/\">TUTAJ<\/a>.<\/strong><\/li>\n<li><strong>Opis zaj\u0119\u0107, gdzie mo\u017cecie zapozna\u0107 si\u0119 r\u00f3wnie\u017c z informacjami o danych zaj\u0119ciach, lokalizacj\u0105, a tak\u017ce form\u0105 zapis\u00f3w czeka na Was\u00a0<a href=\"https:\/\/sportowyfyrtel.pl\/2\/opis-zajec\/\">TUTAJ<\/a>.<\/strong><\/li>\n<li><strong>Kliknijcie\u00a0<a href=\"https:\/\/www.facebook.com\/groups\/fyrtel2\">TUTAJ<\/a>, \u017ce do\u0142\u0105czy\u0107 do grupy na portalu Facebook dedykowanej mieszka\u0144com dzielnicy Kiekrz, Krzy\u017cowniki \u2013 Smochowice, Strzeszyn i Podolany, gdzie znajdziecie relacje z zaj\u0119\u0107 czy innych organizowanych aktywno\u015bci, zapowiedzi, komunikaty, a tak\u017ce og\u0142oszenia dotycz\u0105ce realizacji projektu w 2026 roku.<\/strong><\/li>\n<li><strong>Je\u017celi nadal macie jakiekolwiek w\u0105tpliwo\u015bci to zapoznajcie si\u0119 z nasz\u0105 sekcj\u0105 Pyta\u0144 i odpowiedzi, kt\u00f3ra jest dla dost\u0119pna\u00a0<a href=\"https:\/\/sportowyfyrtel.pl\/faq\/\">TUTAJ<\/a>.<\/strong><\/li>\n<\/ul>\n<p><strong>Projekt finansowany ze \u015brodk\u00f3w Wydzia\u0142u Sportu Urz\u0119du Miasta Poznania w ramach Pozna\u0144skiego Bud\u017cetu Obywatelskiego 2026 dzi\u0119ki g\u0142osom mieszka\u0144c\u00f3w Poznania!<\/strong><\/p>\n<p><strong>Problemy czy pytania kierujcie na adres e-mail: 2@sportowyfyrtel.pl, a my postaramy si\u0119 Wam pom\u00f3c najszybciej mo\u017cemy!<\/strong><\/p>\n<\/div>\n","protected":false},"excerpt":{"rendered":"<p>Czo\u0142em rejon 2! Pora zacz\u0105\u0107 tegoroczn\u0105 aktywno\u015b\u0107 na terenie dzielnic Kiekrz, Krzy\u017cowniki \u2013 Smochowice, Strzeszyn oraz Podolany. Zapraszamy Was do udzia\u0142u we wsp\u00f3lnej aktywno\u015bci podczas poni\u017cszych zaj\u0119\u0107 sportowo-rekreacyjnych w ramach tegorocznej edycji programu Nasz Sportowy Fyrtel. Zapro\u015bcie rodzin\u0119, znajomych i s\u0105siad\u00f3w \u2014 do\u0142\u0105czcie do nas i zadbajcie o form\u0119 cia\u0142a oraz ducha podczas darmowych zaj\u0119\u0107, [&#8230;]<\/p>\n<p><a class=\"btn btn-secondary understrap-read-more-link\" href=\"https:\/\/sportowyfyrtel.pl\/2\/2026\/03\/25\/witaj-wiosno-startuja-zajecia-typu-zumba-w-plenerze-na-boisku-przy-ul-krajeneckiej\/\">Czytaj dalej\u2026<\/a><\/p>\n","protected":false},"author":9,"featured_media":0,"comment_status":"closed","ping_status":"closed","sticky":false,"template":"","format":"standard","meta":{"footnotes":""},"categories":[1],"tags":[],"_links":{"self":[{"href":"https:\/\/sportowyfyrtel.pl\/2\/wp-json\/wp\/v2\/posts\/2011"}],"collection":[{"href":"https:\/\/sportowyfyrtel.pl\/2\/wp-json\/wp\/v2\/posts"}],"about":[{"href":"https:\/\/sportowyfyrtel.pl\/2\/wp-json\/wp\/v2\/types\/post"}],"author":[{"embeddable":true,"href":"https:\/\/sportowyfyrtel.pl\/2\/wp-json\/wp\/v2\/users\/9"}],"replies":[{"embeddable":true,"href":"https:\/\/sportowyfyrtel.pl\/2\/wp-json\/wp\/v2\/comments?post=2011"}],"version-history":[{"count":1,"href":"https:\/\/sportowyfyrtel.pl\/2\/wp-json\/wp\/v2\/posts\/2011\/revisions"}],"predecessor-version":[{"id":2012,"href":"https:\/\/sportowyfyrtel.pl\/2\/wp-json\/wp\/v2\/posts\/2011\/revisions\/2012"}],"wp:attachment":[{"href":"https:\/\/sportowyfyrtel.pl\/2\/wp-json\/wp\/v2\/media?parent=2011"}],"wp:term":[{"taxonomy":"category","embeddable":true,"href":"https:\/\/sportowyfyrtel.pl\/2\/wp-json\/wp\/v2\/categories?post=2011"},{"taxonomy":"post_tag","embeddable":true,"href":"https:\/\/sportowyfyrtel.pl\/2\/wp-json\/wp\/v2\/tags?post=2011"}],"curies":[{"name":"wp","href":"https:\/\/api.w.org\/{rel}","templated":true}]}}