{"id":1986,"date":"2026-03-02T20:27:29","date_gmt":"2026-03-02T19:27:29","guid":{"rendered":"https:\/\/sportowyfyrtel.pl\/2\/?p=1986"},"modified":"2026-03-02T20:28:51","modified_gmt":"2026-03-02T19:28:51","slug":"kolejne-nowe-miejsce-sala-w-cim-przy-ul-na-smochowicach","status":"publish","type":"post","link":"https:\/\/sportowyfyrtel.pl\/2\/2026\/03\/02\/kolejne-nowe-miejsce-sala-w-cim-przy-ul-na-smochowicach\/","title":{"rendered":"Poznajcie nowe miejsca na mapie rejonu nr 2! Sala w CIM przy ul. Dar\u0142owskiej 7 na Smochowicach!"},"content":{"rendered":"<p>Czo\u0142em Fyrtel nr 2!\u00a0 Zapraszamy dzieci, m\u0142odzie\u017c, doros\u0142ych i senior\u00f3w zamieszka\u0142ych na terenie dzielnic Kiekrz, Krzy\u017cowniki \u2013 Smochowice, Strzeszyn i Podolany do wsp\u00f3lnej aktywno\u015bci w poni\u017cszych zaj\u0119ciach sportowo \u2013 rekreacyjnych w ramach tegorocznej edycji programu Nasz Sportowy Fyrtel. Zapro\u015bcie rodzin\u0119, znajomych i s\u0105siad\u00f3w \u2014 do\u0142\u0105czcie do nas i zadbajcie o form\u0119 cia\u0142a oraz ducha podczas darmowych zaj\u0119\u0107 sportowo-rekreacyjnych, kt\u00f3re ponownie (i mamy nadziej\u0119 \u2014 nie ostatni!) zagoszcz\u0105 na terenie Waszych osiedli w 2026 roku.<\/p>\n<p>Pami\u0119tajcie, \u017ce to Wasz projekt \u2014 wybrany przez mieszka\u0144c\u00f3w i tworzony dla mieszka\u0144c\u00f3w. Jego realizacja zale\u017cy w du\u017cej mierze od Waszej obecno\u015bci i regularnego udzia\u0142u w zaj\u0119ciach (minimalna \u015brednia frekwencja to 10 os\u00f3b).<\/p>\n<p>Prosimy o stosowanie si\u0119 do wskazanej formy zapis\u00f3w oraz o uszanowanie czasu prywatnego trener\u00f3w i instruktor\u00f3w. Wiadomo\u015bci SMS oraz pr\u00f3by kontaktu telefonicznego w p\u00f3\u017anych godzinach wieczornych i nocnych zaburzaj\u0105 odpoczynek os\u00f3b, kt\u00f3re nast\u0119pnego dnia prowadz\u0105 dla Was zaj\u0119cia i chc\u0105 by\u0107 w pe\u0142ni gotowe do pracy. Warunkiem udzia\u0142u w zaj\u0119ciach jest zaakceptowanie regulaminu, czytelne i staranne wype\u0142nienie oraz podpisanie O\u015bwiadczenia uczestnika, przekazanie dokument\u00f3w trenerowi lub instruktorowi przed pierwszymi zaj\u0119ciami, a tak\u017ce zapisanie si\u0119 na zaj\u0119cia i uzyskanie potwierdzenia od prowadz\u0105cego o przyj\u0119ciu na list\u0119 uczestnik\u00f3w.<\/p>\n<p>\u015aled\u017acie nasze media spo\u0142eczno\u015bciowe i stron\u0119 internetow\u0105, \u017ceby by\u0107 na bie\u017c\u0105co z przygotowanymi zaj\u0119ciami, wydarzeniami czy atrakcjami! Do zobaczenia!<\/p>\n<hr \/>\n<h3><strong>KSZTA\u0141TOWANIE SYLWETKI<\/strong><\/h3>\n<p>Zainwestuj w swoj\u0105 form\u0119 i zbuduj sportow\u0105, pe\u0142n\u0105 energii sylwetk\u0119 podczas zaj\u0119\u0107 skupionych na kompleksowym wzmacnianiu ca\u0142ego cia\u0142a. Program \u201eKszta\u0142towanie Sylwetki\u201d to intensywny trening modeluj\u0105cy, skierowany na uj\u0119drnienie newralgicznych partii: n\u00f3g, po\u015bladk\u00f3w oraz brzucha, przy jednoczesnym dbaniu o silne plecy i ramiona. Pod profesjonalnym okiem instruktora z grupy Marsz Po Zdrowie b\u0119dziesz wykonywa\u0107 \u0107wiczenia, kt\u00f3re poprawiaj\u0105 napi\u0119cie mi\u0119\u015bniowe, wysmuklaj\u0105 cia\u0142o i pomagaj\u0105 w budowaniu si\u0142y funkcjonalnej potrzebnej w codziennym \u017cyciu. Program \u0142\u0105czy elementy treningu si\u0142owego z modelowaniem, co pozwala na bezpieczne i skuteczne rze\u017abienie sylwetki niezale\u017cnie od Twojego aktualnego poziomu zaawansowania. Regularny udzia\u0142 w zaj\u0119ciach sprawi, \u017ce poczujesz si\u0119 silniej, Twoje cia\u0142o stanie si\u0119 bardziej zwarte, a Ty zyskasz dawk\u0119 endorfin, kt\u00f3ra wystarczy na reszt\u0119 tygodnia. To Tw\u00f3j czas na konkretn\u0105 prac\u0119 nad sob\u0105 w motywuj\u0105cej atmosferze!<\/p>\n<p><strong>Lokalizacja:<\/strong> CIM Smochowice przy ul. Dar\u0142owskiej 7<br \/>\n<strong>Termin:<\/strong> wtorki w godzinach 18:00 \u2013 19:00<br \/>\n<strong>Zapisy:<\/strong> w formie wiadomo\u015bci SMS o tre\u015bci imi\u0119, nazwisko, numer fyrtla, nazwa zaj\u0119\u0107, lokalizacja zaj\u0119\u0107 pod nr tel. 791874022 (od dnia 5 marca od godziny 9:00, odpowiedzi udzielone zostan\u0105 do 48 godzin po otrzymaniu wiadomo\u015bci, zapisy przed terminem nie b\u0119d\u0105 uwzgl\u0119dnione!)<br \/>\n<strong>Start:<\/strong> 17 marca<\/p>\n<p>&nbsp;<\/p>\n<h3><strong>ZDROWY KR\u0118GOS\u0141UP<\/strong><\/h3>\n<p>Zadbaj o fundament swojego zdrowia i uwolnij si\u0119 od napi\u0119\u0107 oraz b\u00f3l\u00f3w wynikaj\u0105cych z siedz\u0105cego trybu \u017cycia. Zaj\u0119cia \u201eZdrowy Kr\u0119gos\u0142up\u201d to specjalistyczny trening o charakterze profilaktycznym i terapeutycznym, przygotowany z my\u015bl\u0105 o osobach, kt\u00f3re chc\u0105 poprawi\u0107 swoj\u0105 postaw\u0119 i zwi\u0119kszy\u0107 komfort codziennego funkcjonowania. Pod opiek\u0105 ekspert\u00f3w z Marsz Po Zdrowie b\u0119dziesz wykonywa\u0107 precyzyjne zestawy \u0107wicze\u0144 wzmacniaj\u0105cych mi\u0119\u015bnie przykr\u0119gos\u0142upowe oraz tzw. core (mi\u0119\u015bnie g\u0142\u0119bokie), kt\u00f3re odpowiadaj\u0105 za stabilizacj\u0119 ca\u0142ego cia\u0142a. Program k\u0142adzie ogromny nacisk na mobilno\u015b\u0107 staw\u00f3w, uelastycznienie kr\u0119gos\u0142upa na ka\u017cdym jego odcinku oraz nauk\u0119 prawid\u0142owych wzorc\u00f3w ruchowych i technik oddechowych. To godzina dedykowana Twojemu komfortowi, kt\u00f3ra pozwoli Ci zredukowa\u0107 stres nagromadzony w ciele, poprawi\u0107 kr\u0105\u017cenie i zapobiega\u0107 przysz\u0142ym urazom. Poczuj lekko\u015b\u0107 w ciele i odzyskaj swobod\u0119 ruchu bez ogranicze\u0144!<\/p>\n<p><strong>Lokalizacja:<\/strong> CIM Smochowice przy ul. Dar\u0142owskiej 7<br \/>\n<strong>Termin:<\/strong> wtorki w godzinach 19:00 \u2013 20:00<br \/>\n<strong>Zapisy:<\/strong> w formie wiadomo\u015bci SMS o tre\u015bci imi\u0119, nazwisko, numer fyrtla, nazwa zaj\u0119\u0107, lokalizacja zaj\u0119\u0107 pod nr tel. 791874022 (od dnia 5 marca od godziny 9:00, odpowiedzi udzielone zostan\u0105 do 48 godzin po otrzymaniu wiadomo\u015bci, zapisy przed terminem nie b\u0119d\u0105 uwzgl\u0119dnione!)<br \/>\n<strong>Start:<\/strong> 17 marca<\/p>\n<hr \/>\n<h3><strong>ZAPOZNAJ SI\u0118!<\/strong><\/h3>\n<p><strong>Program Nasz Sportowy Fyrtel na terenie rejonu nr 2 przeznaczony jest tylko i wy\u0142\u0105cznie dla mieszka\u0144c\u00f3w Miasta Poznania zamieszka\u0142ych w obr\u0119bie dzielnicy Kiekrz, Krzy\u017cowniki \u2013 Smochowice, Strzeszyn i Podolany!<\/strong><\/p>\n<ul>\n<li><strong>Regulamin, kt\u00f3rego akceptacja jest niezb\u0119dna do udzia\u0142u w zaj\u0119ciach sportowo \u2013 rekreacyjnych, wydarzeniach czy innych aktywno\u015bciach w ramach projektu Nasz Sportowy Fyrtel znajdziesz\u00a0<a href=\"https:\/\/sportowyfyrtel.pl\/2\/regulamin\/\">TUTAJ<\/a>.<\/strong><\/li>\n<li><strong>O\u015bwiadczenie uczestnika, kt\u00f3rego wype\u0142nienie jest niezb\u0119dne do udzia\u0142u w naszych zaj\u0119ciach, a kt\u00f3re nale\u017cy starannie i czytelnie wype\u0142ni\u0107, a nast\u0119pnie zwr\u00f3ci\u0107 trenerowi lub instruktorowi pobierzesz\u00a0<a href=\"https:\/\/sportowyfyrtel.pl\/2\/do-pobrania\/\">TUTAJ<\/a>.<\/strong><\/li>\n<li><strong>Plan zaj\u0119\u0107, kt\u00f3ry nale\u017cy \u015bledzi\u0107 \u017ceby sprawdzi\u0107 czy dane zaj\u0119cia nie zosta\u0142y odwo\u0142ane dost\u0119pny jest\u00a0<a href=\"https:\/\/sportowyfyrtel.pl\/2\/godziny-zajec\/\">TUTAJ<\/a>.<\/strong><\/li>\n<li><strong>Opis zaj\u0119\u0107, gdzie mo\u017cecie zapozna\u0107 si\u0119 r\u00f3wnie\u017c z informacjami o danych zaj\u0119ciach, lokalizacj\u0105, a tak\u017ce form\u0105 zapis\u00f3w czeka na Was\u00a0<a href=\"https:\/\/sportowyfyrtel.pl\/2\/opis-zajec\/\">TUTAJ<\/a>.<\/strong><\/li>\n<li><strong>Kliknijcie\u00a0<a href=\"https:\/\/www.facebook.com\/groups\/fyrtel2\">TUTAJ<\/a>, \u017ce do\u0142\u0105czy\u0107 do grupy na portalu Facebook dedykowanej mieszka\u0144com dzielnicy Kiekrz, Krzy\u017cowniki \u2013 Smochowice, Strzeszyn i Podolany, gdzie znajdziecie relacje z zaj\u0119\u0107 czy innych organizowanych aktywno\u015bci, zapowiedzi, komunikaty, a tak\u017ce og\u0142oszenia dotycz\u0105ce realizacji projektu w 2026 roku.<\/strong><\/li>\n<li><strong>Je\u017celi nadal macie jakiekolwiek w\u0105tpliwo\u015bci to zapoznajcie si\u0119 z nasz\u0105 sekcj\u0105 Pyta\u0144 i odpowiedzi, kt\u00f3ra jest dla dost\u0119pna\u00a0<a href=\"https:\/\/sportowyfyrtel.pl\/faq\/\">TUTAJ<\/a>.<\/strong><\/li>\n<\/ul>\n<p><strong>Projekt finansowany ze \u015brodk\u00f3w Wydzia\u0142u Sportu Urz\u0119du Miasta Poznania w ramach Pozna\u0144skiego Bud\u017cetu Obywatelskiego 2026 dzi\u0119ki g\u0142osom mieszka\u0144c\u00f3w Poznania!<\/strong><\/p>\n<p><strong>Problemy czy pytania kierujcie na adres e-mail: 2@sportowyfyrtel.pl, a my postaramy si\u0119 Wam pom\u00f3c najszybciej mo\u017cemy!<\/strong><\/p>\n","protected":false},"excerpt":{"rendered":"<p>Czo\u0142em Fyrtel nr 2!\u00a0 Zapraszamy dzieci, m\u0142odzie\u017c, doros\u0142ych i senior\u00f3w zamieszka\u0142ych na terenie dzielnic Kiekrz, Krzy\u017cowniki \u2013 Smochowice, Strzeszyn i Podolany do wsp\u00f3lnej aktywno\u015bci w poni\u017cszych zaj\u0119ciach sportowo \u2013 rekreacyjnych w ramach tegorocznej edycji programu Nasz Sportowy Fyrtel. Zapro\u015bcie rodzin\u0119, znajomych i s\u0105siad\u00f3w \u2014 do\u0142\u0105czcie do nas i zadbajcie o form\u0119 cia\u0142a oraz ducha podczas [&#8230;]<\/p>\n<p><a class=\"btn btn-secondary understrap-read-more-link\" href=\"https:\/\/sportowyfyrtel.pl\/2\/2026\/03\/02\/kolejne-nowe-miejsce-sala-w-cim-przy-ul-na-smochowicach\/\">Czytaj dalej\u2026<\/a><\/p>\n","protected":false},"author":9,"featured_media":0,"comment_status":"closed","ping_status":"closed","sticky":false,"template":"","format":"standard","meta":{"footnotes":""},"categories":[1],"tags":[],"_links":{"self":[{"href":"https:\/\/sportowyfyrtel.pl\/2\/wp-json\/wp\/v2\/posts\/1986"}],"collection":[{"href":"https:\/\/sportowyfyrtel.pl\/2\/wp-json\/wp\/v2\/posts"}],"about":[{"href":"https:\/\/sportowyfyrtel.pl\/2\/wp-json\/wp\/v2\/types\/post"}],"author":[{"embeddable":true,"href":"https:\/\/sportowyfyrtel.pl\/2\/wp-json\/wp\/v2\/users\/9"}],"replies":[{"embeddable":true,"href":"https:\/\/sportowyfyrtel.pl\/2\/wp-json\/wp\/v2\/comments?post=1986"}],"version-history":[{"count":3,"href":"https:\/\/sportowyfyrtel.pl\/2\/wp-json\/wp\/v2\/posts\/1986\/revisions"}],"predecessor-version":[{"id":1990,"href":"https:\/\/sportowyfyrtel.pl\/2\/wp-json\/wp\/v2\/posts\/1986\/revisions\/1990"}],"wp:attachment":[{"href":"https:\/\/sportowyfyrtel.pl\/2\/wp-json\/wp\/v2\/media?parent=1986"}],"wp:term":[{"taxonomy":"category","embeddable":true,"href":"https:\/\/sportowyfyrtel.pl\/2\/wp-json\/wp\/v2\/categories?post=1986"},{"taxonomy":"post_tag","embeddable":true,"href":"https:\/\/sportowyfyrtel.pl\/2\/wp-json\/wp\/v2\/tags?post=1986"}],"curies":[{"name":"wp","href":"https:\/\/api.w.org\/{rel}","templated":true}]}}